{"id":9988,"date":"2023-02-14T06:18:48","date_gmt":"2023-02-14T09:18:48","guid":{"rendered":"https:\/\/g1.globo.com\/pb\/paraiba\/noticia\/2023\/02\/14\/bloco-portadores-da-folia-celebra-30-anos-de-fundacao-com-desfile-em-joao-pessoa.ghtml"},"modified":"2023-02-14T06:18:48","modified_gmt":"2023-02-14T09:18:48","slug":"bloco-portadores-da-folia-celebra-30-anos-de-fundacao-com-desfile-em-joao-pessoa","status":"publish","type":"post","link":"https:\/\/sindaopcpb.org.br\/index.php\/2023\/02\/14\/bloco-portadores-da-folia-celebra-30-anos-de-fundacao-com-desfile-em-joao-pessoa\/","title":{"rendered":"Bloco &#8216;Portadores da Folia&#8217; celebra 30 anos de funda\u00e7\u00e3o com desfile em Jo\u00e3o Pessoa"},"content":{"rendered":"   <img src=\"https:\/\/s2.glbimg.com\/t8z5IJeDgiEwcljrQec9alE2jiM=\/i.s3.glbimg.com\/v1\/AUTH_59edd422c0c84a879bd37670ae4f538a\/internal_photos\/bs\/2023\/b\/a\/4PnQ6zSfSK0jhFIT8EfA\/bloco-portadores-da-folia.jpeg\" \/><br \/>     Bloco que tamb\u00e9m carrega a luta pela inclus\u00e3o desfila nesta ter\u00e7a-feira (14) pelas ruas da capital paraibana celebrando sua hist\u00f3ria. Bloco 'Portadores da Folia', de Jo\u00e3o Pessoa, PB, completa 30 anos de funda\u00e7\u00e3o em 2023\nDivulga\u00e7\u00e3o\/Governo da Para\u00edba\nO Bloco Portadores da Folia est\u00e1 comemorando 30 anos de funda\u00e7\u00e3o este ano. Parte importante do Folia de Rua de Jo\u00e3o Pessoa, o bloco tamb\u00e9m carrega a luta pela inclus\u00e3o, e desfila nesta ter\u00e7a-feira (14) pelas ruas da capital paraibana, celebrando sua hist\u00f3ria.\nLEIA TAMB\u00c9M:\nPrograma\u00e7\u00e3o completa do Folia de Rua 2023, em Jo\u00e3o Pessoa\nO bloco foi criado pela Funda\u00e7\u00e3o Centro Integrado de Apoio ao Portador de Defici\u00eancia (Funad), que \u00e9 refer\u00eancia em atendimento a pessoas com defici\u00eancia em Jo\u00e3o Pessoa. O objetivo \u00e9 incluir e promover a socializa\u00e7\u00e3o entre pessoas com defici\u00eancia e seus familiares.\n\"O Bloco Portadores da Folia re\u00fane entidades para pessoas com defici\u00eancia e mobiliza toda a sociedade, garantindo um espa\u00e7o afetivo das pessoas com defici\u00eancia, no exerc\u00edcio da sua cidadania, al\u00e9m de ser um meio de solidificar a autoestima, concretizando a condi\u00e7\u00e3o de igualdade com a sociedade\", diz a presidente da Funad, Simone Jord\u00e3o.\nBloco Portadores da Folia no Carnaval 2020 de Jo\u00e3o Pessoa, PB\nDivulga\u00e7\u00e3o\/Governo da Para\u00edba\nNesta ter\u00e7a (14) os servidores da Funad devem se unir ao trajeto e auxiliar na condu\u00e7\u00e3o do bloco. Simpatizantes e turistas costumam se juntar aos foli\u00f5es e desfilar juntos, e as Pol\u00edcias Civil, Militar e Corpo de Bombeiros tamb\u00e9m se mobilizam para garantir a seguran\u00e7a.\nO desfile do Bloco Portadores da Folia vai ter concentra\u00e7\u00e3o \u00e0s 14h na Avenida Almirante Tamandar\u00e9, na Praia de Tamba\u00fa, e vai sair do local \u00e0s 16h at\u00e9 o Largo da Gameleira. A Banda Tent\u00e1culos comanda a folia.\nV\u00eddeos mais assistidos do g1 Para\u00edba  ","protected":false},"excerpt":{"rendered":"<p>        Bloco que tamb\u00e9m carrega a luta pela inclus\u00e3o desfila nesta ter\u00e7a-feira (14) pelas ruas da capital paraibana celebrando sua hist\u00f3ria. Bloco &#8216;Portadores da Folia&#8217;, de Jo\u00e3o Pessoa, PB, completa 30 anos de funda\u00e7\u00e3o em 2023<br \/>\nDivulga\u00e7\u00e3o\/Governo da Pa&#8230;<\/p>\n","protected":false},"author":2,"featured_media":0,"comment_status":"closed","ping_status":"closed","sticky":false,"template":"","format":"standard","meta":{"advgb_blocks_editor_width":"","advgb_blocks_columns_visual_guide":"","footnotes":""},"categories":[34],"tags":[35],"class_list":["post-9988","post","type-post","status-publish","format-standard","hentry","category-g1","tag-g1"],"author_meta":{"display_name":"g1 &gt; Para\u00edba","author_link":"https:\/\/sindaopcpb.org.br\/author\/g1-paraiba\/"},"featured_img":null,"coauthors":[],"tax_additional":{"categories":{"linked":["<a href=\"https:\/\/sindaopcpb.org.br\/g1\/\" class=\"advgb-post-tax-term\">G1<\/a>"],"unlinked":["<span class=\"advgb-post-tax-term\">G1<\/span>"]},"tags":{"linked":["<a href=\"https:\/\/sindaopcpb.org.br\/g1\/\" class=\"advgb-post-tax-term\">g1<\/a>"],"unlinked":["<span class=\"advgb-post-tax-term\">g1<\/span>"]}},"comment_count":"0","relative_dates":{"created":"Publicado 3 anos atr\u00e1s","modified":"Atualizado 3 anos atr\u00e1s"},"absolute_dates":{"created":"Publicado em 14 de fevereiro de 2023","modified":"Atualizado em 14 de fevereiro de 2023"},"absolute_dates_time":{"created":"Publicado em 14 de fevereiro de 2023 06:18","modified":"Atualizado em 14 de fevereiro de 2023 06:18"},"featured_img_caption":"","series_order":"","_links":{"self":[{"href":"https:\/\/sindaopcpb.org.br\/index.php\/wp-json\/wp\/v2\/posts\/9988","targetHints":{"allow":["GET"]}}],"collection":[{"href":"https:\/\/sindaopcpb.org.br\/index.php\/wp-json\/wp\/v2\/posts"}],"about":[{"href":"https:\/\/sindaopcpb.org.br\/index.php\/wp-json\/wp\/v2\/types\/post"}],"author":[{"embeddable":true,"href":"https:\/\/sindaopcpb.org.br\/index.php\/wp-json\/wp\/v2\/users\/2"}],"replies":[{"embeddable":true,"href":"https:\/\/sindaopcpb.org.br\/index.php\/wp-json\/wp\/v2\/comments?post=9988"}],"version-history":[{"count":1,"href":"https:\/\/sindaopcpb.org.br\/index.php\/wp-json\/wp\/v2\/posts\/9988\/revisions"}],"predecessor-version":[{"id":9989,"href":"https:\/\/sindaopcpb.org.br\/index.php\/wp-json\/wp\/v2\/posts\/9988\/revisions\/9989"}],"wp:attachment":[{"href":"https:\/\/sindaopcpb.org.br\/index.php\/wp-json\/wp\/v2\/media?parent=9988"}],"wp:term":[{"taxonomy":"category","embeddable":true,"href":"https:\/\/sindaopcpb.org.br\/index.php\/wp-json\/wp\/v2\/categories?post=9988"},{"taxonomy":"post_tag","embeddable":true,"href":"https:\/\/sindaopcpb.org.br\/index.php\/wp-json\/wp\/v2\/tags?post=9988"}],"curies":[{"name":"wp","href":"https:\/\/api.w.org\/{rel}","templated":true}]}}