{"id":9980,"date":"2023-02-13T17:36:28","date_gmt":"2023-02-13T20:36:28","guid":{"rendered":"https:\/\/g1.globo.com\/pb\/paraiba\/noticia\/2023\/02\/13\/pf-investiga-desvio-de-recursos-de-fundo-de-campanha-de-candidato-a-deputado-estadual.ghtml"},"modified":"2023-02-13T17:36:28","modified_gmt":"2023-02-13T20:36:28","slug":"pf-investiga-desvio-de-recursos-de-fundo-de-campanha-de-candidato-a-deputado-estadual","status":"publish","type":"post","link":"https:\/\/sindaopcpb.org.br\/index.php\/2023\/02\/13\/pf-investiga-desvio-de-recursos-de-fundo-de-campanha-de-candidato-a-deputado-estadual\/","title":{"rendered":"PF investiga desvio de recursos de fundo de campanha de candidato a deputado estadual"},"content":{"rendered":"   <img src=\"https:\/\/s2.glbimg.com\/k7c6xZMK00ctcxRYxskyekdhetM=\/i.s3.glbimg.com\/v1\/AUTH_59edd422c0c84a879bd37670ae4f538a\/internal_photos\/bs\/2022\/D\/a\/A4PsGfSzKt2m7z04Oe7g\/whatsapp-image-2022-11-23-at-08.49.09.jpeg\" \/><br \/>     Alvo foi um candidato a deputado estadual que n\u00e3o teve o nome n\u00e3o divulgado. Pol\u00edcia Federal\nDivulga\u00e7\u00e3o\/Pol\u00edcia Federal\nA Pol\u00edcia Federal cumpriu um mandado de busca e apreens\u00e3o na tarde desta segunda-feira (13), em Campina Grande, para apurar o desvio e apropria\u00e7\u00e3o de recursos do Fundo Especial de Financiamento de campanha de um candidato a deputado estadual na Para\u00edba.\nAs equipes apreenderam documentos, anota\u00e7\u00f5es e o aparelho celular do alvo da investiga\u00e7\u00e3o, que n\u00e3o teve o nome divulgado. O mandado foi expedito pela Justi\u00e7a Eleitoral.\nNa \u00faltima ter\u00e7a-feira (7), em uma outra investiga\u00e7\u00e3o tamb\u00e9m no munic\u00edpio de Campina Grande, a Pol\u00edcia Federal deflagrou a Opera\u00e7\u00e3o Talir, que mira a pr\u00e1tica de compra de votos, lavagem de dinheiro e outros il\u00edcitos eleitorais.\nV\u00eddeos mais assistidos do g1 Para\u00edba  ","protected":false},"excerpt":{"rendered":"<p>        Alvo foi um candidato a deputado estadual que n\u00e3o teve o nome n\u00e3o divulgado. Pol\u00edcia Federal<br \/>\nDivulga\u00e7\u00e3o\/Pol\u00edcia Federal<br \/>\nA Pol\u00edcia Federal cumpriu um mandado de busca e apreens\u00e3o na tarde desta segunda-feira (13), em Campina Grande, para apurar &#8230;<\/p>\n","protected":false},"author":2,"featured_media":0,"comment_status":"closed","ping_status":"closed","sticky":false,"template":"","format":"standard","meta":{"advgb_blocks_editor_width":"","advgb_blocks_columns_visual_guide":"","footnotes":""},"categories":[34],"tags":[35],"class_list":["post-9980","post","type-post","status-publish","format-standard","hentry","category-g1","tag-g1"],"author_meta":{"display_name":"g1 &gt; Para\u00edba","author_link":"https:\/\/sindaopcpb.org.br\/author\/g1-paraiba\/"},"featured_img":null,"coauthors":[],"tax_additional":{"categories":{"linked":["<a href=\"https:\/\/sindaopcpb.org.br\/g1\/\" class=\"advgb-post-tax-term\">G1<\/a>"],"unlinked":["<span class=\"advgb-post-tax-term\">G1<\/span>"]},"tags":{"linked":["<a href=\"https:\/\/sindaopcpb.org.br\/g1\/\" class=\"advgb-post-tax-term\">g1<\/a>"],"unlinked":["<span class=\"advgb-post-tax-term\">g1<\/span>"]}},"comment_count":"0","relative_dates":{"created":"Publicado 3 anos atr\u00e1s","modified":"Atualizado 3 anos atr\u00e1s"},"absolute_dates":{"created":"Publicado em 13 de fevereiro de 2023","modified":"Atualizado em 13 de fevereiro de 2023"},"absolute_dates_time":{"created":"Publicado em 13 de fevereiro de 2023 17:36","modified":"Atualizado em 13 de fevereiro de 2023 17:36"},"featured_img_caption":"","series_order":"","_links":{"self":[{"href":"https:\/\/sindaopcpb.org.br\/index.php\/wp-json\/wp\/v2\/posts\/9980","targetHints":{"allow":["GET"]}}],"collection":[{"href":"https:\/\/sindaopcpb.org.br\/index.php\/wp-json\/wp\/v2\/posts"}],"about":[{"href":"https:\/\/sindaopcpb.org.br\/index.php\/wp-json\/wp\/v2\/types\/post"}],"author":[{"embeddable":true,"href":"https:\/\/sindaopcpb.org.br\/index.php\/wp-json\/wp\/v2\/users\/2"}],"replies":[{"embeddable":true,"href":"https:\/\/sindaopcpb.org.br\/index.php\/wp-json\/wp\/v2\/comments?post=9980"}],"version-history":[{"count":1,"href":"https:\/\/sindaopcpb.org.br\/index.php\/wp-json\/wp\/v2\/posts\/9980\/revisions"}],"predecessor-version":[{"id":9981,"href":"https:\/\/sindaopcpb.org.br\/index.php\/wp-json\/wp\/v2\/posts\/9980\/revisions\/9981"}],"wp:attachment":[{"href":"https:\/\/sindaopcpb.org.br\/index.php\/wp-json\/wp\/v2\/media?parent=9980"}],"wp:term":[{"taxonomy":"category","embeddable":true,"href":"https:\/\/sindaopcpb.org.br\/index.php\/wp-json\/wp\/v2\/categories?post=9980"},{"taxonomy":"post_tag","embeddable":true,"href":"https:\/\/sindaopcpb.org.br\/index.php\/wp-json\/wp\/v2\/tags?post=9980"}],"curies":[{"name":"wp","href":"https:\/\/api.w.org\/{rel}","templated":true}]}}