{"id":9976,"date":"2023-02-13T15:45:17","date_gmt":"2023-02-13T18:45:17","guid":{"rendered":"https:\/\/g1.globo.com\/pb\/paraiba\/noticia\/2023\/02\/13\/oito-estabelecimentos-tem-pomadas-apreendidas-em-fiscalizacao-do-procon-em-joao-pessoa.ghtml"},"modified":"2023-02-13T15:45:17","modified_gmt":"2023-02-13T18:45:17","slug":"oito-estabelecimentos-tem-pomadas-apreendidas-em-fiscalizacao-em-joao-pessoa","status":"publish","type":"post","link":"https:\/\/sindaopcpb.org.br\/index.php\/2023\/02\/13\/oito-estabelecimentos-tem-pomadas-apreendidas-em-fiscalizacao-em-joao-pessoa\/","title":{"rendered":"Oito estabelecimentos tem pomadas apreendidas em fiscaliza\u00e7\u00e3o, em Jo\u00e3o Pessoa"},"content":{"rendered":"   <img src=\"https:\/\/s2.glbimg.com\/1x26oHLUL9myzjT0CUaSOlxOBbQ=\/i.s3.glbimg.com\/v1\/AUTH_59edd422c0c84a879bd37670ae4f538a\/internal_photos\/bs\/2023\/v\/S\/26SVPGThAm7iaYdmtSEw\/pomada.jpg\" \/><br \/>     Pomadas apreendidas s\u00e3o para modelar e tran\u00e7ar cabelos e podem gerar casos de queimaduras nas c\u00f3rneas. Pomadas para cabelo\nReprodu\u00e7\u00e3o\/TV Globo\nA Vigil\u00e2ncia Sanit\u00e1ria de Jo\u00e3o Pessoa (GVS-JP) fiscaliza estabelecimentos que comercializam ilegalmente pomadas para modelar e tran\u00e7ar cabelos. Em oito estabelecimentos da capital foram apreendidos os produtos, j\u00e1 que a Ag\u00eancia Nacional de Vigil\u00e2ncia Sanit\u00e1ria (Anvisa) proibiu a comercializa\u00e7\u00e3o, desde a sexta-feira (10), por causarem queimaduras nas c\u00f3rneas. \nSegundo o Minist\u00e9rio P\u00fablico da Para\u00edba (MPPB), nenhum caso dessas les\u00f5es nos olhos foi registrado no estado, mas em contrapartida, estados como Pernambuco, j\u00e1 registraram mais de 300 casos. \nEssas fiscaliza\u00e7\u00f5es em Jo\u00e3o Pessoa s\u00e3o feitas desde janeiro. Al\u00e9m da capital paraibana, cidades como Patos e Cabedelo tiveram produtos do tipo tamb\u00e9m apreendidos. Em Cabedelo, segundo a Vigil\u00e2ncia Sanit\u00e1ria do estado (Agevisa), cerca de 900 potes foram confiscados. \n\u00d3rg\u00e3os como o MPPB, GVS-JP, Sindicato dos Farmac\u00eauticos de Jo\u00e3o Pessoa (Sindifarma), Sindicato das Distribuidoras e Produtos Farmac\u00eauticos (Sindistrifarma) e Associa\u00e7\u00e3o dos Supermercados da Para\u00edba (ASPB) participaram de reuni\u00e3o nesta segunda-feira (13), onde avaliaram a\u00e7\u00f5es em conjunto para determinar os procedimentos que v\u00e3o ser tomados para fiscaliza\u00e7\u00e3o e apreens\u00e3o das pomadas.\nPomadas e les\u00f5es na c\u00f3rnea\nA dona de casa Mayara Santana est\u00e1 usando tamp\u00e3o no olho ap\u00f3s sofrer queimadura na retina ap\u00f3s pomada capilar cair nos olhos\nMayara Santana\/Arquivo pessoal\nCom o relato de muitos casos, a Anvisa determinou de forma preventiva que todas as pomadas para modelar e tran\u00e7ar cabelos est\u00e3o com a comercializa\u00e7\u00e3o proibida e que estes produtos n\u00e3o devem ser utilizados. \nSegundo a Anvisa, os principais sintomas s\u00e3o:\nperda tempor\u00e1ria da vis\u00e3o\nforte ard\u00eancia nos olhos\nlacrimejamento intenso\ncoceira\nvermelhid\u00e3o\nincha\u00e7o ocular\ndor de cabe\u00e7a\nA medida foi tomada quase um ano depois dos primeiros casos registrados pela ag\u00eancia. Na \u00e9poca, a Anvisa proibiu o uso de uma \u00fanica pomada e, desde janeiro deste ano, vinha aumentando a lista de proibi\u00e7\u00f5es, o que n\u00e3o impediu que muitas pomadas continuassem nas prateleiras das lojas.\nV\u00eddeos mais assistidos do g1 Para\u00edba  ","protected":false},"excerpt":{"rendered":"<p>        Pomadas apreendidas s\u00e3o para modelar e tran\u00e7ar cabelos e podem gerar casos de queimaduras nas c\u00f3rneas. Pomadas para cabelo<br \/>\nReprodu\u00e7\u00e3o\/TV Globo<br \/>\nA Vigil\u00e2ncia Sanit\u00e1ria de Jo\u00e3o Pessoa (GVS-JP) fiscaliza estabelecimentos que comercializam ilegalmen&#8230;<\/p>\n","protected":false},"author":2,"featured_media":0,"comment_status":"closed","ping_status":"closed","sticky":false,"template":"","format":"standard","meta":{"advgb_blocks_editor_width":"","advgb_blocks_columns_visual_guide":"","footnotes":""},"categories":[34],"tags":[35],"class_list":["post-9976","post","type-post","status-publish","format-standard","hentry","category-g1","tag-g1"],"author_meta":{"display_name":"g1 &gt; Para\u00edba","author_link":"https:\/\/sindaopcpb.org.br\/author\/g1-paraiba\/"},"featured_img":null,"coauthors":[],"tax_additional":{"categories":{"linked":["<a href=\"https:\/\/sindaopcpb.org.br\/g1\/\" class=\"advgb-post-tax-term\">G1<\/a>"],"unlinked":["<span class=\"advgb-post-tax-term\">G1<\/span>"]},"tags":{"linked":["<a href=\"https:\/\/sindaopcpb.org.br\/g1\/\" class=\"advgb-post-tax-term\">g1<\/a>"],"unlinked":["<span class=\"advgb-post-tax-term\">g1<\/span>"]}},"comment_count":"0","relative_dates":{"created":"Publicado 3 anos atr\u00e1s","modified":"Atualizado 3 anos atr\u00e1s"},"absolute_dates":{"created":"Publicado em 13 de fevereiro de 2023","modified":"Atualizado em 13 de fevereiro de 2023"},"absolute_dates_time":{"created":"Publicado em 13 de fevereiro de 2023 15:45","modified":"Atualizado em 13 de fevereiro de 2023 15:45"},"featured_img_caption":"","series_order":"","_links":{"self":[{"href":"https:\/\/sindaopcpb.org.br\/index.php\/wp-json\/wp\/v2\/posts\/9976","targetHints":{"allow":["GET"]}}],"collection":[{"href":"https:\/\/sindaopcpb.org.br\/index.php\/wp-json\/wp\/v2\/posts"}],"about":[{"href":"https:\/\/sindaopcpb.org.br\/index.php\/wp-json\/wp\/v2\/types\/post"}],"author":[{"embeddable":true,"href":"https:\/\/sindaopcpb.org.br\/index.php\/wp-json\/wp\/v2\/users\/2"}],"replies":[{"embeddable":true,"href":"https:\/\/sindaopcpb.org.br\/index.php\/wp-json\/wp\/v2\/comments?post=9976"}],"version-history":[{"count":1,"href":"https:\/\/sindaopcpb.org.br\/index.php\/wp-json\/wp\/v2\/posts\/9976\/revisions"}],"predecessor-version":[{"id":9977,"href":"https:\/\/sindaopcpb.org.br\/index.php\/wp-json\/wp\/v2\/posts\/9976\/revisions\/9977"}],"wp:attachment":[{"href":"https:\/\/sindaopcpb.org.br\/index.php\/wp-json\/wp\/v2\/media?parent=9976"}],"wp:term":[{"taxonomy":"category","embeddable":true,"href":"https:\/\/sindaopcpb.org.br\/index.php\/wp-json\/wp\/v2\/categories?post=9976"},{"taxonomy":"post_tag","embeddable":true,"href":"https:\/\/sindaopcpb.org.br\/index.php\/wp-json\/wp\/v2\/tags?post=9976"}],"curies":[{"name":"wp","href":"https:\/\/api.w.org\/{rel}","templated":true}]}}