{"id":9949,"date":"2023-02-13T08:28:51","date_gmt":"2023-02-13T11:28:51","guid":{"rendered":"https:\/\/g1.globo.com\/pb\/paraiba\/noticia\/2023\/02\/13\/selecao-da-prefeitura-de-sao-jose-do-sabugi-pb-inicia-inscricoes-nesta-segunda-13.ghtml"},"modified":"2023-02-13T08:28:51","modified_gmt":"2023-02-13T11:28:51","slug":"selecao-da-prefeitura-de-sao-jose-do-sabugi-pb-inicia-inscricoes-nesta-segunda-13","status":"publish","type":"post","link":"https:\/\/sindaopcpb.org.br\/index.php\/2023\/02\/13\/selecao-da-prefeitura-de-sao-jose-do-sabugi-pb-inicia-inscricoes-nesta-segunda-13\/","title":{"rendered":"Sele\u00e7\u00e3o da Prefeitura de S\u00e3o Jos\u00e9 do Sabugi, PB, inicia inscri\u00e7\u00f5es nesta segunda (13)"},"content":{"rendered":"   <img src=\"https:\/\/s2.glbimg.com\/ZQyGbmJqJHAS3CgUQ43SdjPONFU=\/i.s3.glbimg.com\/v1\/AUTH_59edd422c0c84a879bd37670ae4f538a\/internal_photos\/bs\/2023\/c\/O\/BIQs8cQsAfxp1Em55yRw\/1605-concurso-magisterio-104653.webp\" \/><br \/>     Inscri\u00e7\u00f5es podem ser feitas at\u00e9 15 de fevereiro, com vagas oferecidas para cargos tempor\u00e1rios de n\u00edveis m\u00e9dio e superior. Sele\u00e7\u00e3o da Prefeitura de S\u00e3o Jos\u00e9 do Sabugi, PB, inicia inscri\u00e7\u00f5es nesta segunda (13)\nFoto: Prefeitura\/Divulga\u00e7\u00e3o\nInicia nesta segunda-feira (13) o prazo de inscri\u00e7\u00f5es para o processo seletivo da Prefeitura de S\u00e3o Jos\u00e9 do Sabugi, no Serid\u00f3 da Para\u00edba, com 51 vagas para cargos tempor\u00e1rios de n\u00edveis m\u00e9dio e superior. As inscri\u00e7\u00f5es podem ser feitas at\u00e9 15 de fevereiro.\nConfira o edital do processo seletivo\nPara se inscrever, o candidato deve ir at\u00e9 a Escola Municipal Rodrigues Pinto, localizada \u00e0 Rua Manuel Saturnino, n\u00ba 217, no Centro da cidade, das 8h \u00e0s 12h. As taxas de inscri\u00e7\u00e3o custam R$ 60 para fun\u00e7\u00f5es de n\u00edvel m\u00e9dio e R$ 80 para n\u00edvel superior.\nH\u00e1 vagas para as fun\u00e7\u00f5es de:\nAgente de vigil\u00e2ncia sanit\u00e1ria;\nAgente comunit\u00e1rio de sa\u00fade;\nAgente de educa\u00e7\u00e3o em sa\u00fade;\nAssistente social em sa\u00fade;\nAuxiliar de secretaria;\nAuxiliar de sala;\nCuidador educacional;\nProfissional de educa\u00e7\u00e3o f\u00edsica;\nFarmac\u00eautico;\nFisioterapeuta;\nFonoaudi\u00f3logo;\nMotorista categoria D;\nNutricionista;\nOdont\u00f3logo;\nPsic\u00f3logo;\nProfessor da educa\u00e7\u00e3o b\u00e1sica I;\nProfessor da educa\u00e7\u00e3o b\u00e1sica II \u2013 portugu\u00eas;\nProfessor da educa\u00e7\u00e3o b\u00e1sica II \u2013 matem\u00e1tica;\nProfessor da educa\u00e7\u00e3o b\u00e1sica II \u2013 ci\u00eancias;\nProfessor da educa\u00e7\u00e3o b\u00e1sica II \u2013 educa\u00e7\u00e3o f\u00edsica;\nProfessor da educa\u00e7\u00e3o b\u00e1sica II \u2013 l\u00edngua inglesa.\nA sele\u00e7\u00e3o acontecer\u00e1 por meio de entrevista, an\u00e1lise curricular e de t\u00edtulos, e prova pr\u00e1tica em alguns casos. De acordo com o edital, o processo seletivo ter\u00e1 validade pelo prazo de seis meses, a contar da data da publica\u00e7\u00e3o da homologa\u00e7\u00e3o, podendo ser prorrogado por mais seis meses.\nV\u00eddeos mais assistidos do g1 Para\u00edba  ","protected":false},"excerpt":{"rendered":"<p>        Inscri\u00e7\u00f5es podem ser feitas at\u00e9 15 de fevereiro, com vagas oferecidas para cargos tempor\u00e1rios de n\u00edveis m\u00e9dio e superior. Sele\u00e7\u00e3o da Prefeitura de S\u00e3o Jos\u00e9 do Sabugi, PB, inicia inscri\u00e7\u00f5es nesta segunda (13)<br \/>\nFoto: Prefeitura\/Divulga\u00e7\u00e3o<br \/>\nInicia n&#8230;<\/p>\n","protected":false},"author":2,"featured_media":0,"comment_status":"closed","ping_status":"closed","sticky":false,"template":"","format":"standard","meta":{"advgb_blocks_editor_width":"","advgb_blocks_columns_visual_guide":"","footnotes":""},"categories":[34],"tags":[35],"class_list":["post-9949","post","type-post","status-publish","format-standard","hentry","category-g1","tag-g1"],"author_meta":{"display_name":"g1 &gt; Para\u00edba","author_link":"https:\/\/sindaopcpb.org.br\/author\/g1-paraiba\/"},"featured_img":null,"coauthors":[],"tax_additional":{"categories":{"linked":["<a href=\"https:\/\/sindaopcpb.org.br\/g1\/\" class=\"advgb-post-tax-term\">G1<\/a>"],"unlinked":["<span class=\"advgb-post-tax-term\">G1<\/span>"]},"tags":{"linked":["<a href=\"https:\/\/sindaopcpb.org.br\/g1\/\" class=\"advgb-post-tax-term\">g1<\/a>"],"unlinked":["<span class=\"advgb-post-tax-term\">g1<\/span>"]}},"comment_count":"0","relative_dates":{"created":"Publicado 3 anos atr\u00e1s","modified":"Atualizado 3 anos atr\u00e1s"},"absolute_dates":{"created":"Publicado em 13 de fevereiro de 2023","modified":"Atualizado em 13 de fevereiro de 2023"},"absolute_dates_time":{"created":"Publicado em 13 de fevereiro de 2023 08:28","modified":"Atualizado em 13 de fevereiro de 2023 08:28"},"featured_img_caption":"","series_order":"","_links":{"self":[{"href":"https:\/\/sindaopcpb.org.br\/index.php\/wp-json\/wp\/v2\/posts\/9949","targetHints":{"allow":["GET"]}}],"collection":[{"href":"https:\/\/sindaopcpb.org.br\/index.php\/wp-json\/wp\/v2\/posts"}],"about":[{"href":"https:\/\/sindaopcpb.org.br\/index.php\/wp-json\/wp\/v2\/types\/post"}],"author":[{"embeddable":true,"href":"https:\/\/sindaopcpb.org.br\/index.php\/wp-json\/wp\/v2\/users\/2"}],"replies":[{"embeddable":true,"href":"https:\/\/sindaopcpb.org.br\/index.php\/wp-json\/wp\/v2\/comments?post=9949"}],"version-history":[{"count":1,"href":"https:\/\/sindaopcpb.org.br\/index.php\/wp-json\/wp\/v2\/posts\/9949\/revisions"}],"predecessor-version":[{"id":9950,"href":"https:\/\/sindaopcpb.org.br\/index.php\/wp-json\/wp\/v2\/posts\/9949\/revisions\/9950"}],"wp:attachment":[{"href":"https:\/\/sindaopcpb.org.br\/index.php\/wp-json\/wp\/v2\/media?parent=9949"}],"wp:term":[{"taxonomy":"category","embeddable":true,"href":"https:\/\/sindaopcpb.org.br\/index.php\/wp-json\/wp\/v2\/categories?post=9949"},{"taxonomy":"post_tag","embeddable":true,"href":"https:\/\/sindaopcpb.org.br\/index.php\/wp-json\/wp\/v2\/tags?post=9949"}],"curies":[{"name":"wp","href":"https:\/\/api.w.org\/{rel}","templated":true}]}}