{"id":9848,"date":"2023-02-09T08:34:23","date_gmt":"2023-02-09T11:34:23","guid":{"rendered":"https:\/\/g1.globo.com\/pb\/paraiba\/noticia\/2023\/02\/09\/vigilancias-sanitarias-da-pb-devem-recolher-pomadas-capilares-proibidas-de-venda-pela-anvisa.ghtml"},"modified":"2023-02-09T08:34:23","modified_gmt":"2023-02-09T11:34:23","slug":"vigilancias-sanitarias-da-pb-devem-recolher-pomadas-capilares-proibidas-de-venda-pela-anvisa","status":"publish","type":"post","link":"https:\/\/sindaopcpb.org.br\/index.php\/2023\/02\/09\/vigilancias-sanitarias-da-pb-devem-recolher-pomadas-capilares-proibidas-de-venda-pela-anvisa\/","title":{"rendered":"Vigil\u00e2ncias sanit\u00e1rias da PB devem recolher pomadas capilares proibidas de venda pela Anvisa"},"content":{"rendered":"   <img src=\"https:\/\/s2.glbimg.com\/qH1uAIbS87U7SoqFscnMNRHEhPc=\/i.s3.glbimg.com\/v1\/AUTH_59edd422c0c84a879bd37670ae4f538a\/internal_photos\/bs\/2023\/p\/C\/BL3mB7TySRN5afG13ZBw\/pomada-cassu-braids.jpeg\" \/><br \/>     Venda de pelo menos 26 produtos est\u00e1 proibida ap\u00f3s v\u00e1rios relatos de problemas de sa\u00fade por consumidores. Recomenda\u00e7\u00e3o foi feita ap\u00f3s reuni\u00e3o da Agevisa com representantes municipais. Pomada para cabelos \u00e9 poss\u00edvel causadora de danos oculares.\nDivulga\u00e7\u00e3o\nAs vigil\u00e2ncias sanit\u00e1rias municipais da Para\u00edba devem intensificar a fiscaliza\u00e7\u00e3o e apreens\u00e3o de pelo menos 26 pomadas capilares que est\u00e3o proibidas de comercializa\u00e7\u00e3o conforme determina\u00e7\u00e3o da Ag\u00eancia Nacional de Vigil\u00e2ncia Sanit\u00e1ria (Anvisa). Os produtos s\u00e3o alvo de investiga\u00e7\u00e3o ap\u00f3s diversos relatos de irrita\u00e7\u00f5es oculares feitos por consumidores, e a recomenda\u00e7\u00e3o foi feita pela Ag\u00eancia Estadual de Vigil\u00e2ncia Sanit\u00e1ria da Para\u00edba (Agevisa).\nA suspens\u00e3o da venda das pomadas se deu ap\u00f3s v\u00e1rios relatos de consumidores que usaram os produtos e apresentaram rea\u00e7\u00f5es. No total, s\u00e3o 26 produtos de marcas diferentes que est\u00e3o na lista de recolhimento, interdi\u00e7\u00e3o cautelar, suspens\u00e3o e proibi\u00e7\u00e3o da comercializa\u00e7\u00e3o, distribui\u00e7\u00e3o, fabrica\u00e7\u00e3o e uso.\nInflama\u00e7\u00e3o nas c\u00f3rneas ocorreu ap\u00f3s pomada cair nos olhos durante as pr\u00e9vias\nFunda\u00e7\u00e3o Altino Ventura\/Divulga\u00e7\u00e3o\nA recomenda\u00e7\u00e3o da Agevisa se deu ap\u00f3s uma reuni\u00e3o online com coordenadores e inspetores das Vigil\u00e2ncias Sanit\u00e1rias de mais de 100 cidades paraibanas. Segundo o diretor-geral do \u00f3rg\u00e3o, Geraldo Moreira de Menezes, \u00e9 importante que al\u00e9m da fiscaliza\u00e7\u00e3o, haja notifica\u00e7\u00e3o dos eventos adversos.\n\u201cTodos os servi\u00e7os de sa\u00fade do Estado est\u00e3o orientados a notificar qualquer tipo de caso, e \u00e9 importante que as Vigil\u00e2ncias Sanit\u00e1rias municipais tamb\u00e9m orientem os servi\u00e7os municipais de sa\u00fade a comunicar a ocorr\u00eancia de eventos, problemas ou situa\u00e7\u00f5es associadas a produtos e servi\u00e7os. As notifica\u00e7\u00f5es ajudam a Ag\u00eancia a tomar medidas de promo\u00e7\u00e3o e prote\u00e7\u00e3o da sa\u00fade das pessoas\u201d, disse.\nNotificar efeito adverso\nCaso a pessoa tenha algum efeito adverso com algum produto cosm\u00e9tico, ela deve notificar a Anvisa. O relato pode ser enviado atrav\u00e9s de dois links:\nCidad\u00e3o e profissionais de sal\u00e3o de beleza\nProfissional de sa\u00fade\nVeja a lista de produtos de comercializa\u00e7\u00e3o proibida:\nPomada para Tran\u00e7as \u00d4megafix\nPomada Cassu Braids Cassulinha Cabelos;\nPomada Capilar Condicionante Modeladora Fixadora Studio Hair Tran\u00e7as \u2013 Muriel;\nPomada Capilar Condicionante Modeladora Fixadora Studio Hair Onduladas \u2013 Muriel\nPomada Modeladora Fixadora Studio Hair Tran\u00e7as \u2013 Muriel\nPomada Capilar Condicionante Modeladora Studio Hair Extra Forte -Muriel\nPomada Capilar Incolor Elfa\nPomada Modeladora \u2013 Be Black\nPomada Modeladora da Master Hair\nPomada Modeladora Master Fix Cristal Ser Mulher\nPomada Modeladora Master Fix Black Ser Mulher\nPomada Modeladora Para Tran\u00e7as Ewa\nGel Capilar Ultra Fixador Barba Negra\nPomada Modeladora Mr.Cc Hair\nPomada Modeladora Capilar Superfix Ser Mulher\nPomada Modeladora Tradicional \u2013 Alfa Look\u2019s For Men\nPomada Modeladora Feir\u00e3o Dos Cabelos\nPomada Tran\u00e7a \u2013 Master Hair\nKg Cosm\u00e9ticos Pomada Modeladora (Tran\u00e7as, Penteados, Baby Hair) M\u00e1xima Fixa\u00e7\u00e3o\nNatumix Gel Capilar Ultra Fixador\nPomada Black \u2013 Essenza Hair\nBraids Fix \u2013 Fixa\u00e7\u00e3o Forte\nTran\u00e7a Miga Pomada Modeladora Ultra Fixa\u00e7\u00e3o e Defini\u00e7\u00e3o\nMe Solta Pomada Modeladora (Tran\u00e7as, Apliques, Penteados)\nKing Braids Pomada Para Tran\u00e7as\nPomada Capilar Condicionante Modeladora Fixadora Studio Hair Tran\u00e7as \u2013 Muriel (Lote 5278)\nV\u00eddeos mais assistidos da Para\u00edba  ","protected":false},"excerpt":{"rendered":"<p>        Venda de pelo menos 26 produtos est\u00e1 proibida ap\u00f3s v\u00e1rios relatos de problemas de sa\u00fade por consumidores. Recomenda\u00e7\u00e3o foi feita ap\u00f3s reuni\u00e3o da Agevisa com representantes municipais. Pomada para cabelos \u00e9 poss\u00edvel causadora de danos oculares.<br \/>\n&#8230;<\/p>\n","protected":false},"author":2,"featured_media":0,"comment_status":"closed","ping_status":"closed","sticky":false,"template":"","format":"standard","meta":{"advgb_blocks_editor_width":"","advgb_blocks_columns_visual_guide":"","footnotes":""},"categories":[34],"tags":[35],"class_list":["post-9848","post","type-post","status-publish","format-standard","hentry","category-g1","tag-g1"],"author_meta":{"display_name":"g1 &gt; Para\u00edba","author_link":"https:\/\/sindaopcpb.org.br\/author\/g1-paraiba\/"},"featured_img":null,"coauthors":[],"tax_additional":{"categories":{"linked":["<a href=\"https:\/\/sindaopcpb.org.br\/g1\/\" class=\"advgb-post-tax-term\">G1<\/a>"],"unlinked":["<span class=\"advgb-post-tax-term\">G1<\/span>"]},"tags":{"linked":["<a href=\"https:\/\/sindaopcpb.org.br\/g1\/\" class=\"advgb-post-tax-term\">g1<\/a>"],"unlinked":["<span class=\"advgb-post-tax-term\">g1<\/span>"]}},"comment_count":"0","relative_dates":{"created":"Publicado 3 anos atr\u00e1s","modified":"Atualizado 3 anos atr\u00e1s"},"absolute_dates":{"created":"Publicado em 9 de fevereiro de 2023","modified":"Atualizado em 9 de fevereiro de 2023"},"absolute_dates_time":{"created":"Publicado em 9 de fevereiro de 2023 08:34","modified":"Atualizado em 9 de fevereiro de 2023 08:34"},"featured_img_caption":"","series_order":"","_links":{"self":[{"href":"https:\/\/sindaopcpb.org.br\/index.php\/wp-json\/wp\/v2\/posts\/9848","targetHints":{"allow":["GET"]}}],"collection":[{"href":"https:\/\/sindaopcpb.org.br\/index.php\/wp-json\/wp\/v2\/posts"}],"about":[{"href":"https:\/\/sindaopcpb.org.br\/index.php\/wp-json\/wp\/v2\/types\/post"}],"author":[{"embeddable":true,"href":"https:\/\/sindaopcpb.org.br\/index.php\/wp-json\/wp\/v2\/users\/2"}],"replies":[{"embeddable":true,"href":"https:\/\/sindaopcpb.org.br\/index.php\/wp-json\/wp\/v2\/comments?post=9848"}],"version-history":[{"count":1,"href":"https:\/\/sindaopcpb.org.br\/index.php\/wp-json\/wp\/v2\/posts\/9848\/revisions"}],"predecessor-version":[{"id":9849,"href":"https:\/\/sindaopcpb.org.br\/index.php\/wp-json\/wp\/v2\/posts\/9848\/revisions\/9849"}],"wp:attachment":[{"href":"https:\/\/sindaopcpb.org.br\/index.php\/wp-json\/wp\/v2\/media?parent=9848"}],"wp:term":[{"taxonomy":"category","embeddable":true,"href":"https:\/\/sindaopcpb.org.br\/index.php\/wp-json\/wp\/v2\/categories?post=9848"},{"taxonomy":"post_tag","embeddable":true,"href":"https:\/\/sindaopcpb.org.br\/index.php\/wp-json\/wp\/v2\/tags?post=9848"}],"curies":[{"name":"wp","href":"https:\/\/api.w.org\/{rel}","templated":true}]}}