{"id":9839,"date":"2023-02-09T06:35:13","date_gmt":"2023-02-09T09:35:13","guid":{"rendered":"https:\/\/g1.globo.com\/pb\/paraiba\/noticia\/2023\/02\/09\/confira-programacao-completa-do-folia-de-rua-2023-em-joao-pessoa.ghtml"},"modified":"2023-02-09T06:35:13","modified_gmt":"2023-02-09T09:35:13","slug":"confira-programacao-completa-do-folia-de-rua-2023-em-joao-pessoa","status":"publish","type":"post","link":"https:\/\/sindaopcpb.org.br\/index.php\/2023\/02\/09\/confira-programacao-completa-do-folia-de-rua-2023-em-joao-pessoa\/","title":{"rendered":"Confira programa\u00e7\u00e3o completa do Folia de Rua 2023, em Jo\u00e3o Pessoa"},"content":{"rendered":"   <img src=\"https:\/\/s2.glbimg.com\/9aACkPo-Y03cuBEtSpESJftSnhk=\/i.s3.glbimg.com\/v1\/AUTH_59edd422c0c84a879bd37670ae4f538a\/internal_photos\/bs\/2020\/j\/7\/3z5UnvSdWB7ZufZqVWvw\/img-20200215-wa0001.jpg\" \/><br \/>     Atra\u00e7\u00f5es v\u00e3o at\u00e9 o dia 20 de fevereiro e entre os nomes confirmados est\u00e3o Margareth Menezes (atual ministra da Cultura do Governo Lula), Bell Marques, Elba Ramalho e Alok.  \nTrio com Bell Marques vai animar o Folia de Rua 2020 em Jo\u00e3o Pessoa\nIgor do \u00d3\/Bloco Vumbora\nA programa\u00e7\u00e3o do Folia de Rua 2023, parte do pr\u00e9-carnaval e do carnaval da capital paraibana, come\u00e7a nesta quinta-feira (9). Confira abaixo a programa\u00e7\u00e3o completa.\nCom o apoio da Prefeitura, as festas v\u00e3o at\u00e9 o dia 20 de fevereiro. Entre as atra\u00e7\u00f5es confirmadas, nomes como Margareth Menezes (atual ministra da Cultura do Governo Lula), Bell Marques, Elba Ramalho e Alok.\nLEIA TAMB\u00c9M:\nFim de semana tem altera\u00e7\u00e3o no tr\u00e2nsito para carnaval de rua, em Jo\u00e3o Pessoa\nOs desfiles do Folia de Rua ser\u00e3o iniciados na sexta-feira (10), depois da abertura.\nPrograma\u00e7\u00e3o completa do Folia de Rua 2023\nDia 9 - Abertura oficial\n17h30 - Confete e serpentina no Centro Hist\u00f3rico\n17h30 - Anjo Azul no Centro Hist\u00f3rico\n18h - Folia Cidad\u00e3 no Centro Hist\u00f3rico\n18h - Bloco dos Piratas nos Banc\u00e1rio\n19h - Abertura oficial com Margareth Menezesno Ponto de Cem R\u00e9is\n19h - Cueca no Beco Filipeia\n21h - Bloco dos Pinguin na Pra\u00e7a Rio Branco\nDia 10 - Vumbora (com cord\u00e3o de isolamento e abad\u00e1)\n20h - Bloco Vumbora na Epit\u00e1cio Pessoa\n21h - Cord\u00e3o do Frevo Rasgado na Epit\u00e1cio Pessoa\nDia 11 - Bloco dos Atletas\n12h - Imprensados no Centro Hist\u00f3rico\n16h - Agitada Gang na Epit\u00e1cio Pessoa\n19h - Maluco Beleza nos Banc\u00e1rios\n18h - Galo do 13 de Maio no Bairro 13 de Maio\n18h - Flatorre na Torre\n18h - Boi Vermelho em Jabuaribe\n19h - Peruas do Valentina no Valentina\n19h - Eternamente Flamengo no Ernani S\u00e1tiro\n19h - Desmantelados do Cristo no Cristo\n19h - Virgens de Mangabeira em Mangabeira\n20h - Bloco dos Atletas na Epit\u00e1cio Pessoa\n20h - Tambi\u00e1 Folia com Tatau na Pra\u00e7a Prefeito Manoel Moreira da N\u00f3brega, Tambi\u00e1\n20h - Banho de Cheiro com Patchanka na Epit\u00e1cio Pessoa\nDia 12 - Virgens de Tamba\u00fa\n16h - Vi\u00favas da Torre na Torre\n20h - Virgens de Tamba\u00fa com Psirico na Epit\u00e1cio Pessoa\nDia 13 - Muri\u00e7oquinhas e Melhor Idade na Epit\u00e1cio Pessoa \u00e0s 17h\nDia 14 - Portadores da Folia\n15h - Portadores da Folia em Tamba\u00fa\n18h - Jaguaribe Folia em Mana\u00edra\n23h59 - Acorde Miramar no Miramar\nDia 15 - Muri\u00e7ocas do Miramar\n20h - Muri\u00e7ocas do Miramar com Fuba, Elba Ramalho e Alok na Epit\u00e1cio Pessoa\nDia 17 - Cafu\u00e7u \n16h - Cantinho do Tet\u00e9u no Jardim Oceania\n19h - Jacar\u00e9 do Castelo no Castelo Branco\n19h - Bom Demais em Cruz das Armas\n18h - Cafu\u00e7u na Pra\u00e7a Rio Branco, no Centro\n18h30 - Vi\u00favas do Bela Vista no Conjunto Bela Vista\n19h - Bloco da Saudade no Castelo Branco \nDia 18 - Bloco Vaca Morta\n11h28 - Elefante da Torre na Torre\n16h - Boi Bessa no Bessa\n20h - Urso Gay no Managabeira VII\n21h - Vaca Morta com Val Valim na Pra\u00e7a da Conquista, Padre Z\u00e9\nV\u00eddeos mais assistidos do g1 Para\u00edba  ","protected":false},"excerpt":{"rendered":"<p>        Atra\u00e7\u00f5es v\u00e3o at\u00e9 o dia 20 de fevereiro e entre os nomes confirmados est\u00e3o Margareth Menezes (atual ministra da Cultura do Governo Lula), Bell Marques, Elba Ramalho e Alok.<br \/>\nTrio com Bell Marques vai animar o Folia de Rua 2020 em Jo\u00e3o Pessoa<br \/>\nIg&#8230;<\/p>\n","protected":false},"author":2,"featured_media":0,"comment_status":"closed","ping_status":"closed","sticky":false,"template":"","format":"standard","meta":{"advgb_blocks_editor_width":"","advgb_blocks_columns_visual_guide":"","footnotes":""},"categories":[34],"tags":[35],"class_list":["post-9839","post","type-post","status-publish","format-standard","hentry","category-g1","tag-g1"],"author_meta":{"display_name":"g1 &gt; Para\u00edba","author_link":"https:\/\/sindaopcpb.org.br\/author\/g1-paraiba\/"},"featured_img":null,"coauthors":[],"tax_additional":{"categories":{"linked":["<a href=\"https:\/\/sindaopcpb.org.br\/g1\/\" class=\"advgb-post-tax-term\">G1<\/a>"],"unlinked":["<span class=\"advgb-post-tax-term\">G1<\/span>"]},"tags":{"linked":["<a href=\"https:\/\/sindaopcpb.org.br\/g1\/\" class=\"advgb-post-tax-term\">g1<\/a>"],"unlinked":["<span class=\"advgb-post-tax-term\">g1<\/span>"]}},"comment_count":"0","relative_dates":{"created":"Publicado 3 anos atr\u00e1s","modified":"Atualizado 3 anos atr\u00e1s"},"absolute_dates":{"created":"Publicado em 9 de fevereiro de 2023","modified":"Atualizado em 9 de fevereiro de 2023"},"absolute_dates_time":{"created":"Publicado em 9 de fevereiro de 2023 06:35","modified":"Atualizado em 9 de fevereiro de 2023 06:35"},"featured_img_caption":"","series_order":"","_links":{"self":[{"href":"https:\/\/sindaopcpb.org.br\/index.php\/wp-json\/wp\/v2\/posts\/9839","targetHints":{"allow":["GET"]}}],"collection":[{"href":"https:\/\/sindaopcpb.org.br\/index.php\/wp-json\/wp\/v2\/posts"}],"about":[{"href":"https:\/\/sindaopcpb.org.br\/index.php\/wp-json\/wp\/v2\/types\/post"}],"author":[{"embeddable":true,"href":"https:\/\/sindaopcpb.org.br\/index.php\/wp-json\/wp\/v2\/users\/2"}],"replies":[{"embeddable":true,"href":"https:\/\/sindaopcpb.org.br\/index.php\/wp-json\/wp\/v2\/comments?post=9839"}],"version-history":[{"count":2,"href":"https:\/\/sindaopcpb.org.br\/index.php\/wp-json\/wp\/v2\/posts\/9839\/revisions"}],"predecessor-version":[{"id":9888,"href":"https:\/\/sindaopcpb.org.br\/index.php\/wp-json\/wp\/v2\/posts\/9839\/revisions\/9888"}],"wp:attachment":[{"href":"https:\/\/sindaopcpb.org.br\/index.php\/wp-json\/wp\/v2\/media?parent=9839"}],"wp:term":[{"taxonomy":"category","embeddable":true,"href":"https:\/\/sindaopcpb.org.br\/index.php\/wp-json\/wp\/v2\/categories?post=9839"},{"taxonomy":"post_tag","embeddable":true,"href":"https:\/\/sindaopcpb.org.br\/index.php\/wp-json\/wp\/v2\/tags?post=9839"}],"curies":[{"name":"wp","href":"https:\/\/api.w.org\/{rel}","templated":true}]}}