{"id":9837,"date":"2023-02-08T21:22:45","date_gmt":"2023-02-09T00:22:45","guid":{"rendered":"https:\/\/g1.globo.com\/pb\/paraiba\/noticia\/2023\/02\/08\/pedro-santos-e-o-novo-secretario-de-cultura-do-governo-da-paraiba.ghtml"},"modified":"2023-02-08T21:22:45","modified_gmt":"2023-02-09T00:22:45","slug":"pedro-santos-e-o-novo-secretario-de-cultura-do-governo-da-paraiba","status":"publish","type":"post","link":"https:\/\/sindaopcpb.org.br\/index.php\/2023\/02\/08\/pedro-santos-e-o-novo-secretario-de-cultura-do-governo-da-paraiba\/","title":{"rendered":"Pedro Santos \u00e9 o novo secret\u00e1rio de Cultura do Governo da Para\u00edba"},"content":{"rendered":"   <img src=\"https:\/\/s2.glbimg.com\/gYAgumc-yg6xyqbDNXFE2xWcSAM=\/i.s3.glbimg.com\/v1\/AUTH_59edd422c0c84a879bd37670ae4f538a\/internal_photos\/bs\/2023\/Z\/c\/xBIi9URXC4dg2DcDhVTg\/pedro-santos.jpeg\" \/><br \/>     Novo secret\u00e1rio ocupava at\u00e9 ent\u00e3o o cargo de presidente da Funda\u00e7\u00e3o Espa\u00e7o Cultural (Funesc). Pedro Santos \u00e9 o novo secret\u00e1rio de Cultura do Governo da Para\u00edba\nSecom-PB\nO produtor cultural e jornalista Pedro Santos \u00e9 o novo secret\u00e1rio estadual da Cultura do Governo da Para\u00edba. Ele ocupava at\u00e9 ent\u00e3o a presid\u00eancia da Funda\u00e7\u00e3o Espa\u00e7o Cultural (Funesc) e nesta quarta-feira (8) teve o seu nome confirmado pelo governador Jo\u00e3o Azev\u00eado (PSB) para a nova fun\u00e7\u00e3o. Ele substitui o professor e escritor Dami\u00e3o Ramos Cavalcanti no cargo.\nPedro Santos iniciou sua trajet\u00f3ria nas pol\u00edticas culturais como analista t\u00e9cnico em gest\u00e3o cultural do Minist\u00e9rio da Cultura e na Para\u00edba coordenou a 3\u00aa Confer\u00eancia Estadual de Cultura, a Rede Estadual de Pontos de Cultura, o Fundo de Incentivo \u00e0 Cultura e a primeira etapa de implementa\u00e7\u00e3o da Lei Aldir Blanc. \nO governador anunciou ainda o turism\u00f3logo Ferdinando Lucena como novo presidente da Empresa Paraibana de Turismo (PBTur) e a soci\u00f3loga Bia Cagliani para substituir Pedro Santos na Funesc.\nV\u00eddeos mais assistidos da Para\u00edba  ","protected":false},"excerpt":{"rendered":"<p>        Novo secret\u00e1rio ocupava at\u00e9 ent\u00e3o o cargo de presidente da Funda\u00e7\u00e3o Espa\u00e7o Cultural (Funesc). Pedro Santos \u00e9 o novo secret\u00e1rio de Cultura do Governo da Para\u00edba<br \/>\nSecom-PB<br \/>\nO produtor cultural e jornalista Pedro Santos \u00e9 o novo secret\u00e1rio estadual &#8230;<\/p>\n","protected":false},"author":2,"featured_media":0,"comment_status":"closed","ping_status":"closed","sticky":false,"template":"","format":"standard","meta":{"advgb_blocks_editor_width":"","advgb_blocks_columns_visual_guide":"","footnotes":""},"categories":[34],"tags":[35],"class_list":["post-9837","post","type-post","status-publish","format-standard","hentry","category-g1","tag-g1"],"author_meta":{"display_name":"g1 &gt; Para\u00edba","author_link":"https:\/\/sindaopcpb.org.br\/author\/g1-paraiba\/"},"featured_img":null,"coauthors":[],"tax_additional":{"categories":{"linked":["<a href=\"https:\/\/sindaopcpb.org.br\/g1\/\" class=\"advgb-post-tax-term\">G1<\/a>"],"unlinked":["<span class=\"advgb-post-tax-term\">G1<\/span>"]},"tags":{"linked":["<a href=\"https:\/\/sindaopcpb.org.br\/g1\/\" class=\"advgb-post-tax-term\">g1<\/a>"],"unlinked":["<span class=\"advgb-post-tax-term\">g1<\/span>"]}},"comment_count":"0","relative_dates":{"created":"Publicado 3 anos atr\u00e1s","modified":"Atualizado 3 anos atr\u00e1s"},"absolute_dates":{"created":"Publicado em 8 de fevereiro de 2023","modified":"Atualizado em 8 de fevereiro de 2023"},"absolute_dates_time":{"created":"Publicado em 8 de fevereiro de 2023 21:22","modified":"Atualizado em 8 de fevereiro de 2023 21:22"},"featured_img_caption":"","series_order":"","_links":{"self":[{"href":"https:\/\/sindaopcpb.org.br\/index.php\/wp-json\/wp\/v2\/posts\/9837","targetHints":{"allow":["GET"]}}],"collection":[{"href":"https:\/\/sindaopcpb.org.br\/index.php\/wp-json\/wp\/v2\/posts"}],"about":[{"href":"https:\/\/sindaopcpb.org.br\/index.php\/wp-json\/wp\/v2\/types\/post"}],"author":[{"embeddable":true,"href":"https:\/\/sindaopcpb.org.br\/index.php\/wp-json\/wp\/v2\/users\/2"}],"replies":[{"embeddable":true,"href":"https:\/\/sindaopcpb.org.br\/index.php\/wp-json\/wp\/v2\/comments?post=9837"}],"version-history":[{"count":1,"href":"https:\/\/sindaopcpb.org.br\/index.php\/wp-json\/wp\/v2\/posts\/9837\/revisions"}],"predecessor-version":[{"id":9838,"href":"https:\/\/sindaopcpb.org.br\/index.php\/wp-json\/wp\/v2\/posts\/9837\/revisions\/9838"}],"wp:attachment":[{"href":"https:\/\/sindaopcpb.org.br\/index.php\/wp-json\/wp\/v2\/media?parent=9837"}],"wp:term":[{"taxonomy":"category","embeddable":true,"href":"https:\/\/sindaopcpb.org.br\/index.php\/wp-json\/wp\/v2\/categories?post=9837"},{"taxonomy":"post_tag","embeddable":true,"href":"https:\/\/sindaopcpb.org.br\/index.php\/wp-json\/wp\/v2\/tags?post=9837"}],"curies":[{"name":"wp","href":"https:\/\/api.w.org\/{rel}","templated":true}]}}