{"id":9702,"date":"2023-02-06T12:21:59","date_gmt":"2023-02-06T15:21:59","guid":{"rendered":"https:\/\/g1.globo.com\/pb\/paraiba\/noticia\/2023\/02\/06\/matriculas-em-escolas-da-rede-estadual-serao-reabertas-nesta-terca-feira-7.ghtml"},"modified":"2023-02-06T12:21:59","modified_gmt":"2023-02-06T15:21:59","slug":"matriculas-em-escolas-da-rede-estadual-sao-reabertas-nesta-terca-feira-7","status":"publish","type":"post","link":"https:\/\/sindaopcpb.org.br\/index.php\/2023\/02\/06\/matriculas-em-escolas-da-rede-estadual-sao-reabertas-nesta-terca-feira-7\/","title":{"rendered":"Matr\u00edculas em escolas da rede estadual s\u00e3o reabertas nesta ter\u00e7a-feira (7)"},"content":{"rendered":"   <img src=\"https:\/\/s2.glbimg.com\/EwwL-WXMeb-2Cs4wgLe9aPNbSos=\/i.s3.glbimg.com\/v1\/AUTH_59edd422c0c84a879bd37670ae4f538a\/internal_photos\/bs\/2022\/P\/r\/w7lgfFT1uUusRKkgaVlA\/saladeaulapatospb.jpeg\" \/><br \/>   Aulas do ano letivo 2023 tamb\u00e9m come\u00e7am na ter\u00e7a. S\u00e3o esperadas pelo menos mais 20 mil matr\u00edculas. Escola na Para\u00edba\nPrefeitura de Patos\/Divulga\u00e7\u00e3o\nAs matr\u00edculas em escolas da rede estadual da Para\u00edba ser\u00e3o reabertas na ter\u00e7a-feira (7), mesma data em que as aulas deste ano letivo come\u00e7ar\u00e3o.\nO prazo ser\u00e1 reaberto especialmente para quem n\u00e3o conseguiu se matricular no prazo inicial. Mas quem n\u00e3o teve a matr\u00edcula confirmada pelo sistema tamb\u00e9m deve ir a uma escola.\nCompartilhe esta not\u00edcia pelo Whatsapp\nCompartilhe esta not\u00edcia pelo Telegram\nDe acordo com o secret\u00e1rio estadual de educa\u00e7\u00e3o, Cl\u00e1udio Furtado, pelo menos 20 mil estudantes ainda devem se matricular ap\u00f3s a reabertura do procedimento. \nPara se matricular, a partir da ter\u00e7a-feira, o aluno deve apresentar os seguintes documentos:\nCPF;\nRG;\nComprovante de quita\u00e7\u00e3o eleitoral;\nComprovante de quita\u00e7\u00e3o com o Servi\u00e7o Militar;\nCart\u00e3o de vacina\u00e7\u00e3o;\nDocumenta\u00e7\u00e3o da escola anterior, a exemplo de hist\u00f3rico.\nO prazo ficar\u00e1 aberto sem uma data definida para ser encerrado. \nAl\u00e9m disso, a rede estadual tamb\u00e9m far\u00e1 uma busca ativa pelos alunos que n\u00e3o se matricularam e n\u00e3o est\u00e3o procurando as escolas.\nV\u00eddeos mais assistidos do g1 Para\u00edba ","protected":false},"excerpt":{"rendered":"<p>      Aulas do ano letivo 2023 tamb\u00e9m come\u00e7am na ter\u00e7a. S\u00e3o esperadas pelo menos mais 20 mil matr\u00edculas. Escola na Para\u00edba<br \/>\nPrefeitura de Patos\/Divulga\u00e7\u00e3o<br \/>\nAs matr\u00edculas em escolas da rede estadual da Para\u00edba ser\u00e3o reabertas na ter\u00e7a-feira (7), mesma dat&#8230;<\/p>\n","protected":false},"author":2,"featured_media":0,"comment_status":"closed","ping_status":"closed","sticky":false,"template":"","format":"standard","meta":{"advgb_blocks_editor_width":"","advgb_blocks_columns_visual_guide":"","footnotes":""},"categories":[34],"tags":[35],"class_list":["post-9702","post","type-post","status-publish","format-standard","hentry","category-g1","tag-g1"],"author_meta":{"display_name":"g1 &gt; Para\u00edba","author_link":"https:\/\/sindaopcpb.org.br\/author\/g1-paraiba\/"},"featured_img":null,"coauthors":[],"tax_additional":{"categories":{"linked":["<a href=\"https:\/\/sindaopcpb.org.br\/g1\/\" class=\"advgb-post-tax-term\">G1<\/a>"],"unlinked":["<span class=\"advgb-post-tax-term\">G1<\/span>"]},"tags":{"linked":["<a href=\"https:\/\/sindaopcpb.org.br\/g1\/\" class=\"advgb-post-tax-term\">g1<\/a>"],"unlinked":["<span class=\"advgb-post-tax-term\">g1<\/span>"]}},"comment_count":"0","relative_dates":{"created":"Publicado 3 anos atr\u00e1s","modified":"Atualizado 3 anos atr\u00e1s"},"absolute_dates":{"created":"Publicado em 6 de fevereiro de 2023","modified":"Atualizado em 6 de fevereiro de 2023"},"absolute_dates_time":{"created":"Publicado em 6 de fevereiro de 2023 12:21","modified":"Atualizado em 6 de fevereiro de 2023 12:21"},"featured_img_caption":"","series_order":"","_links":{"self":[{"href":"https:\/\/sindaopcpb.org.br\/index.php\/wp-json\/wp\/v2\/posts\/9702","targetHints":{"allow":["GET"]}}],"collection":[{"href":"https:\/\/sindaopcpb.org.br\/index.php\/wp-json\/wp\/v2\/posts"}],"about":[{"href":"https:\/\/sindaopcpb.org.br\/index.php\/wp-json\/wp\/v2\/types\/post"}],"author":[{"embeddable":true,"href":"https:\/\/sindaopcpb.org.br\/index.php\/wp-json\/wp\/v2\/users\/2"}],"replies":[{"embeddable":true,"href":"https:\/\/sindaopcpb.org.br\/index.php\/wp-json\/wp\/v2\/comments?post=9702"}],"version-history":[{"count":1,"href":"https:\/\/sindaopcpb.org.br\/index.php\/wp-json\/wp\/v2\/posts\/9702\/revisions"}],"predecessor-version":[{"id":9703,"href":"https:\/\/sindaopcpb.org.br\/index.php\/wp-json\/wp\/v2\/posts\/9702\/revisions\/9703"}],"wp:attachment":[{"href":"https:\/\/sindaopcpb.org.br\/index.php\/wp-json\/wp\/v2\/media?parent=9702"}],"wp:term":[{"taxonomy":"category","embeddable":true,"href":"https:\/\/sindaopcpb.org.br\/index.php\/wp-json\/wp\/v2\/categories?post=9702"},{"taxonomy":"post_tag","embeddable":true,"href":"https:\/\/sindaopcpb.org.br\/index.php\/wp-json\/wp\/v2\/tags?post=9702"}],"curies":[{"name":"wp","href":"https:\/\/api.w.org\/{rel}","templated":true}]}}