{"id":9607,"date":"2023-02-03T10:36:17","date_gmt":"2023-02-03T13:36:17","guid":{"rendered":"https:\/\/g1.globo.com\/pb\/paraiba\/noticia\/2023\/02\/03\/suspeito-de-se-passar-por-policial-federal-e-ameacar-funcionarios-de-um-edificio-e-preso-na-pb-video.ghtml"},"modified":"2023-02-03T10:36:17","modified_gmt":"2023-02-03T13:36:17","slug":"suspeito-de-se-passar-por-policial-federal-e-ameacar-funcionarios-de-um-edificio-e-preso-na-pb-video","status":"publish","type":"post","link":"https:\/\/sindaopcpb.org.br\/index.php\/2023\/02\/03\/suspeito-de-se-passar-por-policial-federal-e-ameacar-funcionarios-de-um-edificio-e-preso-na-pb-video\/","title":{"rendered":"Suspeito de se passar por policial federal e amea\u00e7ar funcion\u00e1rios de um edif\u00edcio \u00e9 preso na PB; v\u00eddeo"},"content":{"rendered":"   <img src=\"https:\/\/s2.glbimg.com\/HNcEnw6U1OwS-s3AAaRRz4_lncs=\/i.s3.glbimg.com\/v1\/AUTH_59edd422c0c84a879bd37670ae4f538a\/internal_photos\/bs\/2023\/O\/g\/jHIAEQTUWxnegaq8RF1Q\/falso-pf-ameacou-funcionarios.jpg\" \/><br \/>   Homem teria usado uma roupa de Policial Federal e tentado colocar alguns m\u00f3veis do local em um carro, usando um simulacro de arma de fogo para amea\u00e7ar os funcion\u00e1rios.  Falso policial federal \u00e9 preso suspeito de amea\u00e7a e falsidade ideol\u00f3gica na Para\u00edba\nUm homem de 41 anos foi preso suspeito de amea\u00e7a e falsidade ideol\u00f3gica ap\u00f3s tentar se passar por policial federal para retirar m\u00f3veis de um pr\u00e9dio no bairro do Miramar, em Jo\u00e3o Pessoa. Segundo a Pol\u00edcia Militar, a pris\u00e3o foi em flagrante, na quinta-feira (2), e a a\u00e7\u00e3o do suspeito foi flagrada por imagens de c\u00e2meras do circuito de seguran\u00e7a do edif\u00edcio.\nAs imagens mostram quando o homem, usando um uniforme da Pol\u00edcia Federal, chega em um carro preto no edif\u00edcio. Ele aborda um vigilante, junto a uma mulher, e tenta colocar duas cadeiras dentro do carro. Em seguida, as imagens mostram o interior do pr\u00e9dio, quando o homem entra, aparentemente armado, e amea\u00e7a o seguran\u00e7a e as pessoas da recep\u00e7\u00e3o, tentando agredir o vigilante com chutes.\nHomem usou fantasia da PF e simulacro de arma de fogo para amea\u00e7ar funcion\u00e1rios de um pr\u00e9dio\nReprodu\u00e7\u00e3o\nSegundo a PM, policiais do Batalh\u00e3o Especializado em Policiamento Tur\u00edstico (BEPTur) foram chamados e conseguiram localizar o homem, que tentou fugir, mas foi preso em flagrante. Os policiais identificaram que ele estava com um simulacro de arma de fogo e uma fantasia de policial federal. O material foi apreendido e levado, junto ao suspeito, para a Central de Flagrantes da Pol\u00edcia Civil. \nO g1 tentou entrar em contato com a Pol\u00edcia Civil para saber os motivos do crime e a situa\u00e7\u00e3o atual do suspeito, mas n\u00e3o conseguiu contato at\u00e9 \u00e0s 9h40 desta sexta-feira (3). \nRoupa e simulacro de arma de fogo usados pelo falso policial federal foram apreendidas pela PM\nDivulga\u00e7\u00e3o\/PMPB\nV\u00eddeos mais assistidos da Para\u00edba ","protected":false},"excerpt":{"rendered":"<p>      Homem teria usado uma roupa de Policial Federal e tentado colocar alguns m\u00f3veis do local em um carro, usando um simulacro de arma de fogo para amea\u00e7ar os funcion\u00e1rios.  Falso policial federal \u00e9 preso suspeito de amea\u00e7a e falsidade ideol\u00f3gica na P&#8230;<\/p>\n","protected":false},"author":2,"featured_media":0,"comment_status":"closed","ping_status":"closed","sticky":false,"template":"","format":"standard","meta":{"advgb_blocks_editor_width":"","advgb_blocks_columns_visual_guide":"","footnotes":""},"categories":[34],"tags":[35],"class_list":["post-9607","post","type-post","status-publish","format-standard","hentry","category-g1","tag-g1"],"author_meta":{"display_name":"g1 &gt; Para\u00edba","author_link":"https:\/\/sindaopcpb.org.br\/author\/g1-paraiba\/"},"featured_img":null,"coauthors":[],"tax_additional":{"categories":{"linked":["<a href=\"https:\/\/sindaopcpb.org.br\/g1\/\" class=\"advgb-post-tax-term\">G1<\/a>"],"unlinked":["<span class=\"advgb-post-tax-term\">G1<\/span>"]},"tags":{"linked":["<a href=\"https:\/\/sindaopcpb.org.br\/g1\/\" class=\"advgb-post-tax-term\">g1<\/a>"],"unlinked":["<span class=\"advgb-post-tax-term\">g1<\/span>"]}},"comment_count":"0","relative_dates":{"created":"Publicado 3 anos atr\u00e1s","modified":"Atualizado 3 anos atr\u00e1s"},"absolute_dates":{"created":"Publicado em 3 de fevereiro de 2023","modified":"Atualizado em 3 de fevereiro de 2023"},"absolute_dates_time":{"created":"Publicado em 3 de fevereiro de 2023 10:36","modified":"Atualizado em 3 de fevereiro de 2023 10:36"},"featured_img_caption":"","series_order":"","_links":{"self":[{"href":"https:\/\/sindaopcpb.org.br\/index.php\/wp-json\/wp\/v2\/posts\/9607","targetHints":{"allow":["GET"]}}],"collection":[{"href":"https:\/\/sindaopcpb.org.br\/index.php\/wp-json\/wp\/v2\/posts"}],"about":[{"href":"https:\/\/sindaopcpb.org.br\/index.php\/wp-json\/wp\/v2\/types\/post"}],"author":[{"embeddable":true,"href":"https:\/\/sindaopcpb.org.br\/index.php\/wp-json\/wp\/v2\/users\/2"}],"replies":[{"embeddable":true,"href":"https:\/\/sindaopcpb.org.br\/index.php\/wp-json\/wp\/v2\/comments?post=9607"}],"version-history":[{"count":2,"href":"https:\/\/sindaopcpb.org.br\/index.php\/wp-json\/wp\/v2\/posts\/9607\/revisions"}],"predecessor-version":[{"id":9617,"href":"https:\/\/sindaopcpb.org.br\/index.php\/wp-json\/wp\/v2\/posts\/9607\/revisions\/9617"}],"wp:attachment":[{"href":"https:\/\/sindaopcpb.org.br\/index.php\/wp-json\/wp\/v2\/media?parent=9607"}],"wp:term":[{"taxonomy":"category","embeddable":true,"href":"https:\/\/sindaopcpb.org.br\/index.php\/wp-json\/wp\/v2\/categories?post=9607"},{"taxonomy":"post_tag","embeddable":true,"href":"https:\/\/sindaopcpb.org.br\/index.php\/wp-json\/wp\/v2\/tags?post=9607"}],"curies":[{"name":"wp","href":"https:\/\/api.w.org\/{rel}","templated":true}]}}