{"id":9584,"date":"2023-02-02T16:33:36","date_gmt":"2023-02-02T19:33:36","guid":{"rendered":"https:\/\/g1.globo.com\/pb\/paraiba\/noticia\/2023\/02\/02\/mpf-pede-prisao-de-apresentador-e-multa-por-crime-de-racismo.ghtml"},"modified":"2023-02-02T16:33:36","modified_gmt":"2023-02-02T19:33:36","slug":"mpf-pede-prisao-de-apresentador-e-multa-por-crime-de-racismo","status":"publish","type":"post","link":"https:\/\/sindaopcpb.org.br\/index.php\/2023\/02\/02\/mpf-pede-prisao-de-apresentador-e-multa-por-crime-de-racismo\/","title":{"rendered":"MPF pede pris\u00e3o de apresentador e multa por crime de racismo"},"content":{"rendered":"   <img src=\"https:\/\/s2.glbimg.com\/t1lsHmfQDF9yCnixWVxpNnaU5Ls=\/i.s3.glbimg.com\/v1\/AUTH_59edd422c0c84a879bd37670ae4f538a\/internal_photos\/bs\/2019\/2\/8\/Zf4MNwQPeNPILA1vieNg\/whatsapp-image-2019-08-13-at-14.19.47.jpeg\" \/><br \/>   Den\u00fancia \u00e9 referente a um caso que aconteceu no dia 5 de junho de 2018, quando Sik\u00eara J\u00fanior, enquanto apresentava programa em uma emissora paraibana, proferiu ofensas contra uma mulher.  Sede do Minist\u00e9rio P\u00fablico Federal (MPF) em Jo\u00e3o Pessoa \nKrystine Carneiro\/g1\nO Minist\u00e9rio P\u00fablico Federal (MPF) pediu a pris\u00e3o do apresentador Jos\u00e9 Siqueira,  conhecido como Sik\u00eara J\u00fanior, al\u00e9m da aplica\u00e7\u00e3o de uma multa, por coment\u00e1rios racistas contra uma mulher, durante o programa que ele apresentava em uma emissora de TV em Jo\u00e3o Pessoa, na Para\u00edba. O caso aconteceu no dia 5 de junho de 2018, e a den\u00fancia foi protocolada na segunda-feira (30). \nO g1 tentou entrar em contato com o apresentar por e-mail, mas n\u00e3o obteve resposta at\u00e9 a \u00faltima atualiza\u00e7\u00e3o desta not\u00edcia. \nSiqueira J\u00fanior \u00e9 denunciado pelo MPF por racismo \nDivulga\u00e7\u00e3o \nNa ocasi\u00e3o, Sik\u00eara apresentava o programa 'Cidade em A\u00e7\u00e3o', no canal TV Arapuan. Enquanto noticiava a pris\u00e3o de uma mulher, o apresentador fez diversos coment\u00e1rios negativos sobre ela e usou termos como \"vagabunda\" , \"pregui\u00e7osa\" e \"venta de jumenta\". Ele tamb\u00e9m apontou que a v\u00edtima n\u00e3o estava com as unhas pintadas e disse que \"mulher que n\u00e3o pinta a unha \u00e9 sebosa\". \nNa den\u00fancia, o Minist\u00e9rio P\u00fablico Federal (MPF) definiu as palavras de Sik\u00eara como \"ofensas injuriosas raciais\" contra a mulher. O \u00f3rg\u00e3o entendeu que o apresentador extrapolou os limites da liberdade de express\u00e3o e violou o direito da mulher ao princ\u00edpio constitucional da preserva\u00e7\u00e3o de inoc\u00eancia. \nO Minist\u00e9rio P\u00fablico Federal (MPF) entende que o apresentador praticou crime de racismo, tipificado no Artigo 20 da Lei n\u00ba 7.716. A pena para esse tipo de crime pode ser de um a tr\u00eas anos de pris\u00e3o e multa. \nO apresentador n\u00e3o tem mais liga\u00e7\u00e3o com a emissora em quest\u00e3o. Atualmente, ele trabalha em um canal da cidade de Manaus, no Amazonas. \nOutro processo sobre o mesmo epis\u00f3dio \nEm agosto de 2018,  foi assinado um Termo de Ajustamento de Conduta (TAC)  entre o Minist\u00e9rio P\u00fablico Federal (MPF) e a emissora paraibana onde Sik\u00eara trabalhou, com rela\u00e7\u00e3o a este mesmo epis\u00f3dio. Na \u00e9poca, a rapper paraibana Kalyne Lima, em seu perfil em uma rede social, criticou a conduta do apresentador sobre o caso, e foi ofendida por ele em programas seguintes. \nNo documento, a emissora se comprometeu a veicular na sua grade de programa\u00e7\u00e3o material em formato publicit\u00e1rio com dura\u00e7\u00e3o de 30 segundos difundindo ideais relevantes para a cidadania, em defesa da toler\u00e2ncia e do respeito \u00e0s diversidades.\nV\u00eddeos mais assistidos do g1 Para\u00edba  ","protected":false},"excerpt":{"rendered":"<p>      Den\u00fancia \u00e9 referente a um caso que aconteceu no dia 5 de junho de 2018, quando Sik\u00eara J\u00fanior, enquanto apresentava programa em uma emissora paraibana, proferiu ofensas contra uma mulher.  Sede do Minist\u00e9rio P\u00fablico Federal (MPF) em Jo\u00e3o Pessoa<br \/>\nK&#8230;<\/p>\n","protected":false},"author":2,"featured_media":0,"comment_status":"closed","ping_status":"closed","sticky":false,"template":"","format":"standard","meta":{"advgb_blocks_editor_width":"","advgb_blocks_columns_visual_guide":"","footnotes":""},"categories":[34],"tags":[35],"class_list":["post-9584","post","type-post","status-publish","format-standard","hentry","category-g1","tag-g1"],"author_meta":{"display_name":"g1 &gt; Para\u00edba","author_link":"https:\/\/sindaopcpb.org.br\/author\/g1-paraiba\/"},"featured_img":null,"coauthors":[],"tax_additional":{"categories":{"linked":["<a href=\"https:\/\/sindaopcpb.org.br\/g1\/\" class=\"advgb-post-tax-term\">G1<\/a>"],"unlinked":["<span class=\"advgb-post-tax-term\">G1<\/span>"]},"tags":{"linked":["<a href=\"https:\/\/sindaopcpb.org.br\/g1\/\" class=\"advgb-post-tax-term\">g1<\/a>"],"unlinked":["<span class=\"advgb-post-tax-term\">g1<\/span>"]}},"comment_count":"0","relative_dates":{"created":"Publicado 3 anos atr\u00e1s","modified":"Atualizado 3 anos atr\u00e1s"},"absolute_dates":{"created":"Publicado em 2 de fevereiro de 2023","modified":"Atualizado em 2 de fevereiro de 2023"},"absolute_dates_time":{"created":"Publicado em 2 de fevereiro de 2023 16:33","modified":"Atualizado em 2 de fevereiro de 2023 16:33"},"featured_img_caption":"","series_order":"","_links":{"self":[{"href":"https:\/\/sindaopcpb.org.br\/index.php\/wp-json\/wp\/v2\/posts\/9584","targetHints":{"allow":["GET"]}}],"collection":[{"href":"https:\/\/sindaopcpb.org.br\/index.php\/wp-json\/wp\/v2\/posts"}],"about":[{"href":"https:\/\/sindaopcpb.org.br\/index.php\/wp-json\/wp\/v2\/types\/post"}],"author":[{"embeddable":true,"href":"https:\/\/sindaopcpb.org.br\/index.php\/wp-json\/wp\/v2\/users\/2"}],"replies":[{"embeddable":true,"href":"https:\/\/sindaopcpb.org.br\/index.php\/wp-json\/wp\/v2\/comments?post=9584"}],"version-history":[{"count":1,"href":"https:\/\/sindaopcpb.org.br\/index.php\/wp-json\/wp\/v2\/posts\/9584\/revisions"}],"predecessor-version":[{"id":9585,"href":"https:\/\/sindaopcpb.org.br\/index.php\/wp-json\/wp\/v2\/posts\/9584\/revisions\/9585"}],"wp:attachment":[{"href":"https:\/\/sindaopcpb.org.br\/index.php\/wp-json\/wp\/v2\/media?parent=9584"}],"wp:term":[{"taxonomy":"category","embeddable":true,"href":"https:\/\/sindaopcpb.org.br\/index.php\/wp-json\/wp\/v2\/categories?post=9584"},{"taxonomy":"post_tag","embeddable":true,"href":"https:\/\/sindaopcpb.org.br\/index.php\/wp-json\/wp\/v2\/tags?post=9584"}],"curies":[{"name":"wp","href":"https:\/\/api.w.org\/{rel}","templated":true}]}}