{"id":9523,"date":"2023-02-01T11:44:57","date_gmt":"2023-02-01T14:44:57","guid":{"rendered":"https:\/\/g1.globo.com\/pb\/paraiba\/noticia\/2023\/02\/01\/adriano-galdino-e-reeleito-presidente-da-assembleia-legislativa-da-paraiba.ghtml"},"modified":"2023-02-01T11:44:57","modified_gmt":"2023-02-01T14:44:57","slug":"adriano-galdino-e-reeleito-presidente-da-assembleia-legislativa-da-paraiba","status":"publish","type":"post","link":"https:\/\/sindaopcpb.org.br\/index.php\/2023\/02\/01\/adriano-galdino-e-reeleito-presidente-da-assembleia-legislativa-da-paraiba\/","title":{"rendered":"Adriano Galdino \u00e9 reeleito presidente da Assembleia Legislativa da Para\u00edba"},"content":{"rendered":"   <img src=\"https:\/\/s2.glbimg.com\/sARpA-vgnZV7DSfKIvUO0dxK0wE=\/i.s3.glbimg.com\/v1\/AUTH_59edd422c0c84a879bd37670ae4f538a\/internal_photos\/bs\/2023\/Q\/u\/gSaONwSIOqXaMbcIN2oA\/adriano-galdino-e-reeleito-presidente-da-alpb.jpg\" \/><br \/>   Vota\u00e7\u00e3o da mesa diretora aconteceu ap\u00f3s a cerim\u00f4nia de posse dos 36 deputados eleitos. Chapa \u00fanica foi eleita por unanimidade.  Adriano Galdino (Republicanos) \u00e9 reeleito presidente da ALPB\nReprodu\u00e7\u00e3o\/TV Assembleia\nO deputado Adriano Galdino foi reeleito presidente da Assembleia Legislativa da Para\u00edba. A vota\u00e7\u00e3o da mesa diretora aconteceu ap\u00f3s a posse dos 36 deputados eleitos no estado, na sede da casa, em Jo\u00e3o Pessoa. Veja forma\u00e7\u00e3o completa da mesa abaixo. \nA chapa \u00fanica 'Por uma Para\u00edba melhor para todos e todas' foi eleita por unanimidade para os bi\u00eanios 2023-2025 e 2025-2027.. \nConhe\u00e7a a nova composi\u00e7\u00e3o da Assembleia Legislativa da Para\u00edba a partir de 2023\nForma\u00e7\u00e3o da mesa diretora\nVota\u00e7\u00e3o da mesa diretora da ALPB aconteceu ap\u00f3s posse dos deputados eleitos\nAng\u00e9lica Nunes\/Jornal da Para\u00edba \nPresidente: Adriano Galdino (Republicanos) \n1\u00ba vice-presidente: Ti\u00e3o Gomes (PSB) \n2\u00ba Vice-presidente: Eduardo Carneiro (Solidariedade) \n3\u00ba vice-presidente: Tovar Correia Lima (PSDB) \n4\u00ba vice-presidente: Camila Toscano (PSDB) \n1\u00ba secret\u00e1rio: J\u00fanior Ara\u00fajo (PSB)\n2\u00ba secret\u00e1rio: F\u00e1bio Ramalho (PSDB)\n3\u00ba secret\u00e1rio: Taciano Diniz (Uni\u00e3o Brasil)\n4\u00ba secret\u00e1rio: Anderson Monteiro (MDB) \n1\u00ba suplente: Sargento Neto (PL)  \n2\u00ba suplente: Felipe Leit\u00e3o (PSB)\n3\u00ba suplente: Luciano Cartaxo (PT) \n4\u00ba suplente: Jo\u00e3o Paulo (PP) \nCerim\u00f4nia de posse \nTomaram posse, na manh\u00e3 desta quarta-feira (1\u00ba), os 36 deputados estaduais eleitos para a Assembleia Legislativa da Para\u00edba (ALPB). A cerim\u00f4nia aconteceu no plen\u00e1rio Jos\u00e9 Mariz, na sede do Poder Legislativo, em Jo\u00e3o Pessoa.\nSegundo o presidente da casa, o deputado Adriano Galdino (partido), todos eles apresentaram dentro do prazo legal a documenta\u00e7\u00e3o exigida pela constitui\u00e7\u00e3o do Estado, bem como pelo regimento interno. ","protected":false},"excerpt":{"rendered":"<p>      Vota\u00e7\u00e3o da mesa diretora aconteceu ap\u00f3s a cerim\u00f4nia de posse dos 36 deputados eleitos. Chapa \u00fanica foi eleita por unanimidade.  Adriano Galdino (Republicanos) \u00e9 reeleito presidente da ALPB<br \/>\nReprodu\u00e7\u00e3o\/TV Assembleia<br \/>\nO deputado Adriano Galdino foi r&#8230;<\/p>\n","protected":false},"author":2,"featured_media":0,"comment_status":"closed","ping_status":"closed","sticky":false,"template":"","format":"standard","meta":{"advgb_blocks_editor_width":"","advgb_blocks_columns_visual_guide":"","footnotes":""},"categories":[34],"tags":[35],"class_list":["post-9523","post","type-post","status-publish","format-standard","hentry","category-g1","tag-g1"],"author_meta":{"display_name":"g1 &gt; Para\u00edba","author_link":"https:\/\/sindaopcpb.org.br\/author\/g1-paraiba\/"},"featured_img":null,"coauthors":[],"tax_additional":{"categories":{"linked":["<a href=\"https:\/\/sindaopcpb.org.br\/g1\/\" class=\"advgb-post-tax-term\">G1<\/a>"],"unlinked":["<span class=\"advgb-post-tax-term\">G1<\/span>"]},"tags":{"linked":["<a href=\"https:\/\/sindaopcpb.org.br\/g1\/\" class=\"advgb-post-tax-term\">g1<\/a>"],"unlinked":["<span class=\"advgb-post-tax-term\">g1<\/span>"]}},"comment_count":"0","relative_dates":{"created":"Publicado 3 anos atr\u00e1s","modified":"Atualizado 3 anos atr\u00e1s"},"absolute_dates":{"created":"Publicado em 1 de fevereiro de 2023","modified":"Atualizado em 1 de fevereiro de 2023"},"absolute_dates_time":{"created":"Publicado em 1 de fevereiro de 2023 11:44","modified":"Atualizado em 1 de fevereiro de 2023 11:44"},"featured_img_caption":"","series_order":"","_links":{"self":[{"href":"https:\/\/sindaopcpb.org.br\/index.php\/wp-json\/wp\/v2\/posts\/9523","targetHints":{"allow":["GET"]}}],"collection":[{"href":"https:\/\/sindaopcpb.org.br\/index.php\/wp-json\/wp\/v2\/posts"}],"about":[{"href":"https:\/\/sindaopcpb.org.br\/index.php\/wp-json\/wp\/v2\/types\/post"}],"author":[{"embeddable":true,"href":"https:\/\/sindaopcpb.org.br\/index.php\/wp-json\/wp\/v2\/users\/2"}],"replies":[{"embeddable":true,"href":"https:\/\/sindaopcpb.org.br\/index.php\/wp-json\/wp\/v2\/comments?post=9523"}],"version-history":[{"count":1,"href":"https:\/\/sindaopcpb.org.br\/index.php\/wp-json\/wp\/v2\/posts\/9523\/revisions"}],"predecessor-version":[{"id":9524,"href":"https:\/\/sindaopcpb.org.br\/index.php\/wp-json\/wp\/v2\/posts\/9523\/revisions\/9524"}],"wp:attachment":[{"href":"https:\/\/sindaopcpb.org.br\/index.php\/wp-json\/wp\/v2\/media?parent=9523"}],"wp:term":[{"taxonomy":"category","embeddable":true,"href":"https:\/\/sindaopcpb.org.br\/index.php\/wp-json\/wp\/v2\/categories?post=9523"},{"taxonomy":"post_tag","embeddable":true,"href":"https:\/\/sindaopcpb.org.br\/index.php\/wp-json\/wp\/v2\/tags?post=9523"}],"curies":[{"name":"wp","href":"https:\/\/api.w.org\/{rel}","templated":true}]}}