{"id":9506,"date":"2023-02-01T06:21:10","date_gmt":"2023-02-01T09:21:10","guid":{"rendered":"https:\/\/g1.globo.com\/pb\/paraiba\/noticia\/2023\/02\/01\/conheca-a-nova-composicao-da-assembleia-legislativa-da-paraiba-a-partir-de-2023.ghtml"},"modified":"2023-02-01T06:21:10","modified_gmt":"2023-02-01T09:21:10","slug":"conheca-a-nova-composicao-da-assembleia-legislativa-da-paraiba-a-partir-de-2023","status":"publish","type":"post","link":"https:\/\/sindaopcpb.org.br\/index.php\/2023\/02\/01\/conheca-a-nova-composicao-da-assembleia-legislativa-da-paraiba-a-partir-de-2023\/","title":{"rendered":"Conhe\u00e7a a nova composi\u00e7\u00e3o da Assembleia Legislativa da Para\u00edba a partir de 2023"},"content":{"rendered":"   <img src=\"https:\/\/s2.glbimg.com\/kG3JdiJ4eVv4n3fMUKopHSaKaJ0=\/i.s3.glbimg.com\/v1\/AUTH_59edd422c0c84a879bd37670ae4f538a\/internal_photos\/bs\/2022\/5\/3\/l49732SVmn90c1brvaEA\/sessao-alpb-2-.jpg\" \/><br \/>   Os 36 deputados estaduais eleitos pela popula\u00e7\u00e3o paraibana tomam posse oficialmente nesta quarta-feira (1\u00ba). Mandatos seguem at\u00e9 janeiro de 2027. Assembleia Legislativa da Para\u00edba\nFoto: divulga\u00e7\u00e3o\/ALPB\nOs 36 deputados estaduais eleitos pela popula\u00e7\u00e3o paraibana tomam posse oficialmente nesta quarta-feira (1\u00ba), \u00e0s 9h, na Assembleia Legislativa da Para\u00edba (ALPB). O evento vai ser realizado no plen\u00e1rio Jos\u00e9 Mariz, na sede do Poder Legislativo, em Jo\u00e3o Pessoa. \nAp\u00f3s as Elei\u00e7\u00f5es de 2022, uma nova composi\u00e7\u00e3o pode ser observada na Casa para o pr\u00f3ximo mandato dos deputados. Veja abaixo. \nNova composi\u00e7\u00e3o da Assembleia Legislativa\nApenas seis mulheres foram eleitas, o que representa 16% de toda a bancada. O n\u00famero \u00e9 o mesmo da composi\u00e7\u00e3o anterior. \nO partido com mais representantes eleitos pelo povo foi o Republicanos. A m\u00e9dia de idade dos deputados e deputadas \u00e9 de 49 anos. \nEm compara\u00e7\u00e3o com as Elei\u00e7\u00f5es de 2018, 22 candidatos foram reeleitos e 14 novos foram eleitos. Isso representa uma renova\u00e7\u00e3o de quase 39% na ALPB. Dos 14 novos parlamentares, 11 nunca foram deputados estaduais e tr\u00eas est\u00e3o retornando \u00e0 casa.\nAl\u00e9m disso, 23 candidatos se declararam brancos, o que representa 63,8% do n\u00famero total, apenas Ti\u00e3o Gomes (PSB) e Cida Ramos se autodeclararam pretos. O restante se declarou da etnia parda. \nAl\u00e9m disso, muitos dos deputados eleitos t\u00eam vida pregressa na pol\u00edtica como ex-prefeitos de cidades paraibanas, com muitos deles abandonando o cargo para concorrer ao cargo legislativo. \nDentre os ex-prefeitos novatos, o mais votado foi o ex-prefeito de Lagoa Seca, F\u00e1bio Ramalho (PSDB), que obteve 48.259 nas urnas. \nTamb\u00e9m foram eleitos os ex-prefeitos de Boqueir\u00e3o e de S\u00e3o Jos\u00e9 de Piranhas, respectivamente, Jo\u00e3o Paulo (PP) e Chico Mendes (PSB). Al\u00e9m deles, seguem a lista, Dr. Romualdo (MDB), que \u00e9 ex-prefeito de Congo; Dr. Eduardo Brito (SD), ex-gestor de Mamanguape; e Gilbertinho (Uni\u00e3o), ex-prefeito de Lagoa.\nAl\u00e9m dos novatos, tr\u00eas ex-deputados que tamb\u00e9m s\u00e3o ex-prefeitos municipais conseguiram retornar \u00e0 Assembleia Legislativa. Um deles \u00e9 o ex-prefeito de Jo\u00e3o Pessoa, Luciano Cartaxo (PT).\nDeputado cassado \nDentre os 36 deputados eleitos, apenas um n\u00e3o vai tomar posse nesta quarta-feira. \u00c9 o caso de M\u00e1rcio Roberto, do Republicanos, que teve seu registro de candidatura cassado pelo Tribunal Superior Eleitoral (TSE). \nA candidatura de M\u00e1rcio Roberto foi indeferida pelo Minist\u00e9rio P\u00fablico Eleitoral por desaprova\u00e7\u00e3o de contas no Tribunal de Contas da Uni\u00e3o, relativa ao per\u00edodo em que ele foi prefeito do munic\u00edpio de S\u00e3o Bento. O TSE passou a julg\u00e1-lo depois que o recurso dele foi negado no Tribunal Regional Eleitoral da Para\u00edba (TRE-PB).\nPara o seu lugar, Bosco Carneiro, tamb\u00e9m do Republicanos, foi diplomado como titular da vaga. \nComposi\u00e7\u00e3o por partidos\nRepublicanos\nAdriano Galdino - Reeleito\nWilson Filho - Reeleito\nJutay Meneses - Reeleito\nBranco Mendes - Reeleito\nBosco Carneiro (vaga de M\u00e1rcio Roberto) - retorna ao cargo\nFrancisca Mota - J\u00e1 foi deputada estadual e retorna ao cargo\nDanielle do Vale - Novata\nMichel Henrique - Novato\nPSB\nTi\u00e3o Gomes - Reeleito\nJ\u00fanior Ara\u00fajo - Reeleito - Reeleito\nJo\u00e3o Gon\u00e7alves - Reeleito\nHerv\u00e1zio Bezerra - Reeleito\nTanilson Soares - Novato\nChico Mendes - Novato\nPP\nJo\u00e3o Paulo - Novato\nDra. Paula - Reeleita\nGalego de Souza - Reeleito\nDra. Jane Panta - Reeleita\nPSDB\nCamila Toscano - Reeleitao\nTovar Correia Lima - Reeleita\nFabio Ramalho - Novato\nPL\nWalber Virgolino - Reeleito\nCaio Roberto - Reeleito\nSargento Neto - Novato\nUni\u00e3o Brasil\nTaciano Diniz - Reeleito\nGeorge Morais - Novato\nGilbertinho - Novato\nPT\nCida Ramos - Reeleita\nLuciano Cartaxo - J\u00e1 foi deputado estadual e retorna ao cargo\nMDB\nAnderson Monteiro - Reeleito\nDr. Romualdo - Novato\nSolidariedade\nEduardo Carneiro - Reeleito\nDr. Eduardo Brito - Novato\nPSD\nFelipe Leit\u00e3o - Reeleito\nRede\nChi\u00f3 - Reeleito\nPC do B\nIn\u00e1cio Falc\u00e3o - Reeleito\nV\u00eddeos mais assistidos do g1 Para\u00edba ","protected":false},"excerpt":{"rendered":"<p>      Os 36 deputados estaduais eleitos pela popula\u00e7\u00e3o paraibana tomam posse oficialmente nesta quarta-feira (1\u00ba). Mandatos seguem at\u00e9 janeiro de 2027. Assembleia Legislativa da Para\u00edba<br \/>\nFoto: divulga\u00e7\u00e3o\/ALPB<br \/>\nOs 36 deputados estaduais eleitos pela popul&#8230;<\/p>\n","protected":false},"author":2,"featured_media":0,"comment_status":"closed","ping_status":"closed","sticky":false,"template":"","format":"standard","meta":{"advgb_blocks_editor_width":"","advgb_blocks_columns_visual_guide":"","footnotes":""},"categories":[34],"tags":[35],"class_list":["post-9506","post","type-post","status-publish","format-standard","hentry","category-g1","tag-g1"],"author_meta":{"display_name":"g1 &gt; Para\u00edba","author_link":"https:\/\/sindaopcpb.org.br\/author\/g1-paraiba\/"},"featured_img":null,"coauthors":[],"tax_additional":{"categories":{"linked":["<a href=\"https:\/\/sindaopcpb.org.br\/g1\/\" class=\"advgb-post-tax-term\">G1<\/a>"],"unlinked":["<span class=\"advgb-post-tax-term\">G1<\/span>"]},"tags":{"linked":["<a href=\"https:\/\/sindaopcpb.org.br\/g1\/\" class=\"advgb-post-tax-term\">g1<\/a>"],"unlinked":["<span class=\"advgb-post-tax-term\">g1<\/span>"]}},"comment_count":"0","relative_dates":{"created":"Publicado 3 anos atr\u00e1s","modified":"Atualizado 3 anos atr\u00e1s"},"absolute_dates":{"created":"Publicado em 1 de fevereiro de 2023","modified":"Atualizado em 1 de fevereiro de 2023"},"absolute_dates_time":{"created":"Publicado em 1 de fevereiro de 2023 06:21","modified":"Atualizado em 1 de fevereiro de 2023 06:21"},"featured_img_caption":"","series_order":"","_links":{"self":[{"href":"https:\/\/sindaopcpb.org.br\/index.php\/wp-json\/wp\/v2\/posts\/9506","targetHints":{"allow":["GET"]}}],"collection":[{"href":"https:\/\/sindaopcpb.org.br\/index.php\/wp-json\/wp\/v2\/posts"}],"about":[{"href":"https:\/\/sindaopcpb.org.br\/index.php\/wp-json\/wp\/v2\/types\/post"}],"author":[{"embeddable":true,"href":"https:\/\/sindaopcpb.org.br\/index.php\/wp-json\/wp\/v2\/users\/2"}],"replies":[{"embeddable":true,"href":"https:\/\/sindaopcpb.org.br\/index.php\/wp-json\/wp\/v2\/comments?post=9506"}],"version-history":[{"count":2,"href":"https:\/\/sindaopcpb.org.br\/index.php\/wp-json\/wp\/v2\/posts\/9506\/revisions"}],"predecessor-version":[{"id":9510,"href":"https:\/\/sindaopcpb.org.br\/index.php\/wp-json\/wp\/v2\/posts\/9506\/revisions\/9510"}],"wp:attachment":[{"href":"https:\/\/sindaopcpb.org.br\/index.php\/wp-json\/wp\/v2\/media?parent=9506"}],"wp:term":[{"taxonomy":"category","embeddable":true,"href":"https:\/\/sindaopcpb.org.br\/index.php\/wp-json\/wp\/v2\/categories?post=9506"},{"taxonomy":"post_tag","embeddable":true,"href":"https:\/\/sindaopcpb.org.br\/index.php\/wp-json\/wp\/v2\/tags?post=9506"}],"curies":[{"name":"wp","href":"https:\/\/api.w.org\/{rel}","templated":true}]}}