{"id":9482,"date":"2023-01-31T16:08:08","date_gmt":"2023-01-31T19:08:08","guid":{"rendered":"https:\/\/g1.globo.com\/pb\/paraiba\/noticia\/2023\/01\/31\/caso-mariana-thomaz-justica-nega-pedido-de-revisao-da-prisao-preventiva-de-johannes-dudeck.ghtml"},"modified":"2023-01-31T16:08:08","modified_gmt":"2023-01-31T19:08:08","slug":"caso-mariana-thomaz-justica-nega-pedido-de-revisao-da-prisao-preventiva-de-johannes-dudeck","status":"publish","type":"post","link":"https:\/\/sindaopcpb.org.br\/index.php\/2023\/01\/31\/caso-mariana-thomaz-justica-nega-pedido-de-revisao-da-prisao-preventiva-de-johannes-dudeck\/","title":{"rendered":"Caso Mariana Thomaz: Justi\u00e7a nega pedido de revis\u00e3o da pris\u00e3o preventiva de Johannes Dudeck"},"content":{"rendered":"   <img src=\"https:\/\/s2.glbimg.com\/tDEdg-NyKxsyPgOw71FiIXwpgSU=\/i.s3.glbimg.com\/v1\/AUTH_59edd422c0c84a879bd37670ae4f538a\/internal_photos\/bs\/2022\/D\/b\/5dxxvCT7SAau9l9Is9Gw\/johanes-dudeck.jpeg\" \/><br \/>   Decis\u00e3o \u00e9 do juiz Antonio Gon\u00e7alves Ribeiro J\u00fanior, em resposta a um pedido da defesa do acusado.  Johannes Dudeck, suspeito de matar a estudante de medicina Mariana Thomaz, em Jo\u00e3o Pessoa\nReprodu\u00e7\u00e3o\/TV Cabo Branco\nO Tribunal de Justi\u00e7a da Para\u00edba (TJPB) negou, nesta segunda-feira (30), um pedido de revis\u00e3o da pris\u00e3o preventiva de Johannes Dudeck, acusado de matar a estudante Mariana Thomaz, no dia 12 de mar\u00e7o de 2022, em Jo\u00e3o Pessoa. A decis\u00e3o \u00e9 do juiz Antonio Gon\u00e7alves Ribeiro J\u00fanior, em resposta a um pedido da defesa do acusado. \nCompartilhe esta not\u00edcia no WhatsApp \nCompartilhe esta not\u00edcia no Telegram \nO g1 entrou em contato com a defesa de Johannes Dudeck via aplicativo de mensagens, mas n\u00e3o obteve resposta at\u00e9 a \u00faltima atualiza\u00e7\u00e3o desta not\u00edcia. \nPara o pedido, a defesa alegou a inexist\u00eancia de requisitos da pris\u00e3o preventiva, bem como aus\u00eancia de condi\u00e7\u00f5es pessoais favor\u00e1veis, e pedia a subistitui\u00e7\u00e3o por outras medidas cautelares ou pris\u00e3o domiciliar. O juiz negou, usando como justificativa a gravidade do caso e visando a manuten\u00e7\u00e3o da ordem p\u00fablica. \nA defesa da fam\u00edlia de Mariana Thomaz, representada pela advogada Dayane Carvalho, avalia de forma positiva a decis\u00e3o e refor\u00e7a o desejo por justi\u00e7a. \"O caso Mariana n\u00e3o pode ser mais um, dentre tantos outros que j\u00e1 ocorreram ou que poder\u00e3o acontecer\", disse a advogada. \nJohannes Dudeck est\u00e1 preso no pres\u00eddio do Roger, em Jo\u00e3o Pessoa. Antes, ele estava no Pres\u00eddio Especial do Valentina, por ter alegado na audi\u00eancia de cust\u00f3dia que possu\u00eda curso de n\u00edvel superior, mas n\u00e3o apresentou o documento de comprova\u00e7\u00e3o exigido pela Justi\u00e7a. Em julho de 2022, foi determinada a transfer\u00eancia. \nO empres\u00e1rio vai a j\u00fari popular, mas a data do julgamento ainda n\u00e3o foi divulgada. \nEntenda a Lei Mariana Thomaz\nAcusado vai a j\u00fari popular por feminic\u00eddio e estupro\nRelembre o caso \nMariana Thomaz foi morta por esganadura. \nReprodu\u00e7\u00e3o\/Redes sociais\nO corpo de Mariana foi encontrado no dia 12 de mar\u00e7o de 2022, ap\u00f3s a pol\u00edcia receber uma liga\u00e7\u00e3o do acusado Johannes Dudeck, informando que Mariana estava tendo convuls\u00f5es. A investiga\u00e7\u00e3o observou sinais de esganaduras, ent\u00e3o Johannes foi preso no local e encaminhado para um pres\u00eddio especial de Jo\u00e3o Pessoa.\nO relat\u00f3rio final do inqu\u00e9rito indicou os crimes de feminic\u00eddio e estupro, conforme informa\u00e7\u00f5es obtidas do laudo tanatosc\u00f3pico do Instituto de Pol\u00edcia Cient\u00edfica (IPC), exame feito para comprovar a exist\u00eancia de viol\u00eancia sexual.\nO empres\u00e1rio j\u00e1 tem um hist\u00f3rico de processos tanto na esfera criminal quanto na c\u00edvel, conforme consulta feita pelo g1 nos sistemas p\u00fablicos do Tribunal de Justi\u00e7a da Para\u00edba (TJPB) e do Minist\u00e9rio P\u00fablico da Para\u00edba (MPPB). Entre os casos, v\u00e1rios processos administrativos envolvendo empresas dele e tamb\u00e9m casos de amea\u00e7a, les\u00e3o corporal e viol\u00eancia contra a mulher.\nA jovem, de 25 anos, era natural do Cear\u00e1 e estava na Para\u00edba para cursar a gradua\u00e7\u00e3o de medicina.\nV\u00eddeos mais assistidos do g1 Para\u00edba  ","protected":false},"excerpt":{"rendered":"<p>      Decis\u00e3o \u00e9 do juiz Antonio Gon\u00e7alves Ribeiro J\u00fanior, em resposta a um pedido da defesa do acusado.  Johannes Dudeck, suspeito de matar a estudante de medicina Mariana Thomaz, em Jo\u00e3o Pessoa<br \/>\nReprodu\u00e7\u00e3o\/TV Cabo Branco<br \/>\nO Tribunal de Justi\u00e7a da Para\u00edb&#8230;<\/p>\n","protected":false},"author":2,"featured_media":0,"comment_status":"closed","ping_status":"closed","sticky":false,"template":"","format":"standard","meta":{"advgb_blocks_editor_width":"","advgb_blocks_columns_visual_guide":"","footnotes":""},"categories":[34],"tags":[35],"class_list":["post-9482","post","type-post","status-publish","format-standard","hentry","category-g1","tag-g1"],"author_meta":{"display_name":"g1 &gt; Para\u00edba","author_link":"https:\/\/sindaopcpb.org.br\/author\/g1-paraiba\/"},"featured_img":null,"coauthors":[],"tax_additional":{"categories":{"linked":["<a href=\"https:\/\/sindaopcpb.org.br\/g1\/\" class=\"advgb-post-tax-term\">G1<\/a>"],"unlinked":["<span class=\"advgb-post-tax-term\">G1<\/span>"]},"tags":{"linked":["<a href=\"https:\/\/sindaopcpb.org.br\/g1\/\" class=\"advgb-post-tax-term\">g1<\/a>"],"unlinked":["<span class=\"advgb-post-tax-term\">g1<\/span>"]}},"comment_count":"0","relative_dates":{"created":"Publicado 3 anos atr\u00e1s","modified":"Atualizado 3 anos atr\u00e1s"},"absolute_dates":{"created":"Publicado em 31 de janeiro de 2023","modified":"Atualizado em 31 de janeiro de 2023"},"absolute_dates_time":{"created":"Publicado em 31 de janeiro de 2023 16:08","modified":"Atualizado em 31 de janeiro de 2023 16:08"},"featured_img_caption":"","series_order":"","_links":{"self":[{"href":"https:\/\/sindaopcpb.org.br\/index.php\/wp-json\/wp\/v2\/posts\/9482","targetHints":{"allow":["GET"]}}],"collection":[{"href":"https:\/\/sindaopcpb.org.br\/index.php\/wp-json\/wp\/v2\/posts"}],"about":[{"href":"https:\/\/sindaopcpb.org.br\/index.php\/wp-json\/wp\/v2\/types\/post"}],"author":[{"embeddable":true,"href":"https:\/\/sindaopcpb.org.br\/index.php\/wp-json\/wp\/v2\/users\/2"}],"replies":[{"embeddable":true,"href":"https:\/\/sindaopcpb.org.br\/index.php\/wp-json\/wp\/v2\/comments?post=9482"}],"version-history":[{"count":1,"href":"https:\/\/sindaopcpb.org.br\/index.php\/wp-json\/wp\/v2\/posts\/9482\/revisions"}],"predecessor-version":[{"id":9483,"href":"https:\/\/sindaopcpb.org.br\/index.php\/wp-json\/wp\/v2\/posts\/9482\/revisions\/9483"}],"wp:attachment":[{"href":"https:\/\/sindaopcpb.org.br\/index.php\/wp-json\/wp\/v2\/media?parent=9482"}],"wp:term":[{"taxonomy":"category","embeddable":true,"href":"https:\/\/sindaopcpb.org.br\/index.php\/wp-json\/wp\/v2\/categories?post=9482"},{"taxonomy":"post_tag","embeddable":true,"href":"https:\/\/sindaopcpb.org.br\/index.php\/wp-json\/wp\/v2\/tags?post=9482"}],"curies":[{"name":"wp","href":"https:\/\/api.w.org\/{rel}","templated":true}]}}