{"id":9451,"date":"2023-01-30T20:45:31","date_gmt":"2023-01-30T23:45:31","guid":{"rendered":"https:\/\/g1.globo.com\/pb\/paraiba\/noticia\/2023\/01\/30\/sede-do-tjpb-e-reinaugurada-apos-cinco-anos-interditada-por-causa-de-problemas-estruturais.ghtml"},"modified":"2023-01-30T20:45:31","modified_gmt":"2023-01-30T23:45:31","slug":"sede-do-tjpb-e-reinaugurada-apos-cinco-anos-interditada-por-causa-de-problemas-estruturais","status":"publish","type":"post","link":"https:\/\/sindaopcpb.org.br\/index.php\/2023\/01\/30\/sede-do-tjpb-e-reinaugurada-apos-cinco-anos-interditada-por-causa-de-problemas-estruturais\/","title":{"rendered":"Sede do TJPB \u00e9 reinaugurada ap\u00f3s cinco anos interditada por causa de problemas estruturais"},"content":{"rendered":"   <img src=\"https:\/\/s2.glbimg.com\/xGVtATncpcrEZyIvsMmAotXQOxc=\/i.s3.glbimg.com\/v1\/AUTH_59edd422c0c84a879bd37670ae4f538a\/internal_photos\/bs\/2023\/m\/g\/qIeYjAQW2t3neVFzrGlQ\/tjpb01.jpg\" \/><br \/>   Inspe\u00e7\u00e3o do MPT em 2018 identificou \"risco de colapso estrutural\" no pr\u00e9dio hist\u00f3rico.  Tribunal de Justi\u00e7a da Para\u00edba \u00e9 reaberto ap\u00f3s ser reformado\nTV Cabo Branco\/Reprodu\u00e7\u00e3o\nA sede do Tribunal de Justi\u00e7a da Para\u00edba (TJPB) foi reaberta nesta segunda-feira (30) ap\u00f3s permanecer cinco anos fechada por causa de uma interdi\u00e7\u00e3o realizada pelo Minist\u00e9rio P\u00fablico do Trabalho (MPT). Foram investidos R$ 14 milh\u00f5es na refor\u00e7a do pr\u00e9dio at\u00e9 a sua reinaugura\u00e7\u00e3o.\nEm 2018, o MPT realizou uma inspe\u00e7\u00e3o no TJPB identificou \"risco de colapso estrutural\" no pr\u00e9dio hist\u00f3rico, devido a vulnerabilidade da coberta da edifica\u00e7\u00e3o, gambiarras improvisadas na parte el\u00e9trica e nos dutos de ar-condicionado. O veredito na \u00e9poca era que o teto do local poderia desabar.\nDesde ent\u00e3o, o Tribunal tentava as autoriza\u00e7\u00e3o para realizar uma ampla reforma. E ap\u00f3s todo um trabalho de estudos para manter as caracter\u00edsticas da sede, as obras foram iniciadas. Ao todo, 80 pessoas trabalharam na reforma, que durou um ano.\n\"Realizamos muita pesquisa para que ficasse como era originalmente. At\u00e9 as cores do pr\u00e9dio n\u00f3s pesquisamos para ficar na originalidade. A conclus\u00e3o dessa obra de reforma para n\u00f3s era um sonho, um marco\", declarou Saulo Benevides, atual presidente do Tribunal de Justi\u00e7a da Para\u00edba.\nEle destacou ainda que foi necesds\u00e1rio muita luta para para reabrir a sede do Poder Judici\u00e1rio da Para\u00edba. \"N\u00f3s estamos abrindo suas portas e entregando esse patrim\u00f4nio ao povo da Para\u00edba\", completou.\nUma solenidade de reinaugura\u00e7\u00e3o foi realizada para marcar o rein\u00edcio dos trabalhos no local.\nV\u00eddeos mais assistidos da Para\u00edba ","protected":false},"excerpt":{"rendered":"<p>      Inspe\u00e7\u00e3o do MPT em 2018 identificou &#8220;risco de colapso estrutural&#8221; no pr\u00e9dio hist\u00f3rico.  Tribunal de Justi\u00e7a da Para\u00edba \u00e9 reaberto ap\u00f3s ser reformado<br \/>\nTV Cabo Branco\/Reprodu\u00e7\u00e3o<br \/>\nA sede do Tribunal de Justi\u00e7a da Para\u00edba (TJPB) foi reaberta nesta segu&#8230;<\/p>\n","protected":false},"author":2,"featured_media":0,"comment_status":"closed","ping_status":"closed","sticky":false,"template":"","format":"standard","meta":{"advgb_blocks_editor_width":"","advgb_blocks_columns_visual_guide":"","footnotes":""},"categories":[34],"tags":[35],"class_list":["post-9451","post","type-post","status-publish","format-standard","hentry","category-g1","tag-g1"],"author_meta":{"display_name":"g1 &gt; Para\u00edba","author_link":"https:\/\/sindaopcpb.org.br\/author\/g1-paraiba\/"},"featured_img":null,"coauthors":[],"tax_additional":{"categories":{"linked":["<a href=\"https:\/\/sindaopcpb.org.br\/g1\/\" class=\"advgb-post-tax-term\">G1<\/a>"],"unlinked":["<span class=\"advgb-post-tax-term\">G1<\/span>"]},"tags":{"linked":["<a href=\"https:\/\/sindaopcpb.org.br\/g1\/\" class=\"advgb-post-tax-term\">g1<\/a>"],"unlinked":["<span class=\"advgb-post-tax-term\">g1<\/span>"]}},"comment_count":"0","relative_dates":{"created":"Publicado 3 anos atr\u00e1s","modified":"Atualizado 3 anos atr\u00e1s"},"absolute_dates":{"created":"Publicado em 30 de janeiro de 2023","modified":"Atualizado em 30 de janeiro de 2023"},"absolute_dates_time":{"created":"Publicado em 30 de janeiro de 2023 20:45","modified":"Atualizado em 30 de janeiro de 2023 20:45"},"featured_img_caption":"","series_order":"","_links":{"self":[{"href":"https:\/\/sindaopcpb.org.br\/index.php\/wp-json\/wp\/v2\/posts\/9451","targetHints":{"allow":["GET"]}}],"collection":[{"href":"https:\/\/sindaopcpb.org.br\/index.php\/wp-json\/wp\/v2\/posts"}],"about":[{"href":"https:\/\/sindaopcpb.org.br\/index.php\/wp-json\/wp\/v2\/types\/post"}],"author":[{"embeddable":true,"href":"https:\/\/sindaopcpb.org.br\/index.php\/wp-json\/wp\/v2\/users\/2"}],"replies":[{"embeddable":true,"href":"https:\/\/sindaopcpb.org.br\/index.php\/wp-json\/wp\/v2\/comments?post=9451"}],"version-history":[{"count":1,"href":"https:\/\/sindaopcpb.org.br\/index.php\/wp-json\/wp\/v2\/posts\/9451\/revisions"}],"predecessor-version":[{"id":9452,"href":"https:\/\/sindaopcpb.org.br\/index.php\/wp-json\/wp\/v2\/posts\/9451\/revisions\/9452"}],"wp:attachment":[{"href":"https:\/\/sindaopcpb.org.br\/index.php\/wp-json\/wp\/v2\/media?parent=9451"}],"wp:term":[{"taxonomy":"category","embeddable":true,"href":"https:\/\/sindaopcpb.org.br\/index.php\/wp-json\/wp\/v2\/categories?post=9451"},{"taxonomy":"post_tag","embeddable":true,"href":"https:\/\/sindaopcpb.org.br\/index.php\/wp-json\/wp\/v2\/tags?post=9451"}],"curies":[{"name":"wp","href":"https:\/\/api.w.org\/{rel}","templated":true}]}}