{"id":9246,"date":"2023-01-25T10:07:10","date_gmt":"2023-01-25T13:07:10","guid":{"rendered":"https:\/\/g1.globo.com\/pb\/paraiba\/noticia\/2023\/01\/25\/dois-homens-sao-presos-suspeitos-de-matar-tres-ex-policiais-em-bayeux-na-grande-joao-pessoa.ghtml"},"modified":"2023-01-25T10:07:10","modified_gmt":"2023-01-25T13:07:10","slug":"dois-homens-sao-presos-suspeitos-de-matar-tres-ex-policiais-em-bayeux-na-grande-joao-pessoa","status":"publish","type":"post","link":"https:\/\/sindaopcpb.org.br\/index.php\/2023\/01\/25\/dois-homens-sao-presos-suspeitos-de-matar-tres-ex-policiais-em-bayeux-na-grande-joao-pessoa\/","title":{"rendered":"Dois homens s\u00e3o presos suspeitos de matar tr\u00eas ex-policiais em Bayeux, na Grande Jo\u00e3o Pessoa"},"content":{"rendered":"   <img src=\"https:\/\/s2.glbimg.com\/nWRNswJ2RbKhM53t0bDgHtKYcjs=\/i.s3.glbimg.com\/v1\/AUTH_59edd422c0c84a879bd37670ae4f538a\/internal_photos\/bs\/2022\/S\/9\/5C9AhySXazfWmwXHeK4w\/whatsapp-image-2022-04-13-at-16.18.25.jpeg\" \/><br \/>   Um dos presos confessou ter participado do assassinato das tr\u00eas v\u00edtimas. Central de Pol\u00edcia em Jo\u00e3o Pessoa\nLuana Silva\/g1 \nDois homens foram presos nesta quarta-feira (24) suspeitos de envolvimento na morte de tr\u00eas ex-policiais militares, em Bayeux, na Para\u00edba. Conforme a Pol\u00edcia Civil, os crimes aconteceram em 2022.\nAinda segundo a pol\u00edcia, um dos presos confessou participa\u00e7\u00e3o nas mortes de um ex-cabo da Pol\u00edcia Militar, de um sargento reformado e de outro ex-sargento.\nUma das v\u00edtimas foi o ex-sargento da Pol\u00edcia Militar e ex-vereador Arn\u00f3bio Gomes, que vinha recebendo amea\u00e7as de morte antes do crime. Ele foi morto a tiros em uma casa de jogos no bairro Alto da Boa Vista, quando foi abordado por um homem que carregava uma mochila. O suspeito sacou a arma e atirou na v\u00edtima, que morreu no local. \nA pol\u00edcia j\u00e1 vinha investigando os dois homens presos, mas s\u00f3 conseguiu localizar os suspeitos atrav\u00e9s de uma informa\u00e7\u00e3o recebida ainda na quarta-feira.\nJunto com os suspeitos uma arma, um celular, uma balan\u00e7a de precis\u00e3o e algumas por\u00e7\u00f5es de maconha foram apreendidas. O material e os suspeitos foram levados para a Central de Pol\u00edcia, no Geisel, em Jo\u00e3o Pessoa.\nV\u00eddeos mais assistidos do g1 Para\u00edba ","protected":false},"excerpt":{"rendered":"<p>      Um dos presos confessou ter participado do assassinato das tr\u00eas v\u00edtimas. Central de Pol\u00edcia em Jo\u00e3o Pessoa<br \/>\nLuana Silva\/g1<br \/>\nDois homens foram presos nesta quarta-feira (24) suspeitos de envolvimento na morte de tr\u00eas ex-policiais militares, em Baye&#8230;<\/p>\n","protected":false},"author":2,"featured_media":0,"comment_status":"closed","ping_status":"closed","sticky":false,"template":"","format":"standard","meta":{"advgb_blocks_editor_width":"","advgb_blocks_columns_visual_guide":"","footnotes":""},"categories":[34],"tags":[35],"class_list":["post-9246","post","type-post","status-publish","format-standard","hentry","category-g1","tag-g1"],"author_meta":{"display_name":"g1 &gt; Para\u00edba","author_link":"https:\/\/sindaopcpb.org.br\/author\/g1-paraiba\/"},"featured_img":null,"coauthors":[],"tax_additional":{"categories":{"linked":["<a href=\"https:\/\/sindaopcpb.org.br\/g1\/\" class=\"advgb-post-tax-term\">G1<\/a>"],"unlinked":["<span class=\"advgb-post-tax-term\">G1<\/span>"]},"tags":{"linked":["<a href=\"https:\/\/sindaopcpb.org.br\/g1\/\" class=\"advgb-post-tax-term\">g1<\/a>"],"unlinked":["<span class=\"advgb-post-tax-term\">g1<\/span>"]}},"comment_count":"0","relative_dates":{"created":"Publicado 3 anos atr\u00e1s","modified":"Atualizado 3 anos atr\u00e1s"},"absolute_dates":{"created":"Publicado em 25 de janeiro de 2023","modified":"Atualizado em 25 de janeiro de 2023"},"absolute_dates_time":{"created":"Publicado em 25 de janeiro de 2023 10:07","modified":"Atualizado em 25 de janeiro de 2023 10:07"},"featured_img_caption":"","series_order":"","_links":{"self":[{"href":"https:\/\/sindaopcpb.org.br\/index.php\/wp-json\/wp\/v2\/posts\/9246","targetHints":{"allow":["GET"]}}],"collection":[{"href":"https:\/\/sindaopcpb.org.br\/index.php\/wp-json\/wp\/v2\/posts"}],"about":[{"href":"https:\/\/sindaopcpb.org.br\/index.php\/wp-json\/wp\/v2\/types\/post"}],"author":[{"embeddable":true,"href":"https:\/\/sindaopcpb.org.br\/index.php\/wp-json\/wp\/v2\/users\/2"}],"replies":[{"embeddable":true,"href":"https:\/\/sindaopcpb.org.br\/index.php\/wp-json\/wp\/v2\/comments?post=9246"}],"version-history":[{"count":2,"href":"https:\/\/sindaopcpb.org.br\/index.php\/wp-json\/wp\/v2\/posts\/9246\/revisions"}],"predecessor-version":[{"id":9255,"href":"https:\/\/sindaopcpb.org.br\/index.php\/wp-json\/wp\/v2\/posts\/9246\/revisions\/9255"}],"wp:attachment":[{"href":"https:\/\/sindaopcpb.org.br\/index.php\/wp-json\/wp\/v2\/media?parent=9246"}],"wp:term":[{"taxonomy":"category","embeddable":true,"href":"https:\/\/sindaopcpb.org.br\/index.php\/wp-json\/wp\/v2\/categories?post=9246"},{"taxonomy":"post_tag","embeddable":true,"href":"https:\/\/sindaopcpb.org.br\/index.php\/wp-json\/wp\/v2\/tags?post=9246"}],"curies":[{"name":"wp","href":"https:\/\/api.w.org\/{rel}","templated":true}]}}