{"id":9233,"date":"2023-01-24T19:32:12","date_gmt":"2023-01-24T22:32:12","guid":{"rendered":"https:\/\/g1.globo.com\/pb\/paraiba\/noticia\/2023\/01\/24\/dono-de-predio-historico-tjpb-cobra-explicacoes-da-prefeitura-de-areia-sobre-obra-embargada.ghtml"},"modified":"2023-01-24T19:32:12","modified_gmt":"2023-01-24T22:32:12","slug":"dono-de-predio-historico-tjpb-cobra-explicacoes-da-prefeitura-de-areia-sobre-obra-embargada","status":"publish","type":"post","link":"https:\/\/sindaopcpb.org.br\/index.php\/2023\/01\/24\/dono-de-predio-historico-tjpb-cobra-explicacoes-da-prefeitura-de-areia-sobre-obra-embargada\/","title":{"rendered":"Dono de pr\u00e9dio hist\u00f3rico, TJPB cobra explica\u00e7\u00f5es da Prefeitura de Areia sobre obra embargada"},"content":{"rendered":"   <img src=\"https:\/\/s2.glbimg.com\/g9TXCuhIlbAd5AJFIwvolcRDokk=\/i.s3.glbimg.com\/v1\/AUTH_59edd422c0c84a879bd37670ae4f538a\/internal_photos\/bs\/2023\/c\/T\/XahwZnQ6uursGGdhkKiQ\/jose-rufino.jpeg\" \/><br \/>   Iphan identificou que a Prefeitura vinha destruindo uma tijolaria do local de mais de 200 anos, sem autoriza\u00e7\u00e3o do instituto, que regula pr\u00e9dios tombados do pa\u00eds. Fachada do Casar\u00e3o Jos\u00e9 Rufino, em Areia\nEwerton Correia\/TV Para\u00edba\nO Tribunal de Justi\u00e7a da Para\u00edba (TJPB) decidiu nesta ter\u00e7a-feira (24) enviar um pedido de explica\u00e7\u00f5es \u00e0 Prefeitura Municipal de Areia sobre as obras embargadas no Casar\u00e3o Jos\u00e9 Rufino, localizado no centro do munic\u00edpio paraibano. O pr\u00e9dio colonial de 1818 \u00e9 de propridade do TJPB e estava cedido \u00e0 Prefeitura, mas havia uma cl\u00e1usula que dizia que qualquer interven\u00e7\u00e3o no local s\u00f3 poderia acontecer mediante autoriza\u00e7\u00e3o pr\u00e9via.\nNessa segunda-feira (23), o Instituto do Patrim\u00f4nio Hist\u00f3rico e Art\u00edstico Nacional (Iphan) na Para\u00edba tinha ido at\u00e9 o local e constatou a veracidade de uma den\u00fancia de que uma tijolaria de mais de 200 anos vinha sendo destru\u00edda de forma deliberada, sem autoriza\u00e7\u00e3o do \u00f3rg\u00e3o que regula edifica\u00e7\u00f5es tombadas do pa\u00eds.\nDe acordo com o Iphan, o \u201cdano \u00e9 irrevers\u00edvel\u201d. No pr\u00e9dio do per\u00edodo colonial existem oito senzalas que remetem ao in\u00edcio do s\u00e9culo 19, mas tr\u00eas delas j\u00e1 haviam sido destru\u00eddas. Uma situa\u00e7\u00e3o grave, ainda de acordo com o Instituto, por se tratar de \u201csingular e prov\u00e1vel \u00fanico exemplar de senzala urbana no Brasil\u201d.\nO TJ da Para\u00edba agora quer, num prazo m\u00e1ximo de dez dias, saber o porqu\u00ea disso ter acontecido sem o conhecimento pr\u00e9vio da institui\u00e7\u00e3o, tal como prev\u00ea o contrato. O Tribunal n\u00e3o descarta a rescis\u00e3o de contrato de cess\u00e3o do pr\u00e9dio hist\u00f3rico.\nObra de Areia \u00e9 embargada pelo Iphan\n Ewerton Correia\/TV Para\u00edba\nInspe\u00e7\u00e3o do TCE-PB\nTamb\u00e9m nesta ter\u00e7a-feira (24), o Tribunal de Contas do Estado da Para\u00edba expediu uma liminar ap\u00f3s representa\u00e7\u00e3o do procurador Marc\u00edlio Franca Filho, da For\u00e7a-Tarefa do Patrim\u00f4nio Cultural do Minist\u00e9rio P\u00fablico de Contas da Para\u00edba, e entrou no caso do casar\u00e3o para garantir que as obras irregulares no local n\u00e3o tenham sequ\u00eancia.\nO TCE-PB determinou que a Prefeitura de Areia e a prefeita S\u00edlvia Farias da Cunha Lima, sob pena de multa, paralisem imediatamente as obras e se abstenham de novas despesas p\u00fablicas que impliquem em qualquer altera\u00e7\u00e3o do pr\u00e9dio sem a autoriza\u00e7\u00e3o do Iphan. E que, al\u00e9m disso, a prefeita informe dados como o estado de conserva\u00e7\u00e3o do bem cultural, a motiva\u00e7\u00e3o t\u00e9cnica para a obra, o que foi feito com as pe\u00e7as centen\u00e1rias retiradas do piso e toda a documenta\u00e7\u00e3o que comprove a suposta legalidade da obra.\nPor fim, ficou decidido que uma auditoria do TCE vai realizar uma inspe\u00e7\u00e3o in loco no pr\u00e9dio hist\u00f3rico para saber ao certo a real dimens\u00e3o do dano causado.\nV\u00eddeos mais assistidos da Para\u00edba ","protected":false},"excerpt":{"rendered":"<p>      Iphan identificou que a Prefeitura vinha destruindo uma tijolaria do local de mais de 200 anos, sem autoriza\u00e7\u00e3o do instituto, que regula pr\u00e9dios tombados do pa\u00eds. Fachada do Casar\u00e3o Jos\u00e9 Rufino, em Areia<br \/>\nEwerton Correia\/TV Para\u00edba<br \/>\nO Tribunal de J&#8230;<\/p>\n","protected":false},"author":2,"featured_media":0,"comment_status":"closed","ping_status":"closed","sticky":false,"template":"","format":"standard","meta":{"advgb_blocks_editor_width":"","advgb_blocks_columns_visual_guide":"","footnotes":""},"categories":[34],"tags":[35],"class_list":["post-9233","post","type-post","status-publish","format-standard","hentry","category-g1","tag-g1"],"author_meta":{"display_name":"g1 &gt; Para\u00edba","author_link":"https:\/\/sindaopcpb.org.br\/author\/g1-paraiba\/"},"featured_img":null,"coauthors":[],"tax_additional":{"categories":{"linked":["<a href=\"https:\/\/sindaopcpb.org.br\/g1\/\" class=\"advgb-post-tax-term\">G1<\/a>"],"unlinked":["<span class=\"advgb-post-tax-term\">G1<\/span>"]},"tags":{"linked":["<a href=\"https:\/\/sindaopcpb.org.br\/g1\/\" class=\"advgb-post-tax-term\">g1<\/a>"],"unlinked":["<span class=\"advgb-post-tax-term\">g1<\/span>"]}},"comment_count":"0","relative_dates":{"created":"Publicado 3 anos atr\u00e1s","modified":"Atualizado 3 anos atr\u00e1s"},"absolute_dates":{"created":"Publicado em 24 de janeiro de 2023","modified":"Atualizado em 24 de janeiro de 2023"},"absolute_dates_time":{"created":"Publicado em 24 de janeiro de 2023 19:32","modified":"Atualizado em 24 de janeiro de 2023 19:32"},"featured_img_caption":"","series_order":"","_links":{"self":[{"href":"https:\/\/sindaopcpb.org.br\/index.php\/wp-json\/wp\/v2\/posts\/9233","targetHints":{"allow":["GET"]}}],"collection":[{"href":"https:\/\/sindaopcpb.org.br\/index.php\/wp-json\/wp\/v2\/posts"}],"about":[{"href":"https:\/\/sindaopcpb.org.br\/index.php\/wp-json\/wp\/v2\/types\/post"}],"author":[{"embeddable":true,"href":"https:\/\/sindaopcpb.org.br\/index.php\/wp-json\/wp\/v2\/users\/2"}],"replies":[{"embeddable":true,"href":"https:\/\/sindaopcpb.org.br\/index.php\/wp-json\/wp\/v2\/comments?post=9233"}],"version-history":[{"count":1,"href":"https:\/\/sindaopcpb.org.br\/index.php\/wp-json\/wp\/v2\/posts\/9233\/revisions"}],"predecessor-version":[{"id":9234,"href":"https:\/\/sindaopcpb.org.br\/index.php\/wp-json\/wp\/v2\/posts\/9233\/revisions\/9234"}],"wp:attachment":[{"href":"https:\/\/sindaopcpb.org.br\/index.php\/wp-json\/wp\/v2\/media?parent=9233"}],"wp:term":[{"taxonomy":"category","embeddable":true,"href":"https:\/\/sindaopcpb.org.br\/index.php\/wp-json\/wp\/v2\/categories?post=9233"},{"taxonomy":"post_tag","embeddable":true,"href":"https:\/\/sindaopcpb.org.br\/index.php\/wp-json\/wp\/v2\/tags?post=9233"}],"curies":[{"name":"wp","href":"https:\/\/api.w.org\/{rel}","templated":true}]}}