{"id":9,"date":"2019-08-01T20:10:20","date_gmt":"2019-08-01T23:10:20","guid":{"rendered":"https:\/\/sindaopcpb.org.br\/index.php\/2019\/08\/01\/entidades-das-policias-civil-militar-e-dos-bombeiros-sao-recebidas-pelo-secretario-de-seguranca-do-estado\/"},"modified":"2019-08-01T20:10:20","modified_gmt":"2019-08-01T23:10:20","slug":"entidades-das-policias-civil-militar-e-dos-bombeiros-sao-recebidas-pelo-secretario-de-seguranca-do-estado","status":"publish","type":"post","link":"https:\/\/sindaopcpb.org.br\/index.php\/2019\/08\/01\/entidades-das-policias-civil-militar-e-dos-bombeiros-sao-recebidas-pelo-secretario-de-seguranca-do-estado\/","title":{"rendered":"Entidades das Pol\u00edcias Civil, Militar e dos Bombeiros s\u00e3o recebidas pelo Secret\u00e1rio de Seguran\u00e7a do Estado"},"content":{"rendered":"<p style=\"text-align: justify;\">Na tarde de ontem, 11, o Secret\u00e1rio de Seguran\u00e7a da Para\u00edba, Jean Francisco Nunes, recebeu representantes de 10 entidades das Pol\u00edcias Civil, Militar e dos Bombeiros na sede da secretaria. A reuni\u00e3o foi destinada a tratar de uma pauta \u00fanica: o cumprimento do subs\u00eddio salarial para os mais de 16 mil policiais do estado. Na ocasi\u00e3o, foi entregue um of\u00edcio ratificando o apoio ao atual governador, a receptividade e gest\u00e3o do secret\u00e1rio e a confian\u00e7a no Governo em colocar em pr\u00e1tica a aplica\u00e7\u00e3o da lei.\u00a0<\/p>\n<p style=\"text-align: justify;\">O presidente da Associa\u00e7\u00e3o de Defesa das Prerrogativas dos Delegados de Pol\u00edcia da Para\u00edba (Adepdel), Steferson Nogueira, colocou o pleito ao Secret\u00e1rio Jean Francisco Nunes. \u201cNesses cinco meses de gest\u00e3o j\u00e1 sentimos um tratamento diferenciado com os servidores, a partir da abertura desse canal de di\u00e1logo pela secretaria que antes n\u00e3o era t\u00e3o transparente. Acreditamos que a conversa \u00e9 o melhor caminho para construir e elegemos o secret\u00e1rio Jean como o condutor desse processo em busca do subs\u00eddio porque confiamos em seu trabalho. Sabemos que n\u00e3o ser\u00e1 uma luta f\u00e1cil, mas \u00e9 poss\u00edvel e o governador Jo\u00e3o Azevedo pode entrar para nossa hist\u00f3ria\u201d, disse o delegado.<\/p>\n<p style=\"text-align: justify;\">A implementa\u00e7\u00e3o da remunera\u00e7\u00e3o por subs\u00eddio \u00e9 uma demanda antiga de todas as categorias da pol\u00edcia da Para\u00edba, que agora est\u00e3o unidas para conquist\u00e1-la. O presidente da Associa\u00e7\u00e3o dos Inativos da Pol\u00edcia Militar e dos Bombeiros, Maquir Alves Cordeiro, pontuou que o subs\u00eddio j\u00e1 chegou a ser assinado em 2010, mas foi revogado antes de come\u00e7ar a valer. Outro ponto apresentado como favor\u00e1vel ao pedido foi que o ICMS do Estado tem crescido e os n\u00fameros est\u00e3o bons. Os representantes de todas as entidades reconheceram as iniciativas dos \u00faltimos oito anos, do governo anterior, mas apontaram a necessidade de avan\u00e7ar e ter o pleito aprovado ainda em 2019, uma vez que n\u00e3o implicar\u00e1 em um impacto financeiro para este ano.<\/p>\n<p style=\"text-align: justify;\">\u201cApesar de cada associa\u00e7\u00e3o ter seu pleito, estamos unidos convergindo em busca do subs\u00eddio para reparar arestas de quem j\u00e1 est\u00e1 aposentado e quem ainda est\u00e1 trabalhando. A gente s\u00f3 pede o cumprimento da lei, pois esse direito est\u00e1 assegurado na Constitui\u00e7\u00e3o Federal\u201d, declarou a presidente da Associa\u00e7\u00e3o dos T\u00e9cnicos em Per\u00edcia e Necrotomistas da Pol\u00edcia Civil (Atenepol), Germana Hon\u00f3rio.<\/p>\n<p style=\"text-align: justify;\">O subs\u00eddio salarial nada mais \u00e9 do que a incorpora\u00e7\u00e3o da bolsa desempenho e demais verbas precat\u00f3rias nos sal\u00e1rios. Deste modo, quando um policial se aposentar ou ficar inv\u00e1lido n\u00e3o vai perder 40% do seu sal\u00e1rio. \u201cA maioria dos estados do Nordeste j\u00e1 cumprem a lei, incluindo nossos vizinhos Pernambuco, Cear\u00e1 e Rio Grande do Norte. Nossa Pol\u00edcia Militar \u00e9 a que tem a pior remunera\u00e7\u00e3o da regi\u00e3o e o sal\u00e1rio \u00e9 at\u00e9 desproporcional e injusto quando comparado aos \u00edndices de seguran\u00e7a do Estado. Acredito que o subs\u00eddio vai dar um equil\u00edbrio nisso, al\u00e9m de ser uma forma de reconhecimento ao trabalho que realizamos\u201d, declarou o presidente da Caixa Beneficente dos Oficiais e Pra\u00e7as da Pol\u00edcia Militar e Bombeiro Militar, Marcos Sobreira.<\/p>\n<p style=\"text-align: justify;\">O Secret\u00e1rio de Seguran\u00e7a, Jean Francisco Nunes, finalizou a reuni\u00e3o prometendo levar o assunto ao governador Jo\u00e3o Azevedo. \u201cEnalte\u00e7o a maturidade de todos em estabelecer uma mesma meta, o que facilita para o Governo. O pedido \u00e9 justo, mas a princ\u00edpio, o que posso garantir \u00e9 que vamos lutar juntos. Preciso que voc\u00eas continuem dando resultado nas ruas, enquanto busco uma agenda para um encontro do grupo com o governador. Ele tem dito que n\u00e3o \u00e9 contra nada e tem se mostrado aberto as propostas. O melhor caminho \u00e9 este mesmo, o do di\u00e1logo. Contem com minha transpar\u00eancia\u201d, afirmou.<\/p>\n<p style=\"text-align: justify;\">Participaram da reuni\u00e3o os presidentes das seguintes entidades: Sindicato dos Servidores da Pol\u00edcia Civil do Estado da Para\u00edba (Sindspol), Comiss\u00e3o dos Agentes Operacionais da Pol\u00edcia Civil, Associa\u00e7\u00e3o dos Papiloscopistas Policiais Civis da Para\u00edba (ASPPEPB), Associa\u00e7\u00e3o de Cabos e Soldados da Para\u00edba (ACSPMBM\/PB), Clube dos Oficiais da Para\u00edba, Associa\u00e7\u00e3o dos T\u00e9cnicos em Per\u00edcia e Necrotomistas da Pol\u00edcia Civil (Atenepol), Associa\u00e7\u00e3o dos Oficiais da Pol\u00edcia e Bombeiro Militar (ASSOF\/PB), Associa\u00e7\u00e3o dos Inativos da Pol\u00edcia Militar e dos Bombeiros, Caixa beneficente dos Oficiais e Pra\u00e7as da Pol\u00edcia Militar e Bombeiro Militar, Associa\u00e7\u00e3o dos Subtenentes e Sargentos (ASSPOMPB) e Associa\u00e7\u00e3o de Defesa das Prerrogativas dos Delegados de Pol\u00edcia da Para\u00edba (Adepdel).<\/p>\n<ul class=\"wp-block-gallery aligncenter columns-2 is-cropped\">\n<li class=\"blocks-gallery-item\">\n<figure><a href=\"https:\/\/segurancadapbsemperdas.com.br\/wp-content\/uploads\/2019\/07\/83e290b6-d022-4d35-83ac-d9b8b29f50bb-730x1024.jpeg\" rel=\"lightbox[wp5-gallery-0] nofollow noopener\" data-type=\"gallery\" target=\"_blank\"><\/a><\/figure>\n<\/li>\n<li class=\"blocks-gallery-item\">\n<figure><a href=\"https:\/\/segurancadapbsemperdas.com.br\/wp-content\/uploads\/2019\/07\/8aab33f8-3fae-4cb6-8087-b35a634b145c-1-738x1024.jpeg\" rel=\"lightbox[wp5-gallery-0] nofollow noopener\" data-type=\"gallery\" target=\"_blank\"><img decoding=\"async\" class=\"wp-image-148\" src=\"https:\/\/segurancadapbsemperdas.com.br\/wp-content\/uploads\/2019\/07\/8aab33f8-3fae-4cb6-8087-b35a634b145c-1-738x1024.jpeg\" sizes=\"(max-width: 738px) 100vw, 738px\" srcset=\"https:\/\/segurancadapbsemperdas.com.br\/wp-content\/uploads\/2019\/07\/8aab33f8-3fae-4cb6-8087-b35a634b145c-1-738x1024.jpeg 738w, https:\/\/segurancadapbsemperdas.com.br\/wp-content\/uploads\/2019\/07\/8aab33f8-3fae-4cb6-8087-b35a634b145c-1-216x300.jpeg 216w, https:\/\/segurancadapbsemperdas.com.br\/wp-content\/uploads\/2019\/07\/8aab33f8-3fae-4cb6-8087-b35a634b145c-1-768x1066.jpeg 768w, https:\/\/segurancadapbsemperdas.com.br\/wp-content\/uploads\/2019\/07\/8aab33f8-3fae-4cb6-8087-b35a634b145c-1-105x146.jpeg 105w, https:\/\/segurancadapbsemperdas.com.br\/wp-content\/uploads\/2019\/07\/8aab33f8-3fae-4cb6-8087-b35a634b145c-1-36x50.jpeg 36w, https:\/\/segurancadapbsemperdas.com.br\/wp-content\/uploads\/2019\/07\/8aab33f8-3fae-4cb6-8087-b35a634b145c-1-54x75.jpeg 54w, https:\/\/segurancadapbsemperdas.com.br\/wp-content\/uploads\/2019\/07\/8aab33f8-3fae-4cb6-8087-b35a634b145c-1.jpeg 1153w\" alt=\"\" data-id=\"148\" data-link=\"https:\/\/segurancadapbsemperdas.com.br\/?attachment_id=148\" title=\"\"><\/a><\/figure>\n<\/li>\n<\/ul>\n","protected":false},"excerpt":{"rendered":"<p>Na tarde de ontem, 11, o Secret\u00e1rio de Seguran\u00e7a da Para\u00edba, Jean Francisco Nunes, recebeu<\/p>\n","protected":false},"author":1,"featured_media":0,"comment_status":"open","ping_status":"open","sticky":false,"template":"","format":"standard","meta":{"advgb_blocks_editor_width":"","advgb_blocks_columns_visual_guide":"","footnotes":""},"categories":[3],"tags":[13,14],"class_list":["post-9","post","type-post","status-publish","format-standard","hentry","category-uncategorised","tag-entidades-das-policias-civil","tag-militar-e-dos-bombeiros-sao-recebidas-pelo-secretario-de-seguranca-do-estado"],"author_meta":{"display_name":"OrlandoPassos","author_link":"https:\/\/sindaopcpb.org.br\/author\/orlandopassos\/"},"featured_img":null,"coauthors":[],"tax_additional":{"categories":{"linked":["<a href=\"https:\/\/sindaopcpb.org.br\/uncategorised\/\" class=\"advgb-post-tax-term\">Geral<\/a>"],"unlinked":["<span class=\"advgb-post-tax-term\">Geral<\/span>"]},"tags":{"linked":["<a href=\"https:\/\/sindaopcpb.org.br\/uncategorised\/\" class=\"advgb-post-tax-term\">Entidades das Pol\u00edcias Civil<\/a>","<a href=\"https:\/\/sindaopcpb.org.br\/uncategorised\/\" class=\"advgb-post-tax-term\">Militar e dos Bombeiros s\u00e3o recebidas pelo Secret\u00e1rio de Seguran\u00e7a do Estado<\/a>"],"unlinked":["<span class=\"advgb-post-tax-term\">Entidades das Pol\u00edcias Civil<\/span>","<span class=\"advgb-post-tax-term\">Militar e dos Bombeiros s\u00e3o recebidas pelo Secret\u00e1rio de Seguran\u00e7a do Estado<\/span>"]}},"comment_count":"0","relative_dates":{"created":"Publicado 7 anos atr\u00e1s","modified":"Atualizado 7 anos atr\u00e1s"},"absolute_dates":{"created":"Publicado em 1 de agosto de 2019","modified":"Atualizado em 1 de agosto de 2019"},"absolute_dates_time":{"created":"Publicado em 1 de agosto de 2019 20:10","modified":"Atualizado em 1 de agosto de 2019 20:10"},"featured_img_caption":"","series_order":"","_links":{"self":[{"href":"https:\/\/sindaopcpb.org.br\/index.php\/wp-json\/wp\/v2\/posts\/9","targetHints":{"allow":["GET"]}}],"collection":[{"href":"https:\/\/sindaopcpb.org.br\/index.php\/wp-json\/wp\/v2\/posts"}],"about":[{"href":"https:\/\/sindaopcpb.org.br\/index.php\/wp-json\/wp\/v2\/types\/post"}],"author":[{"embeddable":true,"href":"https:\/\/sindaopcpb.org.br\/index.php\/wp-json\/wp\/v2\/users\/1"}],"replies":[{"embeddable":true,"href":"https:\/\/sindaopcpb.org.br\/index.php\/wp-json\/wp\/v2\/comments?post=9"}],"version-history":[{"count":0,"href":"https:\/\/sindaopcpb.org.br\/index.php\/wp-json\/wp\/v2\/posts\/9\/revisions"}],"wp:attachment":[{"href":"https:\/\/sindaopcpb.org.br\/index.php\/wp-json\/wp\/v2\/media?parent=9"}],"wp:term":[{"taxonomy":"category","embeddable":true,"href":"https:\/\/sindaopcpb.org.br\/index.php\/wp-json\/wp\/v2\/categories?post=9"},{"taxonomy":"post_tag","embeddable":true,"href":"https:\/\/sindaopcpb.org.br\/index.php\/wp-json\/wp\/v2\/tags?post=9"}],"curies":[{"name":"wp","href":"https:\/\/api.w.org\/{rel}","templated":true}]}}