{"id":8,"date":"2019-08-01T20:09:19","date_gmt":"2019-08-01T23:09:19","guid":{"rendered":"https:\/\/sindaopcpb.org.br\/index.php\/2019\/08\/01\/entidades-representativas-das-policias-se-reunem-para-fortalecer-campanha-em-busca-do-cumprimento-do-subsidio\/"},"modified":"2019-08-01T20:09:19","modified_gmt":"2019-08-01T23:09:19","slug":"entidades-representativas-das-policias-se-reunem-para-fortalecer-campanha-em-busca-do-cumprimento-do-subsidio","status":"publish","type":"post","link":"https:\/\/sindaopcpb.org.br\/index.php\/2019\/08\/01\/entidades-representativas-das-policias-se-reunem-para-fortalecer-campanha-em-busca-do-cumprimento-do-subsidio\/","title":{"rendered":"Entidades representativas das Pol\u00edcias se re\u00fanem para fortalecer campanha em busca do cumprimento do subs\u00eddio"},"content":{"rendered":"<p style=\"text-align: justify;\">Na manh\u00e3 de hoje, 30, a Associa\u00e7\u00e3o de Defesa das Prerrogativas dos Delegados de Pol\u00edcia da Para\u00edba (Adepdel) convidou representantes de entidades representativas das Pol\u00edcias Civil, Militar e dos Bombeiros para unir for\u00e7as em busca do cumprimento da implementa\u00e7\u00e3o da remunera\u00e7\u00e3o por subs\u00eddio. O pleito vai beneficiar mais de 15 mil profissionais, garantindo a incorpora\u00e7\u00e3o da bolsa desempenho e demais verbas prec\u00e1rias nos sal\u00e1rios. A Constitui\u00e7\u00e3o Federal prev\u00ea que o pagamento das pol\u00edcias civis e militares seja por subs\u00eddio.<\/p>\n<p>\u201cTomamos a iniciativa de realizar esta reuni\u00e3o com o objetivo de convidar todas as associa\u00e7\u00f5es e sindicatos para caminharmos juntos em busca desse pleito que \u00e9 comum entre as categorias. Temos a consci\u00eancia de que ser\u00e1 uma longa luta, mas unidos ficaremos mais fortes. Na Pol\u00edcia Civil, posso afirmar que 36% do efetivo j\u00e1 poderia se aposentar. O momento de conseguirmos essa conquista \u00e9 agora, pois temos confian\u00e7a no trabalho da atual Secretaria de Seguran\u00e7a P\u00fablica e do novo governador, que reconhecem a import\u00e2ncia das for\u00e7as de seguran\u00e7a e da valoriza\u00e7\u00e3o do ser humano, como demonstrou na semana passada com a assinatura do Plano de Cargos e Carreiras dos agentes penitenci\u00e1rios. Vale lembrar que Pernambuco e Rio Grande do Norte j\u00e1 garantiram o direito do subs\u00eddio aos seus profissionais\u201d, disse o presidente da Adepdel, Steferson Nogueira.\u00a0<\/p>\n<p style=\"text-align: justify;\">A incorpora\u00e7\u00e3o da bolsa desempenho e demais verbas prec\u00e1rias no sal\u00e1rio \u00e9 importante porque garante que, ao se aposentar, um policial civil ou militar n\u00e3o perca 40% ou mais do sal\u00e1rio, por exemplo. O caso do major da Pol\u00edcia Militar Edilson Bernardo exemplifica bem a necessidade da mudan\u00e7a: \u201cquando a gente entra na PM seguimos uma hierarquia at\u00e9 chegar ao cargo mais alto que \u00e9 o de coronel. Na ativa eu cheguei a major, e hoje na reserva, o valor da minha aposentadoria \u00e9 o sal\u00e1rio de quando eu era 1\u00ba tenente, que \u00e9 o equivalente ao sal\u00e1rio de um tenente-coronel inativo. Acredito que o subs\u00eddio v\u00e1 corrigir esse tipo de distor\u00e7\u00e3o\u201d, afirmou o representante da Caixa Beneficente dos Oficiais e Pra\u00e7as da Pol\u00edcia Militar e Bombeiro Militar da Para\u00edba.<\/p>\n<p>A presidente da Associa\u00e7\u00e3o dos T\u00e9cnicos em Per\u00edcia e Necrotomistas da Pol\u00edcia Civil (Atenepol), Germana Hon\u00f3rio, tamb\u00e9m se posicionou sobre o assunto: \u201choje, a maior reivindica\u00e7\u00e3o da nossa categoria \u00e9 o cumprimento da lei. O subs\u00eddio vai ser um passo fundamental para que depois a gente possa buscar outro ponto importante que \u00e9 a aplica\u00e7\u00e3o da Lei Complementar 94. Atualmente, recebemos sal\u00e1rios de n\u00edvel m\u00e9dio, mas nossas carreiras desde 2010 passaram a ser de n\u00edvel superior\u201d, colocou a necrotomista. Ela foi apoiada por Cl\u00e9bio da Silva Gomes, presidente da Associa\u00e7\u00e3o dos Papiloscopistas Policiais Civis da Para\u00edba, que se posicionou a favor da cria\u00e7\u00e3o de uma unidade em busca do subs\u00eddio.<\/p>\n<p>Tamb\u00e9m declarou apoio ao pleito, o presidente do Sindicato dos Servidores da Pol\u00edcia Civil do Estado da Para\u00edba, Ant\u00f4nio Erivaldo. \u201cNosso sistema \u00e9 escravagista quando se trata de aposentadoria. Nos unirmos em busca do subs\u00eddio \u00e9 um grande avan\u00e7o, sinal de amadurecimento. Acredito que este grupo aqui reunido represente 99% do caminho para a vit\u00f3ria\u201d, afirmou.<\/p>\n<p>J\u00e1 o coronel Francisco de Assis, presidente do Clube dos Oficiais da Pol\u00edcia e Bombeiro Militar da Para\u00edba levantou um aspecto importante da discuss\u00e3o. Para ele, hoje quem est\u00e1 na ativa tem uma situa\u00e7\u00e3o confort\u00e1vel, apesar de saber que uma hora vai ser atingido. \u201cDiante do cen\u00e1rio favor\u00e1vel no Governo, acredito que este \u00e9 o momento de cobrar o que \u00e9 assegurado por lei e n\u00e3o vem sendo cumprido\u201d, disse.<\/p>\n<p>A campanha em prol do subs\u00eddio salarial foi iniciada pela Adepdel no dia 20 de abril com a entrega de uma proposta ao Secret\u00e1rio de Seguran\u00e7a do Estado, Jean Francisco. Ele se mostrou a favor do pleito e garantiu que levaria a discuss\u00e3o at\u00e9 o governador Jo\u00e3o Azevedo.<\/p>\n<p>As categorias entenderam como muito importante a uni\u00e3o para resolverem esse pleito ainda este ano, uma vez que n\u00e3o implicar\u00e1 em um impacto financeiro ao Governo em 2019.<\/p>\n<p>Por todos os presentes foi demonstrada a confian\u00e7a no Secret\u00e1rio de Seguran\u00e7a, de forma que um of\u00edcio conjunto ser\u00e1 entregue a ele.<\/p>\n<p>Tamb\u00e9m esteve na reuni\u00e3o Charles Lustosa dos Passos, representante da categoria dos Agentes Operacionais da Pol\u00edcia Civil.<\/p>\n","protected":false},"excerpt":{"rendered":"<p>Na manh\u00e3 de hoje, 30, a Associa\u00e7\u00e3o de Defesa das Prerrogativas dos Delegados de Pol\u00edcia<\/p>\n","protected":false},"author":1,"featured_media":0,"comment_status":"open","ping_status":"open","sticky":false,"template":"","format":"standard","meta":{"advgb_blocks_editor_width":"","advgb_blocks_columns_visual_guide":"","footnotes":""},"categories":[3],"tags":[12],"class_list":["post-8","post","type-post","status-publish","format-standard","hentry","category-uncategorised","tag-entidades-representativas-das-policias-se-reunem-para-fortalecer-campanha-em-busca-do-cumprimento-do-subsidio"],"author_meta":{"display_name":"OrlandoPassos","author_link":"https:\/\/sindaopcpb.org.br\/author\/orlandopassos\/"},"featured_img":null,"coauthors":[],"tax_additional":{"categories":{"linked":["<a href=\"https:\/\/sindaopcpb.org.br\/uncategorised\/\" class=\"advgb-post-tax-term\">Geral<\/a>"],"unlinked":["<span class=\"advgb-post-tax-term\">Geral<\/span>"]},"tags":{"linked":["<a href=\"https:\/\/sindaopcpb.org.br\/uncategorised\/\" class=\"advgb-post-tax-term\">Entidades representativas das Pol\u00edcias se re\u00fanem para fortalecer campanha em busca do cumprimento do subs\u00eddio<\/a>"],"unlinked":["<span class=\"advgb-post-tax-term\">Entidades representativas das Pol\u00edcias se re\u00fanem para fortalecer campanha em busca do cumprimento do subs\u00eddio<\/span>"]}},"comment_count":"0","relative_dates":{"created":"Publicado 7 anos atr\u00e1s","modified":"Atualizado 7 anos atr\u00e1s"},"absolute_dates":{"created":"Publicado em 1 de agosto de 2019","modified":"Atualizado em 1 de agosto de 2019"},"absolute_dates_time":{"created":"Publicado em 1 de agosto de 2019 20:09","modified":"Atualizado em 1 de agosto de 2019 20:09"},"featured_img_caption":"","series_order":"","_links":{"self":[{"href":"https:\/\/sindaopcpb.org.br\/index.php\/wp-json\/wp\/v2\/posts\/8","targetHints":{"allow":["GET"]}}],"collection":[{"href":"https:\/\/sindaopcpb.org.br\/index.php\/wp-json\/wp\/v2\/posts"}],"about":[{"href":"https:\/\/sindaopcpb.org.br\/index.php\/wp-json\/wp\/v2\/types\/post"}],"author":[{"embeddable":true,"href":"https:\/\/sindaopcpb.org.br\/index.php\/wp-json\/wp\/v2\/users\/1"}],"replies":[{"embeddable":true,"href":"https:\/\/sindaopcpb.org.br\/index.php\/wp-json\/wp\/v2\/comments?post=8"}],"version-history":[{"count":0,"href":"https:\/\/sindaopcpb.org.br\/index.php\/wp-json\/wp\/v2\/posts\/8\/revisions"}],"wp:attachment":[{"href":"https:\/\/sindaopcpb.org.br\/index.php\/wp-json\/wp\/v2\/media?parent=8"}],"wp:term":[{"taxonomy":"category","embeddable":true,"href":"https:\/\/sindaopcpb.org.br\/index.php\/wp-json\/wp\/v2\/categories?post=8"},{"taxonomy":"post_tag","embeddable":true,"href":"https:\/\/sindaopcpb.org.br\/index.php\/wp-json\/wp\/v2\/tags?post=8"}],"curies":[{"name":"wp","href":"https:\/\/api.w.org\/{rel}","templated":true}]}}