{"id":73279,"date":"2026-09-06T15:59:44","date_gmt":"2026-09-06T18:59:44","guid":{"rendered":"https:\/\/g1.globo.com\/pb\/paraiba\/noticia\/2026\/09\/06\/7-de-setembro-confira-a-programacao-do-desfile-civico-em-joao-pessoa.ghtml"},"modified":"2026-09-06T15:59:44","modified_gmt":"2026-09-06T18:59:44","slug":"7-de-setembro-confira-a-programacao-do-desfile-civico-em-joao-pessoa","status":"publish","type":"post","link":"https:\/\/sindaopcpb.org.br\/index.php\/2026\/09\/06\/7-de-setembro-confira-a-programacao-do-desfile-civico-em-joao-pessoa\/","title":{"rendered":"7 de setembro: confira a programa\u00e7\u00e3o do desfile c\u00edvico em Jo\u00e3o Pessoa"},"content":{"rendered":"   <img src=\"https:\/\/s2-g1.glbimg.com\/LYPXf8ns5dQKmipZf6xxm_04R60=\/i.s3.glbimg.com\/v1\/AUTH_59edd422c0c84a879bd37670ae4f538a\/internal_photos\/bs\/2017\/l\/o\/EkMqrmRema1ghYuAbUmg\/desfile1.jpg\" \/><br \/>     Desfile de 7 de setembro em Jo\u00e3o Pessoa\nKrystine Carneiro\/G1\nO desfile c\u00edvico-militar de 7 de Setembro ser\u00e1 realizado nesta segunda-feira (7), em Jo\u00e3o Pessoa, em comemora\u00e7\u00e3o ao Dia da Independ\u00eancia do Brasil. A programa\u00e7\u00e3o acontece a partir das 7h15, na Avenida Duarte da Silveira, no Centro da capital, e provoca mudan\u00e7as no tr\u00e2nsito e no transporte p\u00fablico desde as primeiras horas da manh\u00e3.\nLEIA TAMB\u00c9M:\nConfira o esquema de tr\u00e2nsito para o desfile c\u00edvico em Jo\u00e3o Pessoa\nVeja o que abre e o que fecha em Jo\u00e3o Pessoa no feriado de 7 de Setembro\nDe acordo com a Superintend\u00eancia Executiva de Mobilidade Urbana de Jo\u00e3o Pessoa (Semob-JP), os bloqueios come\u00e7am \u00e0s 5h, tr\u00eas horas antes do in\u00edcio do desfile. Ao todo, cerca de 120 agentes de mobilidade estar\u00e3o distribu\u00eddos pela regi\u00e3o para orientar motoristas e pedestres.\n\u2705 Clique aqui para seguir o canal do g1 PB no WhatsApp\nA programa\u00e7\u00e3o oficial come\u00e7a \u00e0s 7h15, com a apresenta\u00e7\u00e3o das tropas da Marinha, do Ex\u00e9rcito, da Pol\u00edcia Militar e do Corpo de Bombeiros ao comandante do Destacamento Militar. Na sequ\u00eancia, ser\u00e1 realizada a revista \u00e0 tropa.\n\u00c0s 7h45, est\u00e1 previsto o hasteamento dos pavilh\u00f5es Nacional, Estadual e Municipal, acompanhado pela Banda 5 de Agosto. O desfile come\u00e7a \u00e0s 8h, com a participa\u00e7\u00e3o das For\u00e7as Armadas, \u00f3rg\u00e3os de seguran\u00e7a p\u00fablica, escolas e entidades.\nAgora no g1\nA previs\u00e3o \u00e9 que a programa\u00e7\u00e3o seja encerrada ao meio-dia, com a extin\u00e7\u00e3o do Fogo Simb\u00f3lico da P\u00e1tria. \u00c0s 18h, haver\u00e1 ainda a solenidade de arriamento do Pavilh\u00e3o Nacional, realizada por um oficial da Casa Militar, acompanhado pela Guarda do Pal\u00e1cio.\nN\u00e3o haver\u00e1 arquibancadas para o p\u00fablico\nQuem pretende acompanhar o desfile presencialmente deve ficar atento a outro detalhe. N\u00e3o ser\u00e3o montadas arquibancadas para o p\u00fablico neste ano.\nCom isso, a recomenda\u00e7\u00e3o \u00e9 que os espectadores se organizem para permanecer no local durante a programa\u00e7\u00e3o. Os espectadores podem levar cadeiras, \u00e1gua e prote\u00e7\u00e3o contra o sol, especialmente idosos e pessoas que tenham dificuldade para permanecer em p\u00e9 por longos per\u00edodos.\nTr\u00e2nsito ter\u00e1 bloqueios a partir das 5h\nSegundo Sanderson Ces\u00e1reo, da Semob-JP, o isolamento ser\u00e1 iniciado ainda de madrugada. O bloqueio inclui o trecho entre a regi\u00e3o da Lagoa, a Avenida Get\u00falio Vargas e a Avenida Duarte da Silveira, seguindo at\u00e9 a Avenida Clemente Rosas.\nDurante o per\u00edodo de interdi\u00e7\u00e3o, n\u00e3o ser\u00e1 permitido o tr\u00e1fego de ve\u00edculos no trecho destinado ao desfile.\nA orienta\u00e7\u00e3o da Semob \u00e9 que quem precisar utilizar ve\u00edculo particular evite tentar chegar \u00e0 \u00e1rea do desfile pela Avenida Duarte da Silveira e procure estacionar nas vias transversais.\n\u00d4nibus ter\u00e3o circula\u00e7\u00e3o alterada\nO transporte p\u00fablico tamb\u00e9m ter\u00e1 mudan\u00e7as durante o feriado. As linhas que normalmente circulam pela Avenida Beira Rio ser\u00e3o desviadas para a Avenida Epit\u00e1cio Pessoa. J\u00e1 as linhas que fazem o trajeto entre o Centro e a Zona Sul utilizar\u00e3o a Avenida Dom Pedro II.\nAo todo, 52 linhas de \u00f4nibus estar\u00e3o em opera\u00e7\u00e3o, seguindo o quadro de domingo. Segundo a Semob-JP, isso representa uma redu\u00e7\u00e3o de aproximadamente 60% da frota, com cerca de 40% dos ve\u00edculos circulando.\nV\u00eddeos mais assistidos do g1 Para\u00edba  ","protected":false},"excerpt":{"rendered":"<p>        Desfile de 7 de setembro em Jo\u00e3o Pessoa<br \/>\nKrystine Carneiro\/G1<br \/>\nO desfile c\u00edvico-militar de 7 de Setembro ser\u00e1 realizado nesta segunda-feira (7), em Jo\u00e3o Pessoa, em comemora\u00e7\u00e3o ao Dia da Independ\u00eancia do Brasil. A programa\u00e7\u00e3o acontece a partir das&#8230;<\/p>\n","protected":false},"author":2,"featured_media":0,"comment_status":"closed","ping_status":"closed","sticky":false,"template":"","format":"standard","meta":{"advgb_blocks_editor_width":"","advgb_blocks_columns_visual_guide":"","footnotes":""},"categories":[34],"tags":[35],"class_list":["post-73279","post","type-post","status-publish","format-standard","hentry","category-g1","tag-g1"],"author_meta":{"display_name":"g1 &gt; Para\u00edba","author_link":"https:\/\/sindaopcpb.org.br\/author\/g1-paraiba\/"},"featured_img":null,"coauthors":[],"tax_additional":{"categories":{"linked":["<a href=\"https:\/\/sindaopcpb.org.br\/g1\/\" class=\"advgb-post-tax-term\">G1<\/a>"],"unlinked":["<span class=\"advgb-post-tax-term\">G1<\/span>"]},"tags":{"linked":["<a href=\"https:\/\/sindaopcpb.org.br\/g1\/\" class=\"advgb-post-tax-term\">g1<\/a>"],"unlinked":["<span class=\"advgb-post-tax-term\">g1<\/span>"]}},"comment_count":"0","relative_dates":{"created":"Publicado 6 horas atr\u00e1s","modified":"Atualizado 6 horas atr\u00e1s"},"absolute_dates":{"created":"Publicado em 6 de setembro de 2026","modified":"Atualizado em 6 de setembro de 2026"},"absolute_dates_time":{"created":"Publicado em 6 de setembro de 2026 15:59","modified":"Atualizado em 6 de setembro de 2026 15:59"},"featured_img_caption":"","series_order":"","_links":{"self":[{"href":"https:\/\/sindaopcpb.org.br\/index.php\/wp-json\/wp\/v2\/posts\/73279","targetHints":{"allow":["GET"]}}],"collection":[{"href":"https:\/\/sindaopcpb.org.br\/index.php\/wp-json\/wp\/v2\/posts"}],"about":[{"href":"https:\/\/sindaopcpb.org.br\/index.php\/wp-json\/wp\/v2\/types\/post"}],"author":[{"embeddable":true,"href":"https:\/\/sindaopcpb.org.br\/index.php\/wp-json\/wp\/v2\/users\/2"}],"replies":[{"embeddable":true,"href":"https:\/\/sindaopcpb.org.br\/index.php\/wp-json\/wp\/v2\/comments?post=73279"}],"version-history":[{"count":1,"href":"https:\/\/sindaopcpb.org.br\/index.php\/wp-json\/wp\/v2\/posts\/73279\/revisions"}],"predecessor-version":[{"id":73280,"href":"https:\/\/sindaopcpb.org.br\/index.php\/wp-json\/wp\/v2\/posts\/73279\/revisions\/73280"}],"wp:attachment":[{"href":"https:\/\/sindaopcpb.org.br\/index.php\/wp-json\/wp\/v2\/media?parent=73279"}],"wp:term":[{"taxonomy":"category","embeddable":true,"href":"https:\/\/sindaopcpb.org.br\/index.php\/wp-json\/wp\/v2\/categories?post=73279"},{"taxonomy":"post_tag","embeddable":true,"href":"https:\/\/sindaopcpb.org.br\/index.php\/wp-json\/wp\/v2\/tags?post=73279"}],"curies":[{"name":"wp","href":"https:\/\/api.w.org\/{rel}","templated":true}]}}