{"id":73278,"date":"2026-09-06T16:02:05","date_gmt":"2026-09-06T19:02:05","guid":{"rendered":"https:\/\/g1.globo.com\/pb\/paraiba\/noticia\/2026\/09\/06\/7-de-setembro-em-campina-grande-veja-programacao-horarios-do-desfile-civico-e-interdicoes-no-transito.ghtml"},"modified":"2026-09-06T16:02:05","modified_gmt":"2026-09-06T19:02:05","slug":"7-de-setembro-em-campina-grande-veja-programacao-horarios-do-desfile-civico-e-interdicoes-no-transito","status":"publish","type":"post","link":"https:\/\/sindaopcpb.org.br\/index.php\/2026\/09\/06\/7-de-setembro-em-campina-grande-veja-programacao-horarios-do-desfile-civico-e-interdicoes-no-transito\/","title":{"rendered":"7 de Setembro em Campina Grande: veja programa\u00e7\u00e3o, hor\u00e1rios do desfile c\u00edvico e interdi\u00e7\u00f5es no tr\u00e2nsito"},"content":{"rendered":"   <img src=\"https:\/\/s2-g1.glbimg.com\/ZaAbnYJQ7GDXbSDPviWOsFZHw-0=\/i.s3.glbimg.com\/v1\/AUTH_59edd422c0c84a879bd37670ae4f538a\/internal_photos\/bs\/2026\/T\/Y\/sgmiXPSsuWJ3M0dMDbyw\/img-20260901-wa0030.jpg\" \/><br \/>     Desfile c\u00edvico de Campina Grande\nReprodu\u00e7\u00e3o Prefeitura de Campina Grande.\nNesta segunda-feira (7), \u00e9 celebrado o dia da Independ\u00eancia do Brasil. Em Campina Grande, no Agreste da Para\u00edba, a data tamb\u00e9m \u00e9 marcada pelo tradicional desfile c\u00edvico que acontece a partir das 8h e altera o funcionamento do tr\u00e2nsito e transporte p\u00fablico do munic\u00edpio.\nLEIA TAMB\u00c9M:\nEsquema de tr\u00e2nsito e transporte p\u00fablico para o 7 de Setembro em Campina Grande \u00e9 definido\nVeja o que abre e o que fecha no 7 de Setembro em Campina Grande\nNeste ano, a programa\u00e7\u00e3o ter\u00e1 in\u00edcio \u00e0s 7h, com o hasteamento do Pavilh\u00e3o Nacional, na Pra\u00e7a da Bandeira, dando in\u00edcio \u00e0s atividades. O desfile acontece a partir das 8h na Avenida Floriano Peixoto, no Centro da cidade. No entanto, o bloqueio de algumas vias come\u00e7a horas antes, a partir das 6h. Em 2026, a celebra\u00e7\u00e3o tem como tema \"Equidade, sustentabilidade e tecnologias: conex\u00f5es que transformam\".\n\u2705 Clique aqui para seguir o canal do g1 PB no WhatsApp\nA Avenida Floriano Peixoto ser\u00e1 completamente bloqueada. O estacionamento tamb\u00e9m ser\u00e1 proibido na Rua Treze de Maio e na Rua Coronel Jo\u00e3o Louren\u00e7o Porto.\nA programa\u00e7\u00e3o contar\u00e1 com a participa\u00e7\u00e3o de 16 escolas da Rede Municipal de Ensino, com 4 mil estudantes, que levar\u00e3o para a Avenida apresenta\u00e7\u00f5es relacionadas ao trabalho pedag\u00f3gico desenvolvido nas escolas. O desfile tamb\u00e9m reunir\u00e1 institui\u00e7\u00f5es das for\u00e7as de seguran\u00e7a, for\u00e7as armadas, entidades religiosas, civis e outros grupos, totalizando aproximadamente 65 unidades participantes e cerca de 10 mil pessoas.\nAgora no g1\nAl\u00e9m do desfile no Centro, outro desfile ser\u00e1 realizado \u00e0s 14h, no distrito de Galante. No dia 13 de setembro, o distrito de S\u00e3o Jos\u00e9 da Mata tamb\u00e9m ter\u00e1 um desfile, \u00e0s 14h30. \nTransporte p\u00fablico \nSegundo a Superintend\u00eancia de Tr\u00e2nsito e Transporte P\u00fablico de Campina Grande (STTP), os \u00f4nibus funcionar\u00e3o com a opera\u00e7\u00e3o de domingo na segunda-feira (7). Durante a manh\u00e3, das 6h \u00e0s 14h, 22 linhas de \u00f4nibus ter\u00e3o refor\u00e7o de 30%. Ap\u00f3s esse per\u00edodo, a opera\u00e7\u00e3o volta ao funcionamento normal para os feriados e domingos.\nA STTP informou ainda que as linhas 040, 092 e 245 funcionar\u00e3o at\u00e9 as 22h50 para atender \u00e0 demanda do Partage Shopping. Al\u00e9m da altera\u00e7\u00e3o nas linhas, o acesso aos terminais de integra\u00e7\u00e3o tamb\u00e9m ser\u00e1 modificado durante o feriado. A entrada do terminal, no sentido viaduto\u2013teatro, ser\u00e1 feita pelas ruas Severino Cruz (A\u00e7ude Velho) e Sebasti\u00e3o Donato.\nJ\u00e1 a sa\u00edda do terminal segue normalmente pela Av. Mal. Floriano Peixoto at\u00e9 o cruzamento com a R. Rui Barbosa, quando seguir\u00e3o pelas ruas Treze de Maio e Cel. Jo\u00e3o Louren\u00e7o Porto.\nOs pontos de embarque e desembarque ficar\u00e3o na Rua Treze de Maio, no lado direito da quadra entre as ruas Rui Barbosa e Afonso Pena, e na Rua Coronel Jo\u00e3o Louren\u00e7o Porto, tamb\u00e9m no lado direito, pr\u00f3ximo ao Instituto Nacional do Seguro Social (INSS).\nV\u00eddeos mais assistidos do g1 Para\u00edba  ","protected":false},"excerpt":{"rendered":"<p>        Desfile c\u00edvico de Campina Grande<br \/>\nReprodu\u00e7\u00e3o Prefeitura de Campina Grande.<br \/>\nNesta segunda-feira (7), \u00e9 celebrado o dia da Independ\u00eancia do Brasil. Em Campina Grande, no Agreste da Para\u00edba, a data tamb\u00e9m \u00e9 marcada pelo tradicional desfile c\u00edvico q&#8230;<\/p>\n","protected":false},"author":2,"featured_media":0,"comment_status":"closed","ping_status":"closed","sticky":false,"template":"","format":"standard","meta":{"advgb_blocks_editor_width":"","advgb_blocks_columns_visual_guide":"","footnotes":""},"categories":[34],"tags":[35],"class_list":["post-73278","post","type-post","status-publish","format-standard","hentry","category-g1","tag-g1"],"author_meta":{"display_name":"g1 &gt; Para\u00edba","author_link":"https:\/\/sindaopcpb.org.br\/author\/g1-paraiba\/"},"featured_img":null,"coauthors":[],"tax_additional":{"categories":{"linked":["<a href=\"https:\/\/sindaopcpb.org.br\/g1\/\" class=\"advgb-post-tax-term\">G1<\/a>"],"unlinked":["<span class=\"advgb-post-tax-term\">G1<\/span>"]},"tags":{"linked":["<a href=\"https:\/\/sindaopcpb.org.br\/g1\/\" class=\"advgb-post-tax-term\">g1<\/a>"],"unlinked":["<span class=\"advgb-post-tax-term\">g1<\/span>"]}},"comment_count":"0","relative_dates":{"created":"Publicado 5 horas atr\u00e1s","modified":"Atualizado 5 horas atr\u00e1s"},"absolute_dates":{"created":"Publicado em 6 de setembro de 2026","modified":"Atualizado em 6 de setembro de 2026"},"absolute_dates_time":{"created":"Publicado em 6 de setembro de 2026 16:02","modified":"Atualizado em 6 de setembro de 2026 16:02"},"featured_img_caption":"","series_order":"","_links":{"self":[{"href":"https:\/\/sindaopcpb.org.br\/index.php\/wp-json\/wp\/v2\/posts\/73278","targetHints":{"allow":["GET"]}}],"collection":[{"href":"https:\/\/sindaopcpb.org.br\/index.php\/wp-json\/wp\/v2\/posts"}],"about":[{"href":"https:\/\/sindaopcpb.org.br\/index.php\/wp-json\/wp\/v2\/types\/post"}],"author":[{"embeddable":true,"href":"https:\/\/sindaopcpb.org.br\/index.php\/wp-json\/wp\/v2\/users\/2"}],"replies":[{"embeddable":true,"href":"https:\/\/sindaopcpb.org.br\/index.php\/wp-json\/wp\/v2\/comments?post=73278"}],"version-history":[{"count":1,"href":"https:\/\/sindaopcpb.org.br\/index.php\/wp-json\/wp\/v2\/posts\/73278\/revisions"}],"predecessor-version":[{"id":73281,"href":"https:\/\/sindaopcpb.org.br\/index.php\/wp-json\/wp\/v2\/posts\/73278\/revisions\/73281"}],"wp:attachment":[{"href":"https:\/\/sindaopcpb.org.br\/index.php\/wp-json\/wp\/v2\/media?parent=73278"}],"wp:term":[{"taxonomy":"category","embeddable":true,"href":"https:\/\/sindaopcpb.org.br\/index.php\/wp-json\/wp\/v2\/categories?post=73278"},{"taxonomy":"post_tag","embeddable":true,"href":"https:\/\/sindaopcpb.org.br\/index.php\/wp-json\/wp\/v2\/tags?post=73278"}],"curies":[{"name":"wp","href":"https:\/\/api.w.org\/{rel}","templated":true}]}}