{"id":73276,"date":"2026-09-06T15:10:43","date_gmt":"2026-09-06T18:10:43","guid":{"rendered":"https:\/\/g1.globo.com\/pb\/paraiba\/noticia\/2026\/09\/06\/setembro-amarelo-saiba-onde-encontrar-atendimento-gratuito-de-saude-mental-na-paraiba.ghtml"},"modified":"2026-09-06T15:10:43","modified_gmt":"2026-09-06T18:10:43","slug":"setembro-amarelo-saiba-onde-encontrar-atendimento-gratuito-de-saude-mental-na-paraiba","status":"publish","type":"post","link":"https:\/\/sindaopcpb.org.br\/index.php\/2026\/09\/06\/setembro-amarelo-saiba-onde-encontrar-atendimento-gratuito-de-saude-mental-na-paraiba\/","title":{"rendered":"Setembro Amarelo: saiba onde encontrar atendimento gratuito de sa\u00fade mental na Para\u00edba"},"content":{"rendered":"   <img src=\"https:\/\/s2-g1.glbimg.com\/n4lyNpiUqTH4Sxuk5HXJVlR5_x0=\/i.s3.glbimg.com\/v1\/AUTH_59edd422c0c84a879bd37670ae4f538a\/internal_photos\/bs\/2023\/I\/N\/f702VCRyAx0u74QAD7Tw\/setembro-amarelo-shutterstock.jpg\" \/><br \/>     Campanha Setembro Amarelo tem in\u00edcio nesta sexta-feira (01\/09), com o intuito de prevenir e conscientizar sobre o suic\u00eddio no Brasil.\nshutterstock\n\ud83d\udc9b A campanha Setembro Amarelo refor\u00e7a a import\u00e2ncia dos cuidados com a sa\u00fade mental. Na Para\u00edba, a rede p\u00fablica oferece atendimento gratuito por meio de Centros de Aten\u00e7\u00e3o Psicossocial (CAPS), hospitais, resid\u00eancias terap\u00eauticas e outros servi\u00e7os. Veja nesta mat\u00e9ria alguns dos pontos com atendimentos gratuitos em sa\u00fade mental no estado.\nOs cuidados incluindo o acompanhamento psicol\u00f3gico em casos de mudan\u00e7as de comportamento s\u00e3o essenciais para prevenir o agravamento de problemas mentais. Segundo a psic\u00f3loga Anny Ramos, a campanha Setembro Amarelo \u00e9 crucial para a amplia\u00e7\u00e3o do debate sobre sa\u00fade mental e seus impactos em diferentes \u00e1reas da vida. \n\u201cO setembro amarelo amplia a conversa sobre sa\u00fade mental e ajuda a combater o estigma que ainda existe em torno do sofrimento psicol\u00f3gico. A sa\u00fade mental faz parte da sa\u00fade como um todo. N\u00e3o significa apenas n\u00e3o ter um diagn\u00f3stico de transtorno, mas tamb\u00e9m ter condi\u00e7\u00f5es de compreender e manejar as pr\u00f3prias emo\u00e7\u00f5es, estabelecer rela\u00e7\u00f5es saud\u00e1veis, lidar com as adversidades e construir uma vida que tenha sentido e qualidade\u201d, disse.\n\u2705 Clique aqui para seguir o canal do g1 PB no WhatsApp\nCom a alta na discuss\u00e3o sobre o tema, a psic\u00f3loga refor\u00e7a a import\u00e2ncia do acompanhamento profissional para ajudar na compreens\u00e3o das pr\u00f3prias emo\u00e7\u00f5es e comportamentos. \nAgora no g1\n\u201cNa psicoterapia, o paciente encontra um espa\u00e7o de escuta qualificada, sigiloso e sem julgamentos, no qual pode compreender melhor seus pensamentos, emo\u00e7\u00f5es e comportamentos. Cabe ainda destacar que n\u00e3o precisamos esperar chegar ao limite para procurar ajuda. Procurar acompanhamento psicol\u00f3gico n\u00e3o significa necessariamente estar \u201cdoente\u201d, e sim reconhecer que cuidar da sa\u00fade mental \u00e9 uma forma de autocuidado\u201d, acrescentou a especialista.\nV\u00e1rias cidades na Para\u00edba possuem atendimento psicol\u00f3gico gratuito (veja abaixo).\nAtendimento gratuito em sa\u00fade mental em Jo\u00e3o Pessoa\nCentro de Refer\u00eancia do Cuidado \u00e0 Vida (CRCV)\nO servi\u00e7o conta com equipe formada por m\u00e9dico psiquiatra, psic\u00f3logo e assistente social, al\u00e9m de grupos terap\u00eauticos. O atendimento ocorre de segunda a sexta-feira, das 8h \u00e0s 17h, por demanda espont\u00e2nea.\nEndere\u00e7o: Rua Alberto de Brito, 413 - Jaguaribe, Jo\u00e3o Pessoa.\nPronto Atendimento em Sa\u00fade Mental (PASM)\nO Pronto Atendimento em Sa\u00fade Mental (PASM) oferece atendimento de emerg\u00eancia para casos como crises agudas de sa\u00fade mental, surtos psic\u00f3ticos, uso ou abstin\u00eancia de \u00e1lcool e outras drogas e tentativas de suic\u00eddio. \nO servi\u00e7o funciona 24 horas e pode ser acessado por demanda espont\u00e2nea ou por encaminhamento do Servi\u00e7o de Atendimento M\u00f3vel de Urg\u00eancia (Samu).\nEndere\u00e7o: Complexo Hospitalar de Mangabeira - Rua Cel. Benevenuto Gon\u00e7alves da Costa, 308-452 - Mangabeira, Jo\u00e3o Pessoa.\nCentros de Aten\u00e7\u00e3o Psicossocial (CAPS)\nOs Centros de Aten\u00e7\u00e3o Psicossocial (CAPS) fazem o acompanhamento cont\u00ednuo de pessoas com problemas de sa\u00fade mental. Os atendimentos podem ser procurados por demanda espont\u00e2nea e incluem casos persistentes ou relacionados ao uso de \u00e1lcool e outras drogas.\nNos centros, os usu\u00e1rios t\u00eam acompanhamento de profissionais das \u00e1reas de enfermagem, psicologia e assist\u00eancia social. Os usu\u00e1rios tamb\u00e9m podem participar de grupos terap\u00eauticos, oficinas e outras atividades de conviv\u00eancia.\nEm Jo\u00e3o Pessoa, dois centros atendem pessoas com sofrimento ou transtorno mental severo e persistente: o CAPS Gutemberg Botelho e o CAPS Caminhar.\nO CAPS AD David Capistrano \u00e9 voltado para pessoas com sofrimento mental relacionado ao uso prejudicial de \u00e1lcool e outras drogas. J\u00e1 o CAPS Infantojuvenil Cirandar atende crian\u00e7as e adolescentes de 3 a 18 anos.\nEndere\u00e7os:\nCAPS Gutemberg Botelho - Avenida Minas Gerais, 409 - Estados, Jo\u00e3o Pessoa.\nCAPS Caminhar - Rua Paulino dos Santos Coelho, Jardim Cidade Universit\u00e1ria, Jo\u00e3o Pessoa.\nCAPS AD David Capistrano - Rua Prof. \u00c1lvaro Carvalho, 262 - Tambauzinho, Jo\u00e3o Pessoa.\nCAPS Infantojuvenil Cirandar - Avenida Gouv\u00eaia N\u00f3brega - Roger, Jo\u00e3o Pessoa.\nEquil\u00edbrio do Ser e Canto Harmonia\nOs Centros de Pr\u00e1ticas Integrativas e Complementares em Sa\u00fade (CPICS) Equil\u00edbrio do Ser e Canto Harmonia oferecem terapias complementares voltadas \u00e0 preven\u00e7\u00e3o e \u00e0 recupera\u00e7\u00e3o da sa\u00fade.\nOs servi\u00e7os est\u00e3o localizados nos seguintes endere\u00e7os:\nEquil\u00edbrio do Ser - Rua Banc\u00e1rio S\u00e9rgio Guerra, 148 - Banc\u00e1rios, Jo\u00e3o Pessoa.\nCanto Harmonia - Rua Ulisses Alves Pequeno - Valentina de Figueiredo, Jo\u00e3o Pessoa.\nOutros pontos de atendimento em Jo\u00e3o Pessoa\nA Rede de Aten\u00e7\u00e3o Psicossocial de Jo\u00e3o Pessoa tamb\u00e9m conta com tr\u00eas Resid\u00eancias Terap\u00eauticas, que auxiliam no cuidado e na reinser\u00e7\u00e3o dos usu\u00e1rios na comunidade.\nOutro ponto de apoio \u00e9 a Unidade de Acolhimento Infantil, que atua no cuidado de crian\u00e7as e adolescentes que necessitam de um acompanhamento tempor\u00e1rio em sa\u00fade mental.\nAl\u00e9m dos servi\u00e7os, outros centros atuam em pr\u00e1ticas complementares que tamb\u00e9m auxiliam em problemas de sa\u00fade mental. Entre eles, o Programa Sa\u00fade em Movimento, que incentiva a pr\u00e1tica de atividades f\u00edsicas em pontos p\u00fablicos da cidade.\nAtendimento gratuito em sa\u00fade mental em Campina Grande\nEm Campina Grande, o atendimento em sa\u00fade mental \u00e9 realizado de forma segmentada entre os p\u00fablicos nos seguintes pontos: \nCAPS III Reviver: Rua Cone\u0302go Pequeno, 257. Bela Vista. Tel: 3342 7192 \nAtendimento \u00e0 pessoa com transtorno mental de moderado \u00e0 grave, com funcionamento 24h.\nCAPS III AD Infanto Juvenil: Av Rio Branco, 752. Prata. Tel: 3321 6622\nAtendimento \u00e0 crian\u00e7a e adolescente usu\u00e1rios de \u00e1lcool e outras drogas, com funcionamento 24h. \nCAPS II Novos Tempos: Rua Santa Cec\u00edlia, 93. Centro. Tel: 3310 7193 \nAtendimento \u00e0 pessoa com transtorno mental geral. \nCAPS Ad Saber Viver: Rua Marechal Deodoro da Fonseca, 631. Prata. Tel: 3341 8516\nAtendimento a adultos, usu\u00e1rios de \u00e1lcool e outras drogas. \nCAPSinho Intervenc\u0327a\u0303o Precoce (2 unidades): Av Rio Branco, 403. Centro. Tel 3321 7454\nAtendimento a beb\u00eas e crian\u00e7as em situa\u00e7\u00e3o de sofrimento ps\u00edquico. Essa unidade tem um anexo que funciona na mesma rua. \nCAPS Galante: Rua da Cha\u0303. S\/N. Galante. Tel: 3317 1230\nAtendimento a transtorno mental geral e usu\u00e1rios de \u00e1lcool e outras drogas (todas as idades). \nCAPS Sa\u0303o Jose\u0301 da Mata: Rua Arnaldo Luis de Melo-54 A. S\u00e3o Jos\u00e9 da Mata. Tel: 3314 1073\nAtendimento a transtorno mental geral e usu\u00e1rios de \u00e1lcool e outras drogas (todas as idades). \nCAPS I Viva Gente: Rua Jo\u00e3o Quirino, 332. Catol\u00e9\nAtendimento a crian\u00e7as e adolescentes com transtornos mentais.\nAmbulato\u0301rio de Sau\u0301de Mental: Policl\u00ednica do Catol\u00e9 - Rua Eutecia Vidal Ribeiro - Catol\u00e9 \nAtendimento a pessoas com sofrimento ps\u00edquico, de leve a moderado. \nCentro de Conviv\u00eancia: Rua Norberto Leal, 1049. Alto Branco.\nRealiza\u00e7\u00e3o de oficinas terap\u00eauticas e ressocializa\u00e7\u00e3o. \nCl\u00ednica Escola Afeto: Rua Ant\u00f4nio Campos, 252, Lauritzen.\nAtendimento a crian\u00e7as com autismo n\u00edvel 3 de suporte. \nOutros pontos de atendimento em Campina Grande\nAl\u00e9m dos servi\u00e7os listados, Campina Grande conta com quatro resid\u00eancias terap\u00eauticas e uma emerg\u00eancia psiqui\u00e1trica no Hospital Municipal Dr. Edgley, no bairro Jos\u00e9 Pinheiro.\nO munic\u00edpio tamb\u00e9m oferece acolhimento e encaminhamento para servi\u00e7os especializados em sa\u00fade mental nas Unidades B\u00e1sicas de Sa\u00fade (UBSs).\nAtendimento gratuito em sa\u00fade mental na Para\u00edba\nNa Para\u00edba, o atendimento em sa\u00fade mental tamb\u00e9m acontece nas seguintes unidades de sa\u00fade sob gest\u00e3o estadual:\nComplexo Psiqui\u00e1trico Juliano Moreira - Avenida Dom Pedro II, 1.826, Torre, Jo\u00e3o Pessoa.\nCAPS AD III - Jovem Cidad\u00e3o - Rua Saffa Said Abel da Cunha, 326, Tambauzinho, Jo\u00e3o Pessoa.\nO Complexo Psiqui\u00e1trico Juliano Moreira atende por meio de encaminhamento de urg\u00eancia. J\u00e1 o CAPS AD III - Jovem Cidad\u00e3o atende por demanda espont\u00e2nea, assim como os demais servi\u00e7os listados.\nV\u00eddeos mais assistidos do g1 Para\u00edba  ","protected":false},"excerpt":{"rendered":"<p>        Campanha Setembro Amarelo tem in\u00edcio nesta sexta-feira (01\/09), com o intuito de prevenir e conscientizar sobre o suic\u00eddio no Brasil.<br \/>\nshutterstock<br \/>\n\ud83d\udc9b A campanha Setembro Amarelo refor\u00e7a a import\u00e2ncia dos cuidados com a sa\u00fade mental. Na Para\u00edba, &#8230;<\/p>\n","protected":false},"author":2,"featured_media":0,"comment_status":"closed","ping_status":"closed","sticky":false,"template":"","format":"standard","meta":{"advgb_blocks_editor_width":"","advgb_blocks_columns_visual_guide":"","footnotes":""},"categories":[34],"tags":[35],"class_list":["post-73276","post","type-post","status-publish","format-standard","hentry","category-g1","tag-g1"],"author_meta":{"display_name":"g1 &gt; Para\u00edba","author_link":"https:\/\/sindaopcpb.org.br\/author\/g1-paraiba\/"},"featured_img":null,"coauthors":[],"tax_additional":{"categories":{"linked":["<a href=\"https:\/\/sindaopcpb.org.br\/g1\/\" class=\"advgb-post-tax-term\">G1<\/a>"],"unlinked":["<span class=\"advgb-post-tax-term\">G1<\/span>"]},"tags":{"linked":["<a href=\"https:\/\/sindaopcpb.org.br\/g1\/\" class=\"advgb-post-tax-term\">g1<\/a>"],"unlinked":["<span class=\"advgb-post-tax-term\">g1<\/span>"]}},"comment_count":"0","relative_dates":{"created":"Publicado 5 horas atr\u00e1s","modified":"Atualizado 5 horas atr\u00e1s"},"absolute_dates":{"created":"Publicado em 6 de setembro de 2026","modified":"Atualizado em 6 de setembro de 2026"},"absolute_dates_time":{"created":"Publicado em 6 de setembro de 2026 15:10","modified":"Atualizado em 6 de setembro de 2026 15:10"},"featured_img_caption":"","series_order":"","_links":{"self":[{"href":"https:\/\/sindaopcpb.org.br\/index.php\/wp-json\/wp\/v2\/posts\/73276","targetHints":{"allow":["GET"]}}],"collection":[{"href":"https:\/\/sindaopcpb.org.br\/index.php\/wp-json\/wp\/v2\/posts"}],"about":[{"href":"https:\/\/sindaopcpb.org.br\/index.php\/wp-json\/wp\/v2\/types\/post"}],"author":[{"embeddable":true,"href":"https:\/\/sindaopcpb.org.br\/index.php\/wp-json\/wp\/v2\/users\/2"}],"replies":[{"embeddable":true,"href":"https:\/\/sindaopcpb.org.br\/index.php\/wp-json\/wp\/v2\/comments?post=73276"}],"version-history":[{"count":1,"href":"https:\/\/sindaopcpb.org.br\/index.php\/wp-json\/wp\/v2\/posts\/73276\/revisions"}],"predecessor-version":[{"id":73277,"href":"https:\/\/sindaopcpb.org.br\/index.php\/wp-json\/wp\/v2\/posts\/73276\/revisions\/73277"}],"wp:attachment":[{"href":"https:\/\/sindaopcpb.org.br\/index.php\/wp-json\/wp\/v2\/media?parent=73276"}],"wp:term":[{"taxonomy":"category","embeddable":true,"href":"https:\/\/sindaopcpb.org.br\/index.php\/wp-json\/wp\/v2\/categories?post=73276"},{"taxonomy":"post_tag","embeddable":true,"href":"https:\/\/sindaopcpb.org.br\/index.php\/wp-json\/wp\/v2\/tags?post=73276"}],"curies":[{"name":"wp","href":"https:\/\/api.w.org\/{rel}","templated":true}]}}