{"id":73272,"date":"2026-09-06T13:01:04","date_gmt":"2026-09-06T16:01:04","guid":{"rendered":"https:\/\/g1.globo.com\/pb\/paraiba\/noticia\/2026\/09\/06\/joao-pessoa-e-um-dos-destinos-mais-procurados-do-brasil-para-o-feriadao-de-7-de-setembro-aponta-levantamento.ghtml"},"modified":"2026-09-06T13:01:04","modified_gmt":"2026-09-06T16:01:04","slug":"joao-pessoa-e-um-dos-destinos-mais-procurados-do-brasil-para-o-feriadao-de-7-de-setembro-aponta-levantamento","status":"publish","type":"post","link":"https:\/\/sindaopcpb.org.br\/index.php\/2026\/09\/06\/joao-pessoa-e-um-dos-destinos-mais-procurados-do-brasil-para-o-feriadao-de-7-de-setembro-aponta-levantamento\/","title":{"rendered":"Jo\u00e3o Pessoa \u00e9 um dos destinos mais procurados do Brasil para o feriad\u00e3o de 7 de setembro, aponta levantamento"},"content":{"rendered":"   <img src=\"https:\/\/s2-g1.glbimg.com\/ROHtTsjsbo60yEJ5D7Vbxqxw-WQ=\/i.s3.glbimg.com\/v1\/AUTH_59edd422c0c84a879bd37670ae4f538a\/internal_photos\/bs\/2026\/b\/w\/8bL8XUSRWp8mABTnBABw\/img3-1-.jpg\" \/><br \/>     Vista da Praia de Cabo Branco, em Jo\u00e3o Pessoa\nDivulga\u00e7\u00e3o\nJo\u00e3o Pessoa est\u00e1 entre os destinos mais procurados do pa\u00eds para viagens durante o feriad\u00e3o da Independ\u00eancia do Brasil, celebrado em 7 de setembro. A capital paraibana aparece na quinta posi\u00e7\u00e3o em um levantamento da plataforma de hospedagens por temporada Airbnb.\n\u2705 Clique aqui para seguir o canal do g1 PB no WhatsApp\nA cidade foi o \u00fanico destino do Nordeste entre os cinco primeiros colocados do ranking. Jo\u00e3o Pessoa ficou atr\u00e1s apenas do Rio de Janeiro, S\u00e3o Paulo, Ubatuba e Guaruj\u00e1, cidades localizadas nos estados do Rio de Janeiro e S\u00e3o Paulo.\nO levantamento tamb\u00e9m aponta que a capital paraibana ficou \u00e0 frente de destinos como Florian\u00f3polis (SC), Macei\u00f3 (AL) e Foz do Igua\u00e7u (PR).\nVeja abaixo o ranking completo de destinos nacionais mais buscados:\nRio de Janeiro (RJ)\nS\u00e3o Paulo (SP)\nUbatuba (SP)\nGuaruj\u00e1 (SP)\nJo\u00e3o Pessoa (PB)\nFlorian\u00f3polis (SC)\nParaty (RJ)\nMacei\u00f3 (AL)\nFoz do Igua\u00e7u (PR)\nPorto Seguro (BA)\nAgora no g1\nAlta nas buscas \nSegundo a plataforma Airbnb, as buscas por acomoda\u00e7\u00f5es para os dias 4 a 7 de setembro cresceram 240% em rela\u00e7\u00e3o ao mesmo per\u00edodo do ano anterior. \nA plataforma afirmou ainda que 79% dos entrevistados disseram preferir viajar durante os feriados do segundo semestre. Entre eles, 21% escolheram o feriado da Independ\u00eancia.\nAl\u00e9m disso, a an\u00e1lise constatou que 37% dos brasileiros planejam viajar mais vezes do que no ano anterior.\nV\u00eddeos mais assistidos do g1 Para\u00edba  ","protected":false},"excerpt":{"rendered":"<p>        Vista da Praia de Cabo Branco, em Jo\u00e3o Pessoa<br \/>\nDivulga\u00e7\u00e3o<br \/>\nJo\u00e3o Pessoa est\u00e1 entre os destinos mais procurados do pa\u00eds para viagens durante o feriad\u00e3o da Independ\u00eancia do Brasil, celebrado em 7 de setembro. A capital paraibana aparece na quinta po&#8230;<\/p>\n","protected":false},"author":2,"featured_media":0,"comment_status":"closed","ping_status":"closed","sticky":false,"template":"","format":"standard","meta":{"advgb_blocks_editor_width":"","advgb_blocks_columns_visual_guide":"","footnotes":""},"categories":[34],"tags":[35],"class_list":["post-73272","post","type-post","status-publish","format-standard","hentry","category-g1","tag-g1"],"author_meta":{"display_name":"g1 &gt; Para\u00edba","author_link":"https:\/\/sindaopcpb.org.br\/author\/g1-paraiba\/"},"featured_img":null,"coauthors":[],"tax_additional":{"categories":{"linked":["<a href=\"https:\/\/sindaopcpb.org.br\/g1\/\" class=\"advgb-post-tax-term\">G1<\/a>"],"unlinked":["<span class=\"advgb-post-tax-term\">G1<\/span>"]},"tags":{"linked":["<a href=\"https:\/\/sindaopcpb.org.br\/g1\/\" class=\"advgb-post-tax-term\">g1<\/a>"],"unlinked":["<span class=\"advgb-post-tax-term\">g1<\/span>"]}},"comment_count":"0","relative_dates":{"created":"Publicado 5 horas atr\u00e1s","modified":"Atualizado 5 horas atr\u00e1s"},"absolute_dates":{"created":"Publicado em 6 de setembro de 2026","modified":"Atualizado em 6 de setembro de 2026"},"absolute_dates_time":{"created":"Publicado em 6 de setembro de 2026 13:01","modified":"Atualizado em 6 de setembro de 2026 13:01"},"featured_img_caption":"","series_order":"","_links":{"self":[{"href":"https:\/\/sindaopcpb.org.br\/index.php\/wp-json\/wp\/v2\/posts\/73272","targetHints":{"allow":["GET"]}}],"collection":[{"href":"https:\/\/sindaopcpb.org.br\/index.php\/wp-json\/wp\/v2\/posts"}],"about":[{"href":"https:\/\/sindaopcpb.org.br\/index.php\/wp-json\/wp\/v2\/types\/post"}],"author":[{"embeddable":true,"href":"https:\/\/sindaopcpb.org.br\/index.php\/wp-json\/wp\/v2\/users\/2"}],"replies":[{"embeddable":true,"href":"https:\/\/sindaopcpb.org.br\/index.php\/wp-json\/wp\/v2\/comments?post=73272"}],"version-history":[{"count":1,"href":"https:\/\/sindaopcpb.org.br\/index.php\/wp-json\/wp\/v2\/posts\/73272\/revisions"}],"predecessor-version":[{"id":73273,"href":"https:\/\/sindaopcpb.org.br\/index.php\/wp-json\/wp\/v2\/posts\/73272\/revisions\/73273"}],"wp:attachment":[{"href":"https:\/\/sindaopcpb.org.br\/index.php\/wp-json\/wp\/v2\/media?parent=73272"}],"wp:term":[{"taxonomy":"category","embeddable":true,"href":"https:\/\/sindaopcpb.org.br\/index.php\/wp-json\/wp\/v2\/categories?post=73272"},{"taxonomy":"post_tag","embeddable":true,"href":"https:\/\/sindaopcpb.org.br\/index.php\/wp-json\/wp\/v2\/tags?post=73272"}],"curies":[{"name":"wp","href":"https:\/\/api.w.org\/{rel}","templated":true}]}}