{"id":73262,"date":"2026-09-06T09:02:37","date_gmt":"2026-09-06T12:02:37","guid":{"rendered":"https:\/\/g1.globo.com\/pb\/paraiba\/eleicoes\/2026\/noticia\/2026\/09\/06\/eleicoes-2026-locais-de-votacao-sao-alterados-em-joao-pessoa-e-campina-grande-veja-mudancas.ghtml"},"modified":"2026-09-06T09:02:37","modified_gmt":"2026-09-06T12:02:37","slug":"eleicoes-2026-locais-de-votacao-sao-alterados-em-joao-pessoa-e-campina-grande-veja-mudancas","status":"publish","type":"post","link":"https:\/\/sindaopcpb.org.br\/index.php\/2026\/09\/06\/eleicoes-2026-locais-de-votacao-sao-alterados-em-joao-pessoa-e-campina-grande-veja-mudancas\/","title":{"rendered":"Elei\u00e7\u00f5es 2026: locais de vota\u00e7\u00e3o s\u00e3o alterados em Jo\u00e3o Pessoa e Campina Grande; veja mudan\u00e7as"},"content":{"rendered":"   <img src=\"https:\/\/s2-g1.glbimg.com\/V9VH2OZ-nLt8UdE_Kux12SDAanI=\/i.s3.glbimg.com\/v1\/AUTH_59edd422c0c84a879bd37670ae4f538a\/internal_photos\/bs\/2026\/J\/g\/tQemBNQayD98djCxnQjQ\/41f0dcea90a343457df54d34204e67b8.jpg\" \/><br \/>     Eleitores de Jo\u00e3o Pessoa e Campina Grande t\u00eam locais de vota\u00e7\u00e3o alterados \nTribunal Superior Eleitoral\/TSE\nA Justi\u00e7a Eleitoral alterou o local de vota\u00e7\u00e3o de 75 se\u00e7\u00f5es eleitorais em Jo\u00e3o Pessoa e Campina Grande para as Elei\u00e7\u00f5es 2026. A maior parte das mudan\u00e7as ocorreu na capital, que teve 57 se\u00e7\u00f5es alteradas ou remanejadas. Em Campina Grande, Agreste do estado, foram 18 se\u00e7\u00f5es (veja a lista ao fim desta mat\u00e9ria).\nAs mudan\u00e7as incluem transfer\u00eancias de se\u00e7\u00f5es que funcionavam em outros endere\u00e7os e a cria\u00e7\u00e3o de novos locais de vota\u00e7\u00e3o.\n\u2705 Clique aqui para seguir o canal do g1 PB no WhatsApp\nA consulta do local de vota\u00e7\u00e3o pode ser feita pelo aplicativo e-T\u00edtulo ou pelo Autoatendimento Eleitoral, no site da Justi\u00e7a Eleitoral. O eleitor tamb\u00e9m pode verificar o local de vota\u00e7\u00e3o atualizado nos canais disponibilizados pelo Tribunal Regional Eleitoral da Para\u00edba (TRE-PB).\nAtrav\u00e9s da consulta, o eleitor evita descobrir somente no dia da elei\u00e7\u00e3o que houve mudan\u00e7a e reduz o risco de deslocamentos desnecess\u00e1rios, atrasos e outros transtornos.\nA recomenda\u00e7\u00e3o \u00e9 que, al\u00e9m do endere\u00e7o, o eleitor anote o n\u00famero da se\u00e7\u00e3o eleitoral. Com essa informa\u00e7\u00e3o, poder\u00e1 ir diretamente \u00e0 sala onde estar\u00e1 instalada a urna, sem precisar procurar a se\u00e7\u00e3o dentro do pr\u00e9dio (veja os locais abaixo).\nV\u00eddeos em alta no g1\nVeja onde houve mudan\u00e7as em Jo\u00e3o Pessoa\nAo todo, 57 se\u00e7\u00f5es eleitorais foram alteradas ou remanejadas:\nROGER\nSe\u00e7\u00f5es 48, 49 e 50\nSai de: Escola Ana Higina\nVai para: CMEI Assis Tavares (Rua Treze de Maio, s\/n)\nSe\u00e7\u00f5es 51, 52, 53, 54, 55, 218, 225 e 229\nNovo local criado: Escola Municipal Monsenhor Jo\u00e3o Coutinho (Rua Cordeiro Junior, 250)\nBAIRRO DOS ESTADOS\nSe\u00e7\u00f5es 106, 107, 128, 129, 219 e 240\nNovo local criado: Col\u00e9gio S\u00e9culo (Avenida S\u00e3o Paulo, 1311)\nSe\u00e7\u00f5es 108, 110, 111, 112, 113 e 231\nNovo local criado: Shopping Sebrae \u2013 \u00c1rea de Eventos, 1\u00ba andar (Rua Joaquim Pires Ferreira, 36)\nTORRE\nSe\u00e7\u00f5es 84, 85, 86, 87, 88 e 89\nNovo local criado: Escola Estadual Professor Jo\u00e3o Jos\u00e9 da Costa (Avenida Bar\u00e3o de Mamanguape, 144)\nTRINCHEIRAS \/ CENTRO\nSe\u00e7\u00f5es 60, 61 e 73\nNovo local criado: AEMP \u2013 Centro Profissionalizante N. Sra. de F\u00e1tima (Rua Rodrigues Chaves, 213)\nSe\u00e7\u00f5es 251, 337, 351 e 399\nSai de: Escola Estadual Irm\u00e3 Severina\nVai para: CMEI Maria da Luz Melo Cunha \/ Antiga Escola Irm\u00e3 Severina (Rua das Trincheiras, 228)\nRANGEL\nSe\u00e7\u00f5es 111, 112, 113, 114, 282, 335 e 336\nNovo nome\/gest\u00e3o: E.M.E.E. Maria Madalena Guedes Pereira \/ Antiga Le\u00f4nidas Santiago (Rua C\u00f4nego Vicente Pimentel, 265)\nCRUZ DAS ARMAS\nSe\u00e7\u00f5es 164, 170, 171, 371, 372 e 427\nSai de: Escola Espa\u00e7o Educacional (Local tempor\u00e1rio)\nVai para: Col\u00e9gio Intensivo (Rua Benjamin Constant, 284)\nCRISTO REDENTOR\nSe\u00e7\u00f5es 116, 117, 118, 119, 120, 121, 362 e 365\nSai de: Escola de Ensino Fundamental (Local tempor\u00e1rio)\nVai para: Col\u00e9gio Interactivo (Rua Milton Coeli, 110)\nVeja onde houve mudan\u00e7as em Campina Grande \nAo todo, 18 se\u00e7\u00f5es eleitorais foram alteradas na cidade.\nBODOCONG\u00d3\nSe\u00e7\u00f5es 14 a 25\nSai de: Escola Espa\u00e7o Educacional Carmela Veloso (Bodocong\u00f3)\nVai para: ECI Ademar Veloso da Silveira \/ Estadual de Bodocong\u00f3 (Rua Jo\u00e3o Virgolino de Ara\u00fajo, 1043, Bodocong\u00f3)\nSANTA ROSA\nSe\u00e7\u00f5es 128, 129, 130 e 162\nSai de: SAB de Santa Rosa\nVai para: EMEF Tiradentes (Rua Presidente Costa e Silva, 420)\nPRATA\nSe\u00e7\u00f5es 79 e 80\nSai de: Escola Estadual Nossa Senhora do Ros\u00e1rio\nVai para: Col\u00e9gio Estadual da Prata \/ EEEFM Dr. Elp\u00eddio de Almeida (Rua Duque de Caxias, 235)\nElei\u00e7\u00f5es 2026\nO primeiro turno das Elei\u00e7\u00f5es 2026 ser\u00e1 realizado em 4 de outubro. Na Para\u00edba, os eleitores v\u00e3o votar para deputado federal, deputado estadual, duas vagas de senador, governador e presidente da Rep\u00fablica.\nCaso haja segundo turno, a vota\u00e7\u00e3o ser\u00e1 realizada em 25 de outubro.\nV\u00eddeos mais assistidos do g1 Para\u00edba  ","protected":false},"excerpt":{"rendered":"<p>        Eleitores de Jo\u00e3o Pessoa e Campina Grande t\u00eam locais de vota\u00e7\u00e3o alterados<br \/>\nTribunal Superior Eleitoral\/TSE<br \/>\nA Justi\u00e7a Eleitoral alterou o local de vota\u00e7\u00e3o de 75 se\u00e7\u00f5es eleitorais em Jo\u00e3o Pessoa e Campina Grande para as Elei\u00e7\u00f5es 2026. A maior par&#8230;<\/p>\n","protected":false},"author":2,"featured_media":0,"comment_status":"closed","ping_status":"closed","sticky":false,"template":"","format":"standard","meta":{"advgb_blocks_editor_width":"","advgb_blocks_columns_visual_guide":"","footnotes":""},"categories":[34],"tags":[35],"class_list":["post-73262","post","type-post","status-publish","format-standard","hentry","category-g1","tag-g1"],"author_meta":{"display_name":"g1 &gt; Para\u00edba","author_link":"https:\/\/sindaopcpb.org.br\/author\/g1-paraiba\/"},"featured_img":null,"coauthors":[],"tax_additional":{"categories":{"linked":["<a href=\"https:\/\/sindaopcpb.org.br\/g1\/\" class=\"advgb-post-tax-term\">G1<\/a>"],"unlinked":["<span class=\"advgb-post-tax-term\">G1<\/span>"]},"tags":{"linked":["<a href=\"https:\/\/sindaopcpb.org.br\/g1\/\" class=\"advgb-post-tax-term\">g1<\/a>"],"unlinked":["<span class=\"advgb-post-tax-term\">g1<\/span>"]}},"comment_count":"0","relative_dates":{"created":"Publicado 5 horas atr\u00e1s","modified":"Atualizado 5 horas atr\u00e1s"},"absolute_dates":{"created":"Publicado em 6 de setembro de 2026","modified":"Atualizado em 6 de setembro de 2026"},"absolute_dates_time":{"created":"Publicado em 6 de setembro de 2026 09:02","modified":"Atualizado em 6 de setembro de 2026 09:02"},"featured_img_caption":"","series_order":"","_links":{"self":[{"href":"https:\/\/sindaopcpb.org.br\/index.php\/wp-json\/wp\/v2\/posts\/73262","targetHints":{"allow":["GET"]}}],"collection":[{"href":"https:\/\/sindaopcpb.org.br\/index.php\/wp-json\/wp\/v2\/posts"}],"about":[{"href":"https:\/\/sindaopcpb.org.br\/index.php\/wp-json\/wp\/v2\/types\/post"}],"author":[{"embeddable":true,"href":"https:\/\/sindaopcpb.org.br\/index.php\/wp-json\/wp\/v2\/users\/2"}],"replies":[{"embeddable":true,"href":"https:\/\/sindaopcpb.org.br\/index.php\/wp-json\/wp\/v2\/comments?post=73262"}],"version-history":[{"count":1,"href":"https:\/\/sindaopcpb.org.br\/index.php\/wp-json\/wp\/v2\/posts\/73262\/revisions"}],"predecessor-version":[{"id":73263,"href":"https:\/\/sindaopcpb.org.br\/index.php\/wp-json\/wp\/v2\/posts\/73262\/revisions\/73263"}],"wp:attachment":[{"href":"https:\/\/sindaopcpb.org.br\/index.php\/wp-json\/wp\/v2\/media?parent=73262"}],"wp:term":[{"taxonomy":"category","embeddable":true,"href":"https:\/\/sindaopcpb.org.br\/index.php\/wp-json\/wp\/v2\/categories?post=73262"},{"taxonomy":"post_tag","embeddable":true,"href":"https:\/\/sindaopcpb.org.br\/index.php\/wp-json\/wp\/v2\/tags?post=73262"}],"curies":[{"name":"wp","href":"https:\/\/api.w.org\/{rel}","templated":true}]}}