{"id":73260,"date":"2026-09-05T20:00:08","date_gmt":"2026-09-05T23:00:08","guid":{"rendered":"https:\/\/g1.globo.com\/pb\/paraiba\/noticia\/2026\/09\/05\/carregador-de-celular-pega-fogo-e-queima-colchao-enquanto-jovem-dormia-em-joao-pessoa.ghtml"},"modified":"2026-09-05T20:00:08","modified_gmt":"2026-09-05T23:00:08","slug":"carregador-de-celular-pega-fogo-e-queima-colchao-enquanto-jovem-dormia-em-joao-pessoa-video","status":"publish","type":"post","link":"https:\/\/sindaopcpb.org.br\/index.php\/2026\/09\/05\/carregador-de-celular-pega-fogo-e-queima-colchao-enquanto-jovem-dormia-em-joao-pessoa-video\/","title":{"rendered":"Carregador de celular pega fogo e queima colch\u00e3o enquanto jovem dormia, em Jo\u00e3o Pessoa; V\u00cdDEO"},"content":{"rendered":"   <img src=\"https:\/\/s2-g1.glbimg.com\/6x5BSqgmO3uQu8_Sq39WWsQQQag=\/i.s3.glbimg.com\/v1\/AUTH_59edd422c0c84a879bd37670ae4f538a\/internal_photos\/bs\/2026\/9\/U\/TCcy7rT5m5z6HKN5pHeA\/whatsapp-image-2026-09-05-at-14.50.57-1-.jpeg\" \/><br \/>     Carregador pega fogo e queima colch\u00e3o enquanto jovem dormia em Jo\u00e3o Pessoa\nUm carregador de celular pegou fogo e queimou parte de um colch\u00e3o enquanto um jovem de 21 anos dormia, na madrugada desta sexta-feira (4), em Jo\u00e3o Pessoa. O caso ganhou repercuss\u00e3o nas redes sociais ap\u00f3s um v\u00eddeo publicado pelo pai do rapaz mostrar os danos provocados pelas chamas. (Veja v\u00eddeo acima). Apesar do susto, nenhuma pessoa ficou ferida.\n\u2705 Clique aqui para seguir o canal do g1 PB no WhatsApp\n\u274c N\u00e3o \u00e9 recomendado manter o celular carregando pr\u00f3ximo a objetos inflam\u00e1veis, como colch\u00f5es. O aparelho naturalmente esquenta durante a carga e se n\u00e3o tiver ventila\u00e7\u00e3o adequada, pode superaquecer e causar problemas na bateria que geram risco \u00e0 vida, como explos\u00f5es. Veja em quais situa\u00e7\u00f5es \u00e9 preciso ter cuidado.\nSegundo Domires, pai de Kaleb, ele estava dormindo com o celular embaixo do travesseiro quando acordou, por volta das 5h, sentindo calor pr\u00f3ximo ao rosto e percebeu que o quarto estava com fuma\u00e7a e um forte cheiro de material queimado.\n\"Ele acordou de repente sentindo o calor pr\u00f3ximo do rosto e o quarto tomado de cheiro forte e fuma\u00e7a, foi quando nos chamou\", contou Domires.\nAinda conforme o pai, o celular n\u00e3o foi danificado e n\u00e3o chegou a explodir. O fogo ficou concentrado na regi\u00e3o do colch\u00e3o e n\u00e3o se espalhou pelo quarto.\nCarregador de celular pega fogo e queima colch\u00e3o enquanto jovem dormia em Jo\u00e3o Pessoa\nArquivo Pessoal\/Domires Reis\nDomires relatou que o filho havia chegado cansado do trabalho, onde atua como estagi\u00e1rio, e acabou adormecendo sem perceber que uma almofada havia ficado sobre o aparelho.\nQuando a fam\u00edlia percebeu o que havia acontecido, Kaleb estava com marcas de tecido queimado na m\u00e3o. Apesar do susto, as chamas foram contidas e ningu\u00e9m ficou ferido.\n\"Vimos que o fogo aprofundou-se para o colch\u00e3o e n\u00e3o se expandiu e, com isso, n\u00e3o houve a explos\u00e3o\", afirmou o pai.\nAp\u00f3s o susto, Domires publicou um v\u00eddeo nas redes sociais mostrando o colch\u00e3o queimado e os danos provocados pelo incidente, para alertar sobre o perigo. O v\u00eddeo publicado ultrapassou 1 milh\u00e3o de visualiza\u00e7\u00f5es e j\u00e1 foi compartilhado mais de 120 mil vezes.\n\"Evite deixar o celular carregando do seu lado enquanto dorme. Por pouco n\u00e3o aconteceu um inc\u00eandio. Muito cuidado\", alertou.\nCarregador pega fogo durante a madrugada e assusta jovem em Jo\u00e3o Pessoa\nArquivo Pessoal\/Domires Reis\nV\u00eddeos mais assistidos do g1 Para\u00edba  ","protected":false},"excerpt":{"rendered":"<p>        Carregador pega fogo e queima colch\u00e3o enquanto jovem dormia em Jo\u00e3o Pessoa<br \/>\nUm carregador de celular pegou fogo e queimou parte de um colch\u00e3o enquanto um jovem de 21 anos dormia, na madrugada desta sexta-feira (4), em Jo\u00e3o Pessoa. O caso ganhou &#8230;<\/p>\n","protected":false},"author":2,"featured_media":0,"comment_status":"closed","ping_status":"closed","sticky":false,"template":"","format":"standard","meta":{"advgb_blocks_editor_width":"","advgb_blocks_columns_visual_guide":"","footnotes":""},"categories":[34],"tags":[35],"class_list":["post-73260","post","type-post","status-publish","format-standard","hentry","category-g1","tag-g1"],"author_meta":{"display_name":"g1 &gt; Para\u00edba","author_link":"https:\/\/sindaopcpb.org.br\/author\/g1-paraiba\/"},"featured_img":null,"coauthors":[],"tax_additional":{"categories":{"linked":["<a href=\"https:\/\/sindaopcpb.org.br\/g1\/\" class=\"advgb-post-tax-term\">G1<\/a>"],"unlinked":["<span class=\"advgb-post-tax-term\">G1<\/span>"]},"tags":{"linked":["<a href=\"https:\/\/sindaopcpb.org.br\/g1\/\" class=\"advgb-post-tax-term\">g1<\/a>"],"unlinked":["<span class=\"advgb-post-tax-term\">g1<\/span>"]}},"comment_count":"0","relative_dates":{"created":"Publicado 5 horas atr\u00e1s","modified":"Atualizado 5 horas atr\u00e1s"},"absolute_dates":{"created":"Publicado em 5 de setembro de 2026","modified":"Atualizado em 5 de setembro de 2026"},"absolute_dates_time":{"created":"Publicado em 5 de setembro de 2026 20:00","modified":"Atualizado em 5 de setembro de 2026 20:00"},"featured_img_caption":"","series_order":"","_links":{"self":[{"href":"https:\/\/sindaopcpb.org.br\/index.php\/wp-json\/wp\/v2\/posts\/73260","targetHints":{"allow":["GET"]}}],"collection":[{"href":"https:\/\/sindaopcpb.org.br\/index.php\/wp-json\/wp\/v2\/posts"}],"about":[{"href":"https:\/\/sindaopcpb.org.br\/index.php\/wp-json\/wp\/v2\/types\/post"}],"author":[{"embeddable":true,"href":"https:\/\/sindaopcpb.org.br\/index.php\/wp-json\/wp\/v2\/users\/2"}],"replies":[{"embeddable":true,"href":"https:\/\/sindaopcpb.org.br\/index.php\/wp-json\/wp\/v2\/comments?post=73260"}],"version-history":[{"count":1,"href":"https:\/\/sindaopcpb.org.br\/index.php\/wp-json\/wp\/v2\/posts\/73260\/revisions"}],"predecessor-version":[{"id":73261,"href":"https:\/\/sindaopcpb.org.br\/index.php\/wp-json\/wp\/v2\/posts\/73260\/revisions\/73261"}],"wp:attachment":[{"href":"https:\/\/sindaopcpb.org.br\/index.php\/wp-json\/wp\/v2\/media?parent=73260"}],"wp:term":[{"taxonomy":"category","embeddable":true,"href":"https:\/\/sindaopcpb.org.br\/index.php\/wp-json\/wp\/v2\/categories?post=73260"},{"taxonomy":"post_tag","embeddable":true,"href":"https:\/\/sindaopcpb.org.br\/index.php\/wp-json\/wp\/v2\/tags?post=73260"}],"curies":[{"name":"wp","href":"https:\/\/api.w.org\/{rel}","templated":true}]}}