{"id":73248,"date":"2026-09-05T16:06:02","date_gmt":"2026-09-05T19:06:02","guid":{"rendered":"https:\/\/g1.globo.com\/pb\/paraiba\/noticia\/2026\/09\/05\/projeto-leva-educacao-ambiental-para-escolas-na-grande-joao-pessoa-saiba-como-funciona.ghtml"},"modified":"2026-09-05T16:06:02","modified_gmt":"2026-09-05T19:06:02","slug":"projeto-leva-educacao-ambiental-para-escolas-na-grande-joao-pessoa-saiba-como-funciona","status":"publish","type":"post","link":"https:\/\/sindaopcpb.org.br\/index.php\/2026\/09\/05\/projeto-leva-educacao-ambiental-para-escolas-na-grande-joao-pessoa-saiba-como-funciona\/","title":{"rendered":"Projeto leva educa\u00e7\u00e3o ambiental para escolas na Grande Jo\u00e3o Pessoa; saiba como funciona"},"content":{"rendered":"   <img src=\"https:\/\/s2-g1.glbimg.com\/Xum6-glEmGWSt8HSr050b8MNRn0=\/i.s3.glbimg.com\/v1\/AUTH_59edd422c0c84a879bd37670ae4f538a\/internal_photos\/bs\/2026\/B\/a\/8GU5KtTZWiG79xeLPQ7A\/aluna-projeto-asa-verde.jpeg\" \/><br \/>     A\u00e7\u00f5es de arboriza\u00e7\u00e3o, com plantio de \u00e1rvores, promovidas pelo projeto Asa Verde.\nTV Cabo Branco\nO projeto Asa Verde, idealizado pelo Minist\u00e9rio P\u00fablico da Para\u00edba (MPPB), tem levado a\u00e7\u00f5es de educa\u00e7\u00e3o ambiental para escolas municipais de Santa Rita, na Grande Jo\u00e3o Pessoa. A iniciativa \u00e9 desenvolvida em parceria com o Instituto Federal da Para\u00edba (IFPB) e a Prefeitura de Santa Rita.\nA proposta \u00e9 incentivar, desde a escola, uma cultura de cuidado e preserva\u00e7\u00e3o do meio ambiente. As atividades s\u00e3o conduzidas, entre outros participantes, por estagi\u00e1rios do curso T\u00e9cnico Integrado ao Ensino M\u00e9dio em Meio Ambiente, que atuam como multiplicadores do conhecimento entre os estudantes.\n\u2705 Clique aqui para seguir o canal do g1 PB no WhatsApp\nEntre as a\u00e7\u00f5es desenvolvidas est\u00e3o oficinas, murais ecol\u00f3gicos, gincanas, campanhas educativas, palestras e a implanta\u00e7\u00e3o de hortas pedag\u00f3gicas. De acordo com a promotora Miriam Vasconcelos, o aprendizado tem sido percebido nas atitudes das crian\u00e7as.\n\u201c\u00c9 vis\u00edvel que as crian\u00e7as hoje entendem a quest\u00e3o da coleta do lixo, do trabalho de reciclagem, da import\u00e2ncia de resgatar essa cultura de meio ambiente\u201d, disse.\nProjeto Asa Verde leva educa\u00e7\u00e3o ambiental para escolas de Santa Rita\nAl\u00e9m das aulas e palestras, as a\u00e7\u00f5es ambientais tamb\u00e9m passam a fazer parte do cotidiano das escolas. Pr\u00e1ticas como a reciclagem e a arboriza\u00e7\u00e3o, com o plantio de \u00e1rvores, s\u00e3o algumas das atividades realizadas pelos estudantes.\nO conhecimento adquirido com o projeto tamb\u00e9m tem mudado a forma como as crian\u00e7as enxergam o futuro e a import\u00e2ncia de preservar o meio ambiente.\n\u201cEu acho muito importante participar, porque no futuro a gente fica consciente que n\u00e3o pode jogar em lugares errado, a gente tem que reciclar e se a gente tiver filho, a gente poder passar o que aprendeu para eles\u201d, ressalta Tassila Sophia, de 10 anos.\nAgora no g1\nV\u00eddeos mais assistidos do g1 Para\u00edba  ","protected":false},"excerpt":{"rendered":"<p>        A\u00e7\u00f5es de arboriza\u00e7\u00e3o, com plantio de \u00e1rvores, promovidas pelo projeto Asa Verde.<br \/>\nTV Cabo Branco<br \/>\nO projeto Asa Verde, idealizado pelo Minist\u00e9rio P\u00fablico da Para\u00edba (MPPB), tem levado a\u00e7\u00f5es de educa\u00e7\u00e3o ambiental para escolas municipais de Santa R&#8230;<\/p>\n","protected":false},"author":2,"featured_media":0,"comment_status":"closed","ping_status":"closed","sticky":false,"template":"","format":"standard","meta":{"advgb_blocks_editor_width":"","advgb_blocks_columns_visual_guide":"","footnotes":""},"categories":[34],"tags":[35],"class_list":["post-73248","post","type-post","status-publish","format-standard","hentry","category-g1","tag-g1"],"author_meta":{"display_name":"g1 &gt; Para\u00edba","author_link":"https:\/\/sindaopcpb.org.br\/author\/g1-paraiba\/"},"featured_img":null,"coauthors":[],"tax_additional":{"categories":{"linked":["<a href=\"https:\/\/sindaopcpb.org.br\/g1\/\" class=\"advgb-post-tax-term\">G1<\/a>"],"unlinked":["<span class=\"advgb-post-tax-term\">G1<\/span>"]},"tags":{"linked":["<a href=\"https:\/\/sindaopcpb.org.br\/g1\/\" class=\"advgb-post-tax-term\">g1<\/a>"],"unlinked":["<span class=\"advgb-post-tax-term\">g1<\/span>"]}},"comment_count":"0","relative_dates":{"created":"Publicado 5 horas atr\u00e1s","modified":"Atualizado 5 horas atr\u00e1s"},"absolute_dates":{"created":"Publicado em 5 de setembro de 2026","modified":"Atualizado em 5 de setembro de 2026"},"absolute_dates_time":{"created":"Publicado em 5 de setembro de 2026 16:06","modified":"Atualizado em 5 de setembro de 2026 16:06"},"featured_img_caption":"","series_order":"","_links":{"self":[{"href":"https:\/\/sindaopcpb.org.br\/index.php\/wp-json\/wp\/v2\/posts\/73248","targetHints":{"allow":["GET"]}}],"collection":[{"href":"https:\/\/sindaopcpb.org.br\/index.php\/wp-json\/wp\/v2\/posts"}],"about":[{"href":"https:\/\/sindaopcpb.org.br\/index.php\/wp-json\/wp\/v2\/types\/post"}],"author":[{"embeddable":true,"href":"https:\/\/sindaopcpb.org.br\/index.php\/wp-json\/wp\/v2\/users\/2"}],"replies":[{"embeddable":true,"href":"https:\/\/sindaopcpb.org.br\/index.php\/wp-json\/wp\/v2\/comments?post=73248"}],"version-history":[{"count":1,"href":"https:\/\/sindaopcpb.org.br\/index.php\/wp-json\/wp\/v2\/posts\/73248\/revisions"}],"predecessor-version":[{"id":73249,"href":"https:\/\/sindaopcpb.org.br\/index.php\/wp-json\/wp\/v2\/posts\/73248\/revisions\/73249"}],"wp:attachment":[{"href":"https:\/\/sindaopcpb.org.br\/index.php\/wp-json\/wp\/v2\/media?parent=73248"}],"wp:term":[{"taxonomy":"category","embeddable":true,"href":"https:\/\/sindaopcpb.org.br\/index.php\/wp-json\/wp\/v2\/categories?post=73248"},{"taxonomy":"post_tag","embeddable":true,"href":"https:\/\/sindaopcpb.org.br\/index.php\/wp-json\/wp\/v2\/tags?post=73248"}],"curies":[{"name":"wp","href":"https:\/\/api.w.org\/{rel}","templated":true}]}}