{"id":73246,"date":"2026-09-05T15:17:33","date_gmt":"2026-09-05T18:17:33","guid":{"rendered":"https:\/\/g1.globo.com\/pb\/paraiba\/noticia\/2026\/09\/05\/concurso-camara-sao-jose-do-sabugi-2026.ghtml"},"modified":"2026-09-05T15:17:33","modified_gmt":"2026-09-05T18:17:33","slug":"concurso-da-camara-de-sao-jose-do-sabugi-pb-tem-edital-lancado-com-11-vagas-e-salarios-de-r-16-mil","status":"publish","type":"post","link":"https:\/\/sindaopcpb.org.br\/index.php\/2026\/09\/05\/concurso-da-camara-de-sao-jose-do-sabugi-pb-tem-edital-lancado-com-11-vagas-e-salarios-de-r-16-mil\/","title":{"rendered":"Concurso da C\u00e2mara de S\u00e3o Jos\u00e9 do Sabugi, PB, tem edital lan\u00e7ado com 11 vagas e sal\u00e1rios de R$ 1,6 mil"},"content":{"rendered":"   <img src=\"https:\/\/s2-g1.glbimg.com\/F_VD1uOABJ1JUB-evjEP1Udy89c=\/i.s3.glbimg.com\/v1\/AUTH_59edd422c0c84a879bd37670ae4f538a\/internal_photos\/bs\/2026\/k\/h\/iLi7IwTyu4dXUHCqxNfA\/imagem-ilustrativa-para-concurso-foto-divulgacao.jpg\" \/><br \/>     Concurso da C\u00e2mara de S\u00e3o Jos\u00e9 do Sabugi, PB, tem edital lan\u00e7ado com 11 vagas e sal\u00e1rios de R$ 1.621\nDivulga\u00e7\u00e3o\nA C\u00e2mara Municipal de S\u00e3o Jos\u00e9 do Sabugi, no Sert\u00e3o da Para\u00edba, lan\u00e7ou edital de concurso p\u00fablico com 11 vagas para cargos efetivos. As oportunidades s\u00e3o para candidatos com n\u00edveis fundamental, m\u00e9dio e t\u00e9cnico.\nO sal\u00e1rio inicial \u00e9 de R$ 1.621 para todos os cargos, com jornadas de 40 horas semanais. H\u00e1 vagas para apoio administrativo e legislativo, auxiliar de limpeza, copeiro, motorista, recepcionista, t\u00e9cnico em inform\u00e1tica e vigilante noturno.\n\u2705 Clique aqui para seguir o canal do g1 PB no WhatsApp\nO concurso ser\u00e1 organizado pela FACET Concursos e ter\u00e1 prova objetiva para todos os cargos. Para o cargo de motorista, tamb\u00e9m haver\u00e1 prova pr\u00e1tica, de car\u00e1ter eliminat\u00f3rio.\nAgora no g1\nVagas\nPara candidatos com forma\u00e7\u00e3o de n\u00edvel fundamental, h\u00e1 oportunidades para auxiliar de limpeza, copeiro, motorista e vigilante noturno.\nPara n\u00edvel m\u00e9dio e t\u00e9cnico, est\u00e3o previstas vagas para apoio administrativo, apoio legislativo, recepcionista e t\u00e9cnico em inform\u00e1tica.  A jornada de trabalho para todos os cargos \u00e9 de 40 horas semanais, e a remunera\u00e7\u00e3o inicial \u00e9 de R$ 1.621,00.\nProvas\nO concurso p\u00fablico contar\u00e1 com prova objetiva para todos os cargos. A avalia\u00e7\u00e3o para os cargos de n\u00edvel m\u00e9dio\/t\u00e9cnico e fundamental ser\u00e1 composta por 30 quest\u00f5es de m\u00faltipla escolha.  \nPara o cargo de motorista, haver\u00e1 tamb\u00e9m uma segunda etapa constitu\u00edda por prova pr\u00e1tica de dire\u00e7\u00e3o e opera\u00e7\u00e3o veicular, de car\u00e1ter eliminat\u00f3rio.  \nPara ser classificado na prova objetiva, o candidato dever\u00e1 alcan\u00e7ar pelo menos 50 pontos.\nInscri\u00e7\u00f5es\nO prazo de inscri\u00e7\u00e3o do concurso da C\u00e2mara de S\u00e3o Jos\u00e9 do Sabugi abre em 8 de setembro e segue aberto at\u00e9 9 de outubro de 2026. As inscri\u00e7\u00f5es ser\u00e3o feitas exclusivamente pela internet, no site da organizadora (FACET Concursos).\nAs taxas s\u00e3o de:  \nR$ 90,00 para cargos de n\u00edvel fundamental;  \nR$ 100,00 para cargos de n\u00edvel m\u00e9dio e t\u00e9cnico.\nO edital prev\u00ea isen\u00e7\u00e3o do pagamento da taxa de inscri\u00e7\u00e3o para candidatos inscritos no Cadastro \u00danico para Programas Sociais do Governo Federal (Cad\u00danico) que sejam membros de fam\u00edlia de baixa renda, com solicita\u00e7\u00e3o devendo ser feita entre os dias 8 e 9 de setembro.  \nLocal e hor\u00e1rios das provas\nAs provas objetivas ser\u00e3o aplicadas em 29 de novembro de 2026, preferencialmente no munic\u00edpio de S\u00e3o Jos\u00e9 do Sabugi. Caso o n\u00famero de inscritos ultrapasse a capacidade dos locais dispon\u00edveis, os candidatos poder\u00e3o ser distribu\u00eddos em outros locais ou munic\u00edpios circunvizinhos.\nAs avalia\u00e7\u00f5es ser\u00e3o realizadas em dois turnos.\nPela manh\u00e3, para os cargos de n\u00edvel fundamental. Os port\u00f5es abrir\u00e3o \u00e0s 7h30 e fechar\u00e3o \u00e0s 8h20, com realiza\u00e7\u00e3o das provas das 8h30 \u00e0s 11h30.  \n\u00c0 tarde, para os cargos de n\u00edvel m\u00e9dio e t\u00e9cnico. Os port\u00f5es abrir\u00e3o \u00e0s 12h30 e fechar\u00e3o \u00e0s 13h20, com aplica\u00e7\u00e3o das provas das 13h30 \u00e0s 16h30.  \nConcurso da C\u00e2mara Municipal de S\u00e3o Jos\u00e9 do Sabugi\nVagas: 11\nN\u00edvel: fundamental, m\u00e9dio e t\u00e9cnico\nSal\u00e1rio: R$ 1.621,00\nInscri\u00e7\u00f5es: 8 de setembro a 9 de outubro de 2026\nProvas objetivas: 29 de novembro de 2026\nEdital do concurso da C\u00e2mara de S\u00e3o Jos\u00e9 do Sabugi  ","protected":false},"excerpt":{"rendered":"<p>        Concurso da C\u00e2mara de S\u00e3o Jos\u00e9 do Sabugi, PB, tem edital lan\u00e7ado com 11 vagas e sal\u00e1rios de R$ 1.621<br \/>\nDivulga\u00e7\u00e3o<br \/>\nA C\u00e2mara Municipal de S\u00e3o Jos\u00e9 do Sabugi, no Sert\u00e3o da Para\u00edba, lan\u00e7ou edital de concurso p\u00fablico com 11 vagas para cargos efetivos&#8230;.<\/p>\n","protected":false},"author":2,"featured_media":0,"comment_status":"closed","ping_status":"closed","sticky":false,"template":"","format":"standard","meta":{"advgb_blocks_editor_width":"","advgb_blocks_columns_visual_guide":"","footnotes":""},"categories":[34],"tags":[35],"class_list":["post-73246","post","type-post","status-publish","format-standard","hentry","category-g1","tag-g1"],"author_meta":{"display_name":"g1 &gt; Para\u00edba","author_link":"https:\/\/sindaopcpb.org.br\/author\/g1-paraiba\/"},"featured_img":null,"coauthors":[],"tax_additional":{"categories":{"linked":["<a href=\"https:\/\/sindaopcpb.org.br\/g1\/\" class=\"advgb-post-tax-term\">G1<\/a>"],"unlinked":["<span class=\"advgb-post-tax-term\">G1<\/span>"]},"tags":{"linked":["<a href=\"https:\/\/sindaopcpb.org.br\/g1\/\" class=\"advgb-post-tax-term\">g1<\/a>"],"unlinked":["<span class=\"advgb-post-tax-term\">g1<\/span>"]}},"comment_count":"0","relative_dates":{"created":"Publicado 5 horas atr\u00e1s","modified":"Atualizado 5 horas atr\u00e1s"},"absolute_dates":{"created":"Publicado em 5 de setembro de 2026","modified":"Atualizado em 5 de setembro de 2026"},"absolute_dates_time":{"created":"Publicado em 5 de setembro de 2026 15:17","modified":"Atualizado em 5 de setembro de 2026 15:17"},"featured_img_caption":"","series_order":"","_links":{"self":[{"href":"https:\/\/sindaopcpb.org.br\/index.php\/wp-json\/wp\/v2\/posts\/73246","targetHints":{"allow":["GET"]}}],"collection":[{"href":"https:\/\/sindaopcpb.org.br\/index.php\/wp-json\/wp\/v2\/posts"}],"about":[{"href":"https:\/\/sindaopcpb.org.br\/index.php\/wp-json\/wp\/v2\/types\/post"}],"author":[{"embeddable":true,"href":"https:\/\/sindaopcpb.org.br\/index.php\/wp-json\/wp\/v2\/users\/2"}],"replies":[{"embeddable":true,"href":"https:\/\/sindaopcpb.org.br\/index.php\/wp-json\/wp\/v2\/comments?post=73246"}],"version-history":[{"count":1,"href":"https:\/\/sindaopcpb.org.br\/index.php\/wp-json\/wp\/v2\/posts\/73246\/revisions"}],"predecessor-version":[{"id":73247,"href":"https:\/\/sindaopcpb.org.br\/index.php\/wp-json\/wp\/v2\/posts\/73246\/revisions\/73247"}],"wp:attachment":[{"href":"https:\/\/sindaopcpb.org.br\/index.php\/wp-json\/wp\/v2\/media?parent=73246"}],"wp:term":[{"taxonomy":"category","embeddable":true,"href":"https:\/\/sindaopcpb.org.br\/index.php\/wp-json\/wp\/v2\/categories?post=73246"},{"taxonomy":"post_tag","embeddable":true,"href":"https:\/\/sindaopcpb.org.br\/index.php\/wp-json\/wp\/v2\/tags?post=73246"}],"curies":[{"name":"wp","href":"https:\/\/api.w.org\/{rel}","templated":true}]}}