{"id":73243,"date":"2026-09-05T14:09:36","date_gmt":"2026-09-05T17:09:36","guid":{"rendered":"https:\/\/www.pbagora.com.br\/?p=969287"},"modified":"2026-09-05T14:09:36","modified_gmt":"2026-09-05T17:09:36","slug":"policia-civil-prende-seis-pessoas-e-apreende-dois-adolescentes-em-operacoes-realizadas-na-paraiba","status":"publish","type":"post","link":"https:\/\/sindaopcpb.org.br\/index.php\/2026\/09\/05\/policia-civil-prende-seis-pessoas-e-apreende-dois-adolescentes-em-operacoes-realizadas-na-paraiba\/","title":{"rendered":"Pol\u00edcia Civil prende seis pessoas e apreende dois adolescentes em opera\u00e7\u00f5es realizadas na Para\u00edba"},"content":{"rendered":"<p><img width=\"1024\" height=\"576\" src=\"https:\/\/www.pbagora.com.br\/storage\/2026\/09\/operacoes-pcpb-1-1024x576.jpeg\" class=\"attachment-large size-large wp-post-image\" alt=\"\" style=\"margin-bottom: 20px;\" decoding=\"async\" loading=\"lazy\" srcset=\"https:\/\/www.pbagora.com.br\/storage\/2026\/09\/operacoes-pcpb-1-1024x576.jpeg 1024w, https:\/\/www.pbagora.com.br\/storage\/2026\/09\/operacoes-pcpb-1-300x169.jpeg 300w, https:\/\/www.pbagora.com.br\/storage\/2026\/09\/operacoes-pcpb-1-150x84.jpeg 150w, https:\/\/www.pbagora.com.br\/storage\/2026\/09\/operacoes-pcpb-1-768x432.jpeg 768w, https:\/\/www.pbagora.com.br\/storage\/2026\/09\/operacoes-pcpb-1-1536x864.jpeg 1536w, https:\/\/www.pbagora.com.br\/storage\/2026\/09\/operacoes-pcpb-1-380x214.jpeg 380w, https:\/\/www.pbagora.com.br\/storage\/2026\/09\/operacoes-pcpb-1-800x450.jpeg 800w, https:\/\/www.pbagora.com.br\/storage\/2026\/09\/operacoes-pcpb-1-1160x653.jpeg 1160w, https:\/\/www.pbagora.com.br\/storage\/2026\/09\/operacoes-pcpb-1-80x46.jpeg 80w, https:\/\/www.pbagora.com.br\/storage\/2026\/09\/operacoes-pcpb-1.jpeg 1600w\" sizes=\"auto, (max-width: 1024px) 100vw, 1024px\" \/><\/p>\n<p class=\"wp-block-paragraph\"><strong>A\u00e7\u00f5es ocorreram em Marca\u00e7\u00e3o e Campina Grande e envolveram investiga\u00e7\u00f5es sobre homic\u00eddio, tr\u00e1fico de drogas, estupro de vulner\u00e1vel e viol\u00eancia dom\u00e9stica<\/strong>.<\/p>\n\n\n\n<p class=\"wp-block-paragraph\">A Pol\u00edcia Civil da Para\u00edba realizou, nos \u00faltimos dias, opera\u00e7\u00f5es que resultaram na pris\u00e3o de seis pessoas e na apreens\u00e3o de dois adolescentes em Marca\u00e7\u00e3o e Campina Grande. As a\u00e7\u00f5es est\u00e3o relacionadas a investiga\u00e7\u00f5es de homic\u00eddio, tr\u00e1fico de drogas, atos infracionais an\u00e1logos a estupro de vulner\u00e1vel e viol\u00eancia dom\u00e9stica.<\/p>\n\n\n\n<p class=\"wp-block-paragraph\">Em Marca\u00e7\u00e3o, a Opera\u00e7\u00e3o Vestigium foi deflagrada na manh\u00e3 deste s\u00e1bado (5) pelo N\u00facleo de Homic\u00eddios e pelo Grupo T\u00e1tico Especial (GTE) da 7\u00aa Delegacia Seccional de Pol\u00edcia Civil (DSPC), com apoio de policiais militares do 17\u00ba Batalh\u00e3o de Pol\u00edcia Militar. Foram cumpridos cinco mandados de pris\u00e3o tempor\u00e1ria e dez de busca e apreens\u00e3o contra investigados por um homic\u00eddio ocorrido no munic\u00edpio em junho deste ano.<\/p>\n\n\n\n<p class=\"wp-block-paragraph\">Cinco alvos dos mandados foram localizados e presos. Um deles tamb\u00e9m foi autuado por posse irregular de arma de fogo e tr\u00e1fico de drogas. Durante a opera\u00e7\u00e3o, um sexto homem foi preso em flagrante por tr\u00e1fico de drogas e porte de acess\u00f3rio de arma de fogo.<\/p>\n\n\n\n<p class=\"wp-block-paragraph\">Os policiais apreenderam por\u00e7\u00f5es de maconha fracionadas para comercializa\u00e7\u00e3o, dinheiro em esp\u00e9cie, um rev\u00f3lver calibre .38, muni\u00e7\u00f5es do mesmo calibre, vestimentas camufladas, capas de coletes bal\u00edsticos, c\u00e2meras de seguran\u00e7a instaladas irregularmente e aparelhos celulares. Segundo a Pol\u00edcia Civil, as c\u00e2meras eram usadas para monitorar a movimenta\u00e7\u00e3o das for\u00e7as de seguran\u00e7a e o fluxo de moradores da regi\u00e3o.<\/p>\n\n\n<div class=\"wp-block-image\">\n<figure class=\"aligncenter size-large\"><img  loading=\"lazy\"  decoding=\"async\"  width=\"1024\"  height=\"768\"  src=\"https:\/\/www.pbagora.com.br\/storage\/2026\/09\/operacoes-pcpb-2-1024x768.jpeg\"  alt=\"\"  class=\"wp-image-969288\"  srcset=\"https:\/\/www.pbagora.com.br\/storage\/2026\/09\/operacoes-pcpb-2-1024x768.jpeg 1024w, https:\/\/www.pbagora.com.br\/storage\/2026\/09\/operacoes-pcpb-2-300x225.jpeg 300w, https:\/\/www.pbagora.com.br\/storage\/2026\/09\/operacoes-pcpb-2-150x113.jpeg 150w, https:\/\/www.pbagora.com.br\/storage\/2026\/09\/operacoes-pcpb-2-768x576.jpeg 768w, https:\/\/www.pbagora.com.br\/storage\/2026\/09\/operacoes-pcpb-2-200x150.jpeg 200w, https:\/\/www.pbagora.com.br\/storage\/2026\/09\/operacoes-pcpb-2-260x195.jpeg 260w, https:\/\/www.pbagora.com.br\/storage\/2026\/09\/operacoes-pcpb-2-380x285.jpeg 380w, https:\/\/www.pbagora.com.br\/storage\/2026\/09\/operacoes-pcpb-2-800x600.jpeg 800w, https:\/\/www.pbagora.com.br\/storage\/2026\/09\/operacoes-pcpb-2-1160x870.jpeg 1160w, https:\/\/www.pbagora.com.br\/storage\/2026\/09\/operacoes-pcpb-2-80x60.jpeg 80w, https:\/\/www.pbagora.com.br\/storage\/2026\/09\/operacoes-pcpb-2-rotated.jpeg 1280w\"  sizes=\"auto, (max-width: 1024px) 100vw, 1024px\" ><figcaption class=\"wp-element-caption\">Foto: divulga\u00e7\u00e3o \/ PCPB<\/figcaption><\/figure>\n<\/div>\n\n\n<p class=\"wp-block-paragraph\">J\u00e1 em Campina Grande, a Delegacia de Repress\u00e3o aos Crimes Contra Inf\u00e2ncia e Juventude (DRCCIJ-CG) cumpriu, na quinta-feira (3), dois mandados de busca e apreens\u00e3o contra adolescentes investigados por atos infracionais an\u00e1logos a estupro de vulner\u00e1vel e viol\u00eancia dom\u00e9stica.<\/p>\n\n\n\n<p class=\"wp-block-paragraph\">Um dos mandados foi cumprido contra um adolescente de 13 anos, investigado por ato infracional an\u00e1logo ao estupro de vulner\u00e1vel contra uma crian\u00e7a de 7 anos, no distrito de Galante. O outro envolveu um adolescente de 15 anos, investigado por ato infracional an\u00e1logo \u00e0 viol\u00eancia dom\u00e9stica contra a pr\u00f3pria av\u00f3, no bairro Tr\u00eas Irm\u00e3s.<\/p>\n\n\n\n<p class=\"wp-block-paragraph\">Ap\u00f3s os procedimentos legais e os exames de corpo de delito, os dois adolescentes foram encaminhados \u00e0 carceragem da Cidade da Pol\u00edcia Civil. Eles permanecer\u00e3o \u00e0 disposi\u00e7\u00e3o das autoridades competentes at\u00e9 que a Central de Regula\u00e7\u00e3o de Vagas defina as unidades onde dever\u00e3o permanecer internados.<\/p>\n\n\n\n<p class=\"wp-block-paragraph\">Os cinco presos na Opera\u00e7\u00e3o Vestigium tamb\u00e9m foram encaminhados \u00e0s unidades policiais respons\u00e1veis pelos procedimentos legais e permanecem \u00e0 disposi\u00e7\u00e3o do Poder Judici\u00e1rio. As investiga\u00e7\u00f5es sobre o homic\u00eddio continuam para esclarecer o caso e identificar outros poss\u00edveis envolvidos.<\/p>\n\n\n\n<p class=\"wp-block-paragraph\"><\/p>\n\n\n\n<p class=\"wp-block-paragraph\"><strong><em>PB Agora<\/em><\/strong><\/p>\n","protected":false},"excerpt":{"rendered":"<p><img loading=\"lazy\" decoding=\"async\" width=\"1024\" height=\"576\" src=\"https:\/\/www.pbagora.com.br\/storage\/2026\/09\/operacoes-pcpb-1-1024x576.jpeg\" class=\"attachment-large size-large wp-post-image\" alt=\"\" srcset=\"https:\/\/www.pbagora.com.br\/storage\/2026\/09\/operacoes-pcpb-1-1024x576.jpeg 1024w, https:\/\/www.pbagora.com.br\/storage\/2026\/09\/operacoes-pcpb-1-300x169.jpeg 300w, https:\/\/www.pbagora.com.br\/storage\/2026\/09\/operacoes-pcpb-1-150x84.jpeg 150w, https:\/\/www.pbagora.com.br\/storage\/2026\/09\/operacoes-pcpb-1-768x432.jpeg 768w, https:\/\/www.pbagora.com.br\/storage\/2026\/09\/operacoes-pcpb-1-1536x864.jpeg 1536w, https:\/\/www.pbagora.com.br\/storage\/2026\/09\/operacoes-pcpb-1-380x214.jpeg 380w, https:\/\/www.pbagora.com.br\/storage\/2026\/09\/operacoes-pcpb-1-800x450.jpeg 800w, https:\/\/www.pbagora.com.br\/storage\/2026\/09\/operacoes-pcpb-1-1160x653.jpeg 1160w, https:\/\/www.pbagora.com.br\/storage\/2026\/09\/operacoes-pcpb-1-80x46.jpeg 80w, https:\/\/www.pbagora.com.br\/storage\/2026\/09\/operacoes-pcpb-1.jpeg 1600w\" sizes=\"auto, (max-width: 1024px) 100vw, 1024px\"><\/p>\n<p>A\u00e7\u00f5es ocorreram em Marca\u00e7\u00e3o e Campina Grande e envolveram investiga\u00e7\u00f5es sobre homic\u00eddio, tr\u00e1fico de drogas, estupro de vulner\u00e1vel\u2026<\/p>\n","protected":false},"author":123457,"featured_media":0,"comment_status":"closed","ping_status":"closed","sticky":false,"template":"","format":"standard","meta":{"advgb_blocks_editor_width":"","advgb_blocks_columns_visual_guide":"","footnotes":""},"categories":[34],"tags":[35,10839,10843],"class_list":["post-73243","post","type-post","status-publish","format-standard","hentry","category-g1","tag-g1","tag-policial","tag-principal1"],"author_meta":{"display_name":"Reda\u00e7\u00e3o","author_link":"https:\/\/sindaopcpb.org.br\/author\/redacao\/"},"featured_img":null,"coauthors":[],"tax_additional":{"categories":{"linked":["<a href=\"https:\/\/sindaopcpb.org.br\/g1\/\" class=\"advgb-post-tax-term\">G1<\/a>"],"unlinked":["<span class=\"advgb-post-tax-term\">G1<\/span>"]},"tags":{"linked":["<a href=\"https:\/\/sindaopcpb.org.br\/g1\/\" class=\"advgb-post-tax-term\">g1<\/a>","<a href=\"https:\/\/sindaopcpb.org.br\/g1\/\" class=\"advgb-post-tax-term\">Policial<\/a>","<a href=\"https:\/\/sindaopcpb.org.br\/g1\/\" class=\"advgb-post-tax-term\">Principal1<\/a>"],"unlinked":["<span class=\"advgb-post-tax-term\">g1<\/span>","<span class=\"advgb-post-tax-term\">Policial<\/span>","<span class=\"advgb-post-tax-term\">Principal1<\/span>"]}},"comment_count":"0","relative_dates":{"created":"Publicado 6 horas atr\u00e1s","modified":"Atualizado 6 horas atr\u00e1s"},"absolute_dates":{"created":"Publicado em 5 de setembro de 2026","modified":"Atualizado em 5 de setembro de 2026"},"absolute_dates_time":{"created":"Publicado em 5 de setembro de 2026 14:09","modified":"Atualizado em 5 de setembro de 2026 14:09"},"featured_img_caption":"","series_order":"","_links":{"self":[{"href":"https:\/\/sindaopcpb.org.br\/index.php\/wp-json\/wp\/v2\/posts\/73243","targetHints":{"allow":["GET"]}}],"collection":[{"href":"https:\/\/sindaopcpb.org.br\/index.php\/wp-json\/wp\/v2\/posts"}],"about":[{"href":"https:\/\/sindaopcpb.org.br\/index.php\/wp-json\/wp\/v2\/types\/post"}],"author":[{"embeddable":true,"href":"https:\/\/sindaopcpb.org.br\/index.php\/wp-json\/wp\/v2\/users\/123457"}],"replies":[{"embeddable":true,"href":"https:\/\/sindaopcpb.org.br\/index.php\/wp-json\/wp\/v2\/comments?post=73243"}],"version-history":[{"count":1,"href":"https:\/\/sindaopcpb.org.br\/index.php\/wp-json\/wp\/v2\/posts\/73243\/revisions"}],"predecessor-version":[{"id":73244,"href":"https:\/\/sindaopcpb.org.br\/index.php\/wp-json\/wp\/v2\/posts\/73243\/revisions\/73244"}],"wp:attachment":[{"href":"https:\/\/sindaopcpb.org.br\/index.php\/wp-json\/wp\/v2\/media?parent=73243"}],"wp:term":[{"taxonomy":"category","embeddable":true,"href":"https:\/\/sindaopcpb.org.br\/index.php\/wp-json\/wp\/v2\/categories?post=73243"},{"taxonomy":"post_tag","embeddable":true,"href":"https:\/\/sindaopcpb.org.br\/index.php\/wp-json\/wp\/v2\/tags?post=73243"}],"curies":[{"name":"wp","href":"https:\/\/api.w.org\/{rel}","templated":true}]}}