{"id":73240,"date":"2026-09-05T14:07:30","date_gmt":"2026-09-05T17:07:30","guid":{"rendered":"https:\/\/g1.globo.com\/pb\/paraiba\/noticia\/2026\/09\/05\/adolescentes-sao-apreendidos-por-atos-infracionais-analogos-a-estupro-de-vulneravel-e-violencia-domestica-em-campina-grande.ghtml"},"modified":"2026-09-05T14:07:30","modified_gmt":"2026-09-05T17:07:30","slug":"adolescentes-sao-apreendidos-por-atos-infracionais-analogos-a-estupro-de-vulneravel-e-violencia-domestica-em-campina-grande","status":"publish","type":"post","link":"https:\/\/sindaopcpb.org.br\/index.php\/2026\/09\/05\/adolescentes-sao-apreendidos-por-atos-infracionais-analogos-a-estupro-de-vulneravel-e-violencia-domestica-em-campina-grande\/","title":{"rendered":"Adolescentes s\u00e3o apreendidos por atos infracionais an\u00e1logos a estupro de vulner\u00e1vel e viol\u00eancia dom\u00e9stica em Campina Grande"},"content":{"rendered":"   <img src=\"https:\/\/s2-g1.glbimg.com\/FxP5L8ddF9f46pGFDxbSfI8rFj4=\/i.s3.glbimg.com\/v1\/AUTH_59edd422c0c84a879bd37670ae4f538a\/internal_photos\/bs\/2018\/K\/p\/OKjzFBTvuYueaEurtyMw\/vlcsnap-0295-05-11-10h49m30s003.png\" \/><br \/>     Adolescentes s\u00e3o apreendidos por atos infracionais an\u00e1logos a estupro de vulner\u00e1vel e viol\u00eancia dom\u00e9stica em Campina Grande\nReprodu\u00e7\u00e3o\/TV Para\u00edba\nDois adolescentes, de 13 e 15 anos, foram apreendidos na quinta-feira (3), em Campina Grande, no Agreste da Para\u00edba, por atos infracionais an\u00e1logos aos crimes de estupro de vulner\u00e1vel e viol\u00eancia dom\u00e9stica. As apreens\u00f5es foram realizadas pela Delegacia da Inf\u00e2ncia e da Juventude (DIJ-CG), ap\u00f3s mandados expedidos pela Justi\u00e7a.\nO adolescente de 13 anos \u00e9 investigado por ato infracional an\u00e1logo ao estupro de vulner\u00e1vel contra uma crian\u00e7a de 7 anos. O caso aconteceu no distrito de Galante, em Campina Grande.\n\u2705 Clique aqui para seguir o canal do g1 PB no WhatsApp\nJ\u00e1 o segundo adolescente, de 15 anos, \u00e9 investigado por ato infracional an\u00e1logo \u00e0 viol\u00eancia dom\u00e9stica contra a pr\u00f3pria av\u00f3. O mandado foi cumprido na resid\u00eancia da v\u00edtima, no bairro Tr\u00eas Irm\u00e3s.\nAp\u00f3s os procedimentos legais e os exames de corpo de delito, os dois adolescentes foram encaminhados para a carceragem da Cidade da Pol\u00edcia Civil. Eles permanecem \u00e0 disposi\u00e7\u00e3o das autoridades at\u00e9 a defini\u00e7\u00e3o das unidades onde dever\u00e3o cumprir a medida socioeducativa de interna\u00e7\u00e3o.\nAgora no g1\nV\u00eddeos mais assistidos do g1 Para\u00edba  ","protected":false},"excerpt":{"rendered":"<p>        Adolescentes s\u00e3o apreendidos por atos infracionais an\u00e1logos a estupro de vulner\u00e1vel e viol\u00eancia dom\u00e9stica em Campina Grande<br \/>\nReprodu\u00e7\u00e3o\/TV Para\u00edba<br \/>\nDois adolescentes, de 13 e 15 anos, foram apreendidos na quinta-feira (3), em Campina Grande, no A&#8230;<\/p>\n","protected":false},"author":2,"featured_media":0,"comment_status":"closed","ping_status":"closed","sticky":false,"template":"","format":"standard","meta":{"advgb_blocks_editor_width":"","advgb_blocks_columns_visual_guide":"","footnotes":""},"categories":[34],"tags":[35],"class_list":["post-73240","post","type-post","status-publish","format-standard","hentry","category-g1","tag-g1"],"author_meta":{"display_name":"g1 &gt; Para\u00edba","author_link":"https:\/\/sindaopcpb.org.br\/author\/g1-paraiba\/"},"featured_img":null,"coauthors":[],"tax_additional":{"categories":{"linked":["<a href=\"https:\/\/sindaopcpb.org.br\/g1\/\" class=\"advgb-post-tax-term\">G1<\/a>"],"unlinked":["<span class=\"advgb-post-tax-term\">G1<\/span>"]},"tags":{"linked":["<a href=\"https:\/\/sindaopcpb.org.br\/g1\/\" class=\"advgb-post-tax-term\">g1<\/a>"],"unlinked":["<span class=\"advgb-post-tax-term\">g1<\/span>"]}},"comment_count":"0","relative_dates":{"created":"Publicado 5 horas atr\u00e1s","modified":"Atualizado 5 horas atr\u00e1s"},"absolute_dates":{"created":"Publicado em 5 de setembro de 2026","modified":"Atualizado em 5 de setembro de 2026"},"absolute_dates_time":{"created":"Publicado em 5 de setembro de 2026 14:07","modified":"Atualizado em 5 de setembro de 2026 14:07"},"featured_img_caption":"","series_order":"","_links":{"self":[{"href":"https:\/\/sindaopcpb.org.br\/index.php\/wp-json\/wp\/v2\/posts\/73240","targetHints":{"allow":["GET"]}}],"collection":[{"href":"https:\/\/sindaopcpb.org.br\/index.php\/wp-json\/wp\/v2\/posts"}],"about":[{"href":"https:\/\/sindaopcpb.org.br\/index.php\/wp-json\/wp\/v2\/types\/post"}],"author":[{"embeddable":true,"href":"https:\/\/sindaopcpb.org.br\/index.php\/wp-json\/wp\/v2\/users\/2"}],"replies":[{"embeddable":true,"href":"https:\/\/sindaopcpb.org.br\/index.php\/wp-json\/wp\/v2\/comments?post=73240"}],"version-history":[{"count":1,"href":"https:\/\/sindaopcpb.org.br\/index.php\/wp-json\/wp\/v2\/posts\/73240\/revisions"}],"predecessor-version":[{"id":73241,"href":"https:\/\/sindaopcpb.org.br\/index.php\/wp-json\/wp\/v2\/posts\/73240\/revisions\/73241"}],"wp:attachment":[{"href":"https:\/\/sindaopcpb.org.br\/index.php\/wp-json\/wp\/v2\/media?parent=73240"}],"wp:term":[{"taxonomy":"category","embeddable":true,"href":"https:\/\/sindaopcpb.org.br\/index.php\/wp-json\/wp\/v2\/categories?post=73240"},{"taxonomy":"post_tag","embeddable":true,"href":"https:\/\/sindaopcpb.org.br\/index.php\/wp-json\/wp\/v2\/tags?post=73240"}],"curies":[{"name":"wp","href":"https:\/\/api.w.org\/{rel}","templated":true}]}}