{"id":73234,"date":"2026-09-05T12:30:49","date_gmt":"2026-09-05T15:30:49","guid":{"rendered":"https:\/\/www.pbagora.com.br\/?p=969273"},"modified":"2026-09-05T15:07:07","modified_gmt":"2026-09-05T18:07:07","slug":"sepultado-corpo-de-idosa-encontrada-morta-dentro-de-casa-em-joao-pessoa","status":"publish","type":"post","link":"https:\/\/sindaopcpb.org.br\/index.php\/2026\/09\/05\/sepultado-corpo-de-idosa-encontrada-morta-dentro-de-casa-em-joao-pessoa\/","title":{"rendered":"Sepultado corpo de idosa encontrada morta dentro de casa em Jo\u00e3o Pessoa"},"content":{"rendered":"<p><img width=\"443\" height=\"414\" src=\"https:\/\/www.pbagora.com.br\/storage\/2026\/09\/idosa-magina-flora.png\" class=\"attachment-large size-large wp-post-image\" alt=\"\" style=\"margin-bottom: 20px;\" decoding=\"async\" srcset=\"https:\/\/www.pbagora.com.br\/storage\/2026\/09\/idosa-magina-flora.png 443w, https:\/\/www.pbagora.com.br\/storage\/2026\/09\/idosa-magina-flora-300x280.png 300w, https:\/\/www.pbagora.com.br\/storage\/2026\/09\/idosa-magina-flora-150x140.png 150w, https:\/\/www.pbagora.com.br\/storage\/2026\/09\/idosa-magina-flora-380x355.png 380w, https:\/\/www.pbagora.com.br\/storage\/2026\/09\/idosa-magina-flora-80x75.png 80w\" sizes=\"(max-width: 443px) 100vw, 443px\" \/><\/p>\n<p class=\"wp-block-paragraph\">O corpo de Magna Flora Carvalho da Fonseca, de 78 anos, foi sepultado na noite desta sexta-feira (4), no Cemit\u00e9rio Nossa Senhora do Carmo, em Cuit\u00e9, no Curimata\u00fa da Para\u00edba. A cidade era o local de nascimento da idosa. O enterro foi acompanhado por familiares e amigos.<\/p>\n\n\n\n<p class=\"wp-block-paragraph\">O corpo havia sido liberado pelo Instituto de Pol\u00edcia Cient\u00edfica de Jo\u00e3o Pessoa durante a tarde e encaminhado diretamente ao cemit\u00e9rio. N\u00e3o houve vel\u00f3rio. Magna Flora foi enterrada no t\u00famulo da fam\u00edlia, onde tamb\u00e9m est\u00e1 sepultado o av\u00f4 dela, Bas\u00edlio Magno da Fonseca, que foi prefeito de Cuit\u00e9.<\/p>\n\n\n\n<p class=\"wp-block-paragraph\">A mulher foi encontrada morta em uma resid\u00eancia no Bairro dos Estados, em Jo\u00e3o Pessoa, no dia 31 de agosto. Conforme estimativa da per\u00edcia, ela estava morta havia pelo menos um ano.<\/p>\n\n\n\n<p class=\"wp-block-paragraph\">A identifica\u00e7\u00e3o foi feita por meio das impress\u00f5es digitais. Devido ao per\u00edodo estimado desde a morte, algumas partes do corpo j\u00e1 estavam esqueletizadas.<\/p>\n\n\n\n<p class=\"wp-block-paragraph\">A per\u00edcia n\u00e3o encontrou sinais de viol\u00eancia e apontou como indeterminada a causa da morte.<\/p>\n\n\n\n<p class=\"wp-block-paragraph\"><\/p>\n\n\n\n<p class=\"wp-block-paragraph\"><strong><em>PB Agora<\/em><\/strong><\/p>\n","protected":false},"excerpt":{"rendered":"<p><img loading=\"lazy\" decoding=\"async\" width=\"443\" height=\"414\" src=\"https:\/\/www.pbagora.com.br\/storage\/2026\/09\/idosa-magina-flora.png\" class=\"attachment-large size-large wp-post-image\" alt=\"\" srcset=\"https:\/\/www.pbagora.com.br\/storage\/2026\/09\/idosa-magina-flora.png 443w, https:\/\/www.pbagora.com.br\/storage\/2026\/09\/idosa-magina-flora-300x280.png 300w, https:\/\/www.pbagora.com.br\/storage\/2026\/09\/idosa-magina-flora-150x140.png 150w, https:\/\/www.pbagora.com.br\/storage\/2026\/09\/idosa-magina-flora-380x355.png 380w, https:\/\/www.pbagora.com.br\/storage\/2026\/09\/idosa-magina-flora-80x75.png 80w\" sizes=\"auto, (max-width: 443px) 100vw, 443px\"><\/p>\n<p>O corpo de Magna Flora Carvalho da Fonseca, de 78 anos, foi sepultado na noite desta sexta-feira (4),\u2026<\/p>\n","protected":false},"author":123457,"featured_media":0,"comment_status":"closed","ping_status":"closed","sticky":false,"template":"","format":"standard","meta":{"advgb_blocks_editor_width":"","advgb_blocks_columns_visual_guide":"","footnotes":""},"categories":[34],"tags":[35,10839,10842],"class_list":["post-73234","post","type-post","status-publish","format-standard","hentry","category-g1","tag-g1","tag-policial","tag-principal3"],"author_meta":{"display_name":"Reda\u00e7\u00e3o","author_link":"https:\/\/sindaopcpb.org.br\/author\/redacao\/"},"featured_img":null,"coauthors":[],"tax_additional":{"categories":{"linked":["<a href=\"https:\/\/sindaopcpb.org.br\/g1\/\" class=\"advgb-post-tax-term\">G1<\/a>"],"unlinked":["<span class=\"advgb-post-tax-term\">G1<\/span>"]},"tags":{"linked":["<a href=\"https:\/\/sindaopcpb.org.br\/g1\/\" class=\"advgb-post-tax-term\">g1<\/a>","<a href=\"https:\/\/sindaopcpb.org.br\/g1\/\" class=\"advgb-post-tax-term\">Policial<\/a>","<a href=\"https:\/\/sindaopcpb.org.br\/g1\/\" class=\"advgb-post-tax-term\">Principal3<\/a>"],"unlinked":["<span class=\"advgb-post-tax-term\">g1<\/span>","<span class=\"advgb-post-tax-term\">Policial<\/span>","<span class=\"advgb-post-tax-term\">Principal3<\/span>"]}},"comment_count":"0","relative_dates":{"created":"Publicado 6 horas atr\u00e1s","modified":"Atualizado 3 horas atr\u00e1s"},"absolute_dates":{"created":"Publicado em 5 de setembro de 2026","modified":"Atualizado em 5 de setembro de 2026"},"absolute_dates_time":{"created":"Publicado em 5 de setembro de 2026 12:30","modified":"Atualizado em 5 de setembro de 2026 15:07"},"featured_img_caption":"","series_order":"","_links":{"self":[{"href":"https:\/\/sindaopcpb.org.br\/index.php\/wp-json\/wp\/v2\/posts\/73234","targetHints":{"allow":["GET"]}}],"collection":[{"href":"https:\/\/sindaopcpb.org.br\/index.php\/wp-json\/wp\/v2\/posts"}],"about":[{"href":"https:\/\/sindaopcpb.org.br\/index.php\/wp-json\/wp\/v2\/types\/post"}],"author":[{"embeddable":true,"href":"https:\/\/sindaopcpb.org.br\/index.php\/wp-json\/wp\/v2\/users\/123457"}],"replies":[{"embeddable":true,"href":"https:\/\/sindaopcpb.org.br\/index.php\/wp-json\/wp\/v2\/comments?post=73234"}],"version-history":[{"count":2,"href":"https:\/\/sindaopcpb.org.br\/index.php\/wp-json\/wp\/v2\/posts\/73234\/revisions"}],"predecessor-version":[{"id":73242,"href":"https:\/\/sindaopcpb.org.br\/index.php\/wp-json\/wp\/v2\/posts\/73234\/revisions\/73242"}],"wp:attachment":[{"href":"https:\/\/sindaopcpb.org.br\/index.php\/wp-json\/wp\/v2\/media?parent=73234"}],"wp:term":[{"taxonomy":"category","embeddable":true,"href":"https:\/\/sindaopcpb.org.br\/index.php\/wp-json\/wp\/v2\/categories?post=73234"},{"taxonomy":"post_tag","embeddable":true,"href":"https:\/\/sindaopcpb.org.br\/index.php\/wp-json\/wp\/v2\/tags?post=73234"}],"curies":[{"name":"wp","href":"https:\/\/api.w.org\/{rel}","templated":true}]}}