{"id":73232,"date":"2026-09-05T12:03:34","date_gmt":"2026-09-05T15:03:34","guid":{"rendered":"https:\/\/g1.globo.com\/pb\/paraiba\/noticia\/2026\/09\/05\/7-de-setembro-veja-o-que-abre-e-o-que-fecha-no-feriado-em-joao-pessoa.ghtml"},"modified":"2026-09-05T12:03:34","modified_gmt":"2026-09-05T15:03:34","slug":"7-de-setembro-veja-o-que-abre-e-o-que-fecha-no-feriado-em-joao-pessoa","status":"publish","type":"post","link":"https:\/\/sindaopcpb.org.br\/index.php\/2026\/09\/05\/7-de-setembro-veja-o-que-abre-e-o-que-fecha-no-feriado-em-joao-pessoa\/","title":{"rendered":"7 de setembro: veja o que abre e o que fecha no feriado em Jo\u00e3o Pessoa"},"content":{"rendered":"   <img src=\"https:\/\/s2-g1.glbimg.com\/MDrPFrQKuhXxTIripXq0KBrQdfE=\/i.s3.glbimg.com\/v1\/AUTH_59edd422c0c84a879bd37670ae4f538a\/internal_photos\/bs\/2023\/3\/3\/EhHzteSUKNotuBDP6rGQ\/comercio-joao-pessoa.png\" \/><br \/>     Com\u00e9rcio em Jo\u00e3o Pessoa\nTV Cabo Branco\/Acervo\nA independ\u00eancia do Brasil \u00e9 celebrada nesta segunda-feira (7) e a data \u00e9 considerada feriado nacional. Com isso, alguns estabelecimentos e servi\u00e7os funcionam com um hor\u00e1rio alterado. Em Jo\u00e3o Pessoa, shoppings devem abrir, enquanto ag\u00eancias banc\u00e1rias e reparti\u00e7\u00f5es p\u00fablicas n\u00e3o funcionam.\nO tradicional desfile de 7 de setembro come\u00e7a a partir das 8h, na avenida Duarte da Silveira, no Centro de Jo\u00e3o Pessoa. Os desfiles nos bairros ter\u00e3o in\u00edcio neste domingo (6) e seguem at\u00e9 o dia 26 de setembro. \n\u2705 Clique aqui para seguir o canal do g1 PB no WhatsApp\nAgora no g1\nConfira abaixo o que abre e fecha no feriado em Jo\u00e3o Pessoa:\n\ud83d\udecd\ufe0f Shoppings\n\ud83d\udccdMana\u00edra Shopping e Mangabeira Shopping\nOs shoppings Mangabeira e Mana\u00edra tem o hor\u00e1rio de funcionamento mantido, das 10h \u00e0s 22h. Mas, alguns servi\u00e7os terceirizados t\u00eam hor\u00e1rios de funcionamento diferentes ou estar\u00e3o fechados. \n\ud83d\udccdShopping Tambi\u00e1\nO shopping Tambi\u00e1 permanece aberto nesta segunda-feira (7). O cinema funciona de acordo com os hor\u00e1rios das sess\u00f5es. \n\ud83d\udccdMag Shopping\nNo Mag Shopping, as lojas e quiosques devem funcionar das 13 \u00e0s 21h. J\u00e1 a pra\u00e7a de alimenta\u00e7\u00e3o funciona das 11h30h \u00e0s 22h e o cinema das 13h \u00e0s 22h. \n\ud83d\udccdShopping Sebrae\nNo Shopping Sebrae, as lojas abrem das 11h \u00e0s 20h. A pra\u00e7a de alimenta\u00e7\u00e3o funciona das 12h \u00e0s 20h.\n\ud83d\udccdLiv Mall\nO shopping Liv Mall funciona das 13h \u00e0s 21h. A pra\u00e7a de alimenta\u00e7\u00e3o funciona das 12h \u00e0s 22h. \n\ud83c\udfe6 Bancos\nDe acordo com a Federa\u00e7\u00e3o Brasileira de Bancos (Febraban), os bancos estar\u00e3o fechados nesta segunda-feira (7). As opera\u00e7\u00f5es via Pix seguem dispon\u00edveis 24 horas por dia. O atendimento nas ag\u00eancias ser\u00e1 retomado na ter\u00e7a-feira (8).\n\ud83d\udecd\ufe0f Com\u00e9rcio \nAs empresas do com\u00e9rcio em Jo\u00e3o Pessoa podem funcionar normalmente, desde que sigam as regras da conven\u00e7\u00e3o coletiva de trabalho vigente.\nOs trabalhadores escalados para atuar no feriado t\u00eam direito a uma ajuda de custo de R$ 67, al\u00e9m do vale-transporte referente ao dia e uma folga compensat\u00f3ria, segundo o Sindicato dos Comerci\u00e1rios de Jo\u00e3o Pessoa.\n\ud83d\ude89 VLTs\nOs Ve\u00edculos Leves sobre Trilhos (VLTs) da capital n\u00e3o ir\u00e3o funcionar nesta segunda-feira (7). O funcionamento volta ao normal na ter\u00e7a-feira (8), das 4h30 \u00e0s 19h20. \n\ud83d\ude8c \u00d4nibus\nAt\u00e9 a publica\u00e7\u00e3o desta reportagem, n\u00e3o foram divulgados os hor\u00e1rios de circula\u00e7\u00e3o dos \u00f4nibus do transporte coletivo em Jo\u00e3o Pessoa no feriado.\n\u2696\ufe0fJusti\u00e7a\nNo Tribunal de Justi\u00e7a da Para\u00edba n\u00e3o haver\u00e1 expediente nesta segunda-feira (7). J\u00e1 o Tribunal Regional Eleitoral tem plant\u00e3o judicial, apenas para casos urgentes.\nO Minist\u00e9rio P\u00fablico do Trabalho n\u00e3o tem expediente nas unidades nesta segunda-feira (7). Den\u00fancias podem ser feitas pelos canais online.\n\ud83c\udfe2 Reparti\u00e7\u00f5es p\u00fablicas\nAs reparti\u00e7\u00f5es p\u00fablicas municipais de Jo\u00e3o Pessoa e reparti\u00e7\u00f5es estaduais n\u00e3o ir\u00e3o funcionar nesta segunda-feira (7).\n\u2709\ufe0f Correios\nAs ag\u00eancias n\u00e3o funcionam nesta segunda-feira (7). O funcionamento retoma na ter\u00e7a-feira (8). \n\ud83c\udf33 Parques \nBica \nO Parque Zoobot\u00e2nico Arruda C\u00e2mara funciona das 9h \u00e0s 16h. Os ingressos custam R$ 3 e podem ser adquiridos de forma on-line ou na bilheteria do local.  \nJardim Bot\u00e2nico \nO Jardim Bot\u00e2nico Benjamin Maranh\u00e3o estar\u00e1 fechado nesta segunda-feira (7). O parque funciona de ter\u00e7a a s\u00e1bado das 8h \u00e0s 16h. A entrada \u00e9 gratuita. \nV\u00eddeos mais assistidos do g1 Para\u00edba  ","protected":false},"excerpt":{"rendered":"<p>        Com\u00e9rcio em Jo\u00e3o Pessoa<br \/>\nTV Cabo Branco\/Acervo<br \/>\nA independ\u00eancia do Brasil \u00e9 celebrada nesta segunda-feira (7) e a data \u00e9 considerada feriado nacional. Com isso, alguns estabelecimentos e servi\u00e7os funcionam com um hor\u00e1rio alterado. Em Jo\u00e3o Pessoa,&#8230;<\/p>\n","protected":false},"author":2,"featured_media":0,"comment_status":"closed","ping_status":"closed","sticky":false,"template":"","format":"standard","meta":{"advgb_blocks_editor_width":"","advgb_blocks_columns_visual_guide":"","footnotes":""},"categories":[34],"tags":[35],"class_list":["post-73232","post","type-post","status-publish","format-standard","hentry","category-g1","tag-g1"],"author_meta":{"display_name":"g1 &gt; Para\u00edba","author_link":"https:\/\/sindaopcpb.org.br\/author\/g1-paraiba\/"},"featured_img":null,"coauthors":[],"tax_additional":{"categories":{"linked":["<a href=\"https:\/\/sindaopcpb.org.br\/g1\/\" class=\"advgb-post-tax-term\">G1<\/a>"],"unlinked":["<span class=\"advgb-post-tax-term\">G1<\/span>"]},"tags":{"linked":["<a href=\"https:\/\/sindaopcpb.org.br\/g1\/\" class=\"advgb-post-tax-term\">g1<\/a>"],"unlinked":["<span class=\"advgb-post-tax-term\">g1<\/span>"]}},"comment_count":"0","relative_dates":{"created":"Publicado 5 horas atr\u00e1s","modified":"Atualizado 5 horas atr\u00e1s"},"absolute_dates":{"created":"Publicado em 5 de setembro de 2026","modified":"Atualizado em 5 de setembro de 2026"},"absolute_dates_time":{"created":"Publicado em 5 de setembro de 2026 12:03","modified":"Atualizado em 5 de setembro de 2026 12:03"},"featured_img_caption":"","series_order":"","_links":{"self":[{"href":"https:\/\/sindaopcpb.org.br\/index.php\/wp-json\/wp\/v2\/posts\/73232","targetHints":{"allow":["GET"]}}],"collection":[{"href":"https:\/\/sindaopcpb.org.br\/index.php\/wp-json\/wp\/v2\/posts"}],"about":[{"href":"https:\/\/sindaopcpb.org.br\/index.php\/wp-json\/wp\/v2\/types\/post"}],"author":[{"embeddable":true,"href":"https:\/\/sindaopcpb.org.br\/index.php\/wp-json\/wp\/v2\/users\/2"}],"replies":[{"embeddable":true,"href":"https:\/\/sindaopcpb.org.br\/index.php\/wp-json\/wp\/v2\/comments?post=73232"}],"version-history":[{"count":1,"href":"https:\/\/sindaopcpb.org.br\/index.php\/wp-json\/wp\/v2\/posts\/73232\/revisions"}],"predecessor-version":[{"id":73233,"href":"https:\/\/sindaopcpb.org.br\/index.php\/wp-json\/wp\/v2\/posts\/73232\/revisions\/73233"}],"wp:attachment":[{"href":"https:\/\/sindaopcpb.org.br\/index.php\/wp-json\/wp\/v2\/media?parent=73232"}],"wp:term":[{"taxonomy":"category","embeddable":true,"href":"https:\/\/sindaopcpb.org.br\/index.php\/wp-json\/wp\/v2\/categories?post=73232"},{"taxonomy":"post_tag","embeddable":true,"href":"https:\/\/sindaopcpb.org.br\/index.php\/wp-json\/wp\/v2\/tags?post=73232"}],"curies":[{"name":"wp","href":"https:\/\/api.w.org\/{rel}","templated":true}]}}