{"id":73229,"date":"2026-09-05T12:03:10","date_gmt":"2026-09-05T15:03:10","guid":{"rendered":"https:\/\/g1.globo.com\/pb\/paraiba\/noticia\/2026\/09\/05\/7-de-setembro-veja-o-que-abre-e-o-que-fecha-no-feriado-em-campina-grande.ghtml"},"modified":"2026-09-05T12:03:10","modified_gmt":"2026-09-05T15:03:10","slug":"7-de-setembro-veja-o-que-abre-e-o-que-fecha-no-feriado-em-campina-grande","status":"publish","type":"post","link":"https:\/\/sindaopcpb.org.br\/index.php\/2026\/09\/05\/7-de-setembro-veja-o-que-abre-e-o-que-fecha-no-feriado-em-campina-grande\/","title":{"rendered":"7 de setembro: veja o que abre e o que fecha no feriado em Campina Grande"},"content":{"rendered":"   <img src=\"https:\/\/s2-g1.glbimg.com\/PJstkbBC1VQBUcxUjkD-vND909g=\/i.s3.glbimg.com\/v1\/AUTH_59edd422c0c84a879bd37670ae4f538a\/internal_photos\/bs\/2017\/f\/t\/bZfhn2TS2iRQ6o64HBbg\/desfile-bandeira-campinagrande.jpg\" \/><br \/>     Hasteamento da bandeira no desfile de 7 de setembro em Campina Grande\nFelipe Valentim\/TV Para\u00edba\nA independ\u00eancia do Brasil \u00e9 celebrada nesta segunda-feira (7) e a data \u00e9 considerada feriado nacional. Com isso, alguns estabelecimentos e servi\u00e7os funcionam com um hor\u00e1rio alterado. Em Campina Grande, no Agreste da Para\u00edba, shoppings devem abrir, enquanto ag\u00eancias banc\u00e1rias e reparti\u00e7\u00f5es p\u00fablicas n\u00e3o funcionam.\nNa segunda-feira (7), Campina Grande tamb\u00e9m recebe o tradicional desfile c\u00edvico em homenagem \u00e0 Independ\u00eancia do Brasil. O evento marca o encerramento da Semana da P\u00e1tria e come\u00e7a \u00e0s 8h, na Avenida Floriano Peixoto.\n\u2705 Clique aqui para seguir o canal do g1 PB no WhatsApp\nAl\u00e9m do desfile no Centro, outro est\u00e1 previsto para acontecer a partir das 14h, no distrito de Galante. No dia 13 de setembro, S\u00e3o Jos\u00e9 da Mata tamb\u00e9m ter\u00e1 um desfile, a partir das 14h30. Em 2026, a celebra\u00e7\u00e3o tem como tema \"Equidade, sustentabilidade e tecnologias: conex\u00f5es que transformam\".\nDurante o feriado, alguns servi\u00e7os do munic\u00edpio funcionar\u00e3o normalmente, enquanto outros ter\u00e3o hor\u00e1rio especial ou estar\u00e3o fechados. \nAgora no g1\nConfira o que abre e fecha em Campina Grande no feriado de 7 de Setembro.\n\ud83d\udecd\ufe0f Shoppings\nOs shoppings de Campina Grande ter\u00e3o hor\u00e1rios de funcionamento alterados durante o feriad\u00e3o da Independ\u00eancia, com a programa\u00e7\u00e3o variando conforme cada estabelecimento: \n\ud83d\udccdPartage Shopping\nO Partage Shopping funcionar\u00e1 normalmente na segunda-feira (7). O estabelecimento estar\u00e1 aberto das 10h \u00e0s 22h. \n\ud83d\udccdCirne Center\nO Shopping Cirne Center estar\u00e1 fechado na segunda-feira (7). \n\ud83d\udccdDesign Mall\nO Design Mall funcionar\u00e1 durante o feriado. Na segunda-feira (7), as lojas e a pra\u00e7a de alimenta\u00e7\u00e3o estar\u00e3o abertas das 12h \u00e0s 18h. \nO hor\u00e1rio da academia e do Bora Rooftop ser\u00e1 divulgado pelos pr\u00f3prios estabelecimentos. \n\ud83d\udccdShopping Edson Diniz\nNa segunda-feira (7), o Shopping Edson Diniz estar\u00e1 fechado. \n\ud83d\udecd\ufe0f Com\u00e9rcio \nO Sindicato dos Comerci\u00e1rios informou que deve divulgar apenas na segunda-feira (7) como ser\u00e1 o funcionamento. Segundo a entidade, o posicionamento ainda est\u00e1 pendente devido a um acordo em discuss\u00e3o.\n\ud83c\udfe6Bancos\nDe acordo com o calend\u00e1rio da Federa\u00e7\u00e3o Brasileira de Bancos (Febraban), n\u00e3o haver\u00e1 atendimento nas ag\u00eancias banc\u00e1rias de Campina Grande na segunda-feira (7), em raz\u00e3o do feriado nacional. \nAs compensa\u00e7\u00f5es banc\u00e1rias tamb\u00e9m n\u00e3o ser\u00e3o realizadas na data, incluindo transfer\u00eancias via TED. O PIX, no entanto, segue funcionando normalmente durante o feriado.\n\ud83c\udf33Parques\nNa segunda-feira (7), os parques de Campina Grande funcionar\u00e3o em hor\u00e1rio de fim de semana:\nParque da Crian\u00e7a: 5h \u00e0s 18h \nParque da Liberdade: 5h \u00e0s 18h \nVila Ol\u00edmpica Pl\u00ednio Lemos: 5h \u00e0s 18h \n\u2696\ufe0fJusti\u00e7a\nDe acordo com o calend\u00e1rio da Justi\u00e7a Federal da Para\u00edba (JFPB), as unidades judici\u00e1rias de Campina Grande funcionar\u00e3o em regime de plant\u00e3o durante o feriado do dia 7 de setembro. \nOs prazos processuais com vencimento na data do feriado ser\u00e3o prorrogados para o primeiro dia \u00fatil seguinte.\n\u2709\ufe0f Correios\nNa segunda-feira (7), n\u00e3o haver\u00e1 atendimento nem atividades de entrega nas ag\u00eancias dos Correios em Campina Grande, em raz\u00e3o do feriado.\nOs expediente do s\u00e1bado (5) acontecer\u00e1 normalmente nas ag\u00eancias que atendem no fim de semana. As atividades de entrega previstas para o dia tamb\u00e9m seguir\u00e3o o cronograma. \nO Correios volta a funcionar normalmente na ter\u00e7a-feira (8). \n\ud83c\udfe2 Reparti\u00e7\u00f5es P\u00fablicas\nA Prefeitura de Campina Grande decretou ponto facultativo nas reparti\u00e7\u00f5es p\u00fablicas do munic\u00edpio durante o feriado de segunda-feira (7). Na data, apenas servi\u00e7os essenciais continuar\u00e3o funcionando normalmente, como os de limpeza urbana e os atendimentos de sa\u00fade.\n\ud83d\ude8c \u00d4nibus\nDe acordo com a Superintend\u00eancia de Tr\u00e2nsito e Transporte P\u00fablico de Campina Grande (STTP), o transporte p\u00fablico de Campina Grande funcionar\u00e1 com a opera\u00e7\u00e3o de domingo na segunda-feira (7). Das 6h \u00e0s 14h, 22 linhas de \u00f4nibus ter\u00e3o refor\u00e7o de 30%.\nAp\u00f3s esse per\u00edodo, a opera\u00e7\u00e3o volta ao funcionamento normal para os feriados e domingos. \nA STTP informou ainda que as linhas 040, 092 e 245 funcionar\u00e3o at\u00e9 as 22h50 para atender \u00e0 demanda do Partage Shopping.\nA Avenida Marechal Floriano Peixoto ser\u00e1 interditada durante o dia para a passagem do desfile c\u00edvico de 7 de Setembro. O estacionamento tamb\u00e9m ser\u00e1 proibido na Rua Treze de Maio e na Rua Coronel Jo\u00e3o Louren\u00e7o Porto. \nV\u00eddeos mais assistidos do g1 Para\u00edba  ","protected":false},"excerpt":{"rendered":"<p>        Hasteamento da bandeira no desfile de 7 de setembro em Campina Grande<br \/>\nFelipe Valentim\/TV Para\u00edba<br \/>\nA independ\u00eancia do Brasil \u00e9 celebrada nesta segunda-feira (7) e a data \u00e9 considerada feriado nacional. Com isso, alguns estabelecimentos e servi\u00e7os&#8230;<\/p>\n","protected":false},"author":2,"featured_media":0,"comment_status":"closed","ping_status":"closed","sticky":false,"template":"","format":"standard","meta":{"advgb_blocks_editor_width":"","advgb_blocks_columns_visual_guide":"","footnotes":""},"categories":[34],"tags":[35],"class_list":["post-73229","post","type-post","status-publish","format-standard","hentry","category-g1","tag-g1"],"author_meta":{"display_name":"g1 &gt; Para\u00edba","author_link":"https:\/\/sindaopcpb.org.br\/author\/g1-paraiba\/"},"featured_img":null,"coauthors":[],"tax_additional":{"categories":{"linked":["<a href=\"https:\/\/sindaopcpb.org.br\/g1\/\" class=\"advgb-post-tax-term\">G1<\/a>"],"unlinked":["<span class=\"advgb-post-tax-term\">G1<\/span>"]},"tags":{"linked":["<a href=\"https:\/\/sindaopcpb.org.br\/g1\/\" class=\"advgb-post-tax-term\">g1<\/a>"],"unlinked":["<span class=\"advgb-post-tax-term\">g1<\/span>"]}},"comment_count":"0","relative_dates":{"created":"Publicado 5 horas atr\u00e1s","modified":"Atualizado 5 horas atr\u00e1s"},"absolute_dates":{"created":"Publicado em 5 de setembro de 2026","modified":"Atualizado em 5 de setembro de 2026"},"absolute_dates_time":{"created":"Publicado em 5 de setembro de 2026 12:03","modified":"Atualizado em 5 de setembro de 2026 12:03"},"featured_img_caption":"","series_order":"","_links":{"self":[{"href":"https:\/\/sindaopcpb.org.br\/index.php\/wp-json\/wp\/v2\/posts\/73229","targetHints":{"allow":["GET"]}}],"collection":[{"href":"https:\/\/sindaopcpb.org.br\/index.php\/wp-json\/wp\/v2\/posts"}],"about":[{"href":"https:\/\/sindaopcpb.org.br\/index.php\/wp-json\/wp\/v2\/types\/post"}],"author":[{"embeddable":true,"href":"https:\/\/sindaopcpb.org.br\/index.php\/wp-json\/wp\/v2\/users\/2"}],"replies":[{"embeddable":true,"href":"https:\/\/sindaopcpb.org.br\/index.php\/wp-json\/wp\/v2\/comments?post=73229"}],"version-history":[{"count":1,"href":"https:\/\/sindaopcpb.org.br\/index.php\/wp-json\/wp\/v2\/posts\/73229\/revisions"}],"predecessor-version":[{"id":73230,"href":"https:\/\/sindaopcpb.org.br\/index.php\/wp-json\/wp\/v2\/posts\/73229\/revisions\/73230"}],"wp:attachment":[{"href":"https:\/\/sindaopcpb.org.br\/index.php\/wp-json\/wp\/v2\/media?parent=73229"}],"wp:term":[{"taxonomy":"category","embeddable":true,"href":"https:\/\/sindaopcpb.org.br\/index.php\/wp-json\/wp\/v2\/categories?post=73229"},{"taxonomy":"post_tag","embeddable":true,"href":"https:\/\/sindaopcpb.org.br\/index.php\/wp-json\/wp\/v2\/tags?post=73229"}],"curies":[{"name":"wp","href":"https:\/\/api.w.org\/{rel}","templated":true}]}}