{"id":73225,"date":"2026-09-05T09:15:38","date_gmt":"2026-09-05T12:15:38","guid":{"rendered":"https:\/\/g1.globo.com\/pb\/paraiba\/noticia\/2026\/09\/05\/acidente-entre-carros-deixa-dois-motoristas-mortos-no-cariri-da-pb.ghtml"},"modified":"2026-09-05T09:15:38","modified_gmt":"2026-09-05T12:15:38","slug":"acidente-entre-carros-deixa-dois-motoristas-mortos-no-cariri-da-pb-2","status":"publish","type":"post","link":"https:\/\/sindaopcpb.org.br\/index.php\/2026\/09\/05\/acidente-entre-carros-deixa-dois-motoristas-mortos-no-cariri-da-pb-2\/","title":{"rendered":"Acidente entre carros deixa dois motoristas mortos, no Cariri da PB"},"content":{"rendered":"   <img src=\"https:\/\/s2-g1.glbimg.com\/d2d-2v2vuPx-hyBXeSUu5QUtaK8=\/i.s3.glbimg.com\/v1\/AUTH_59edd422c0c84a879bd37670ae4f538a\/internal_photos\/bs\/2026\/y\/u\/QaA2EHS4uW5dlLPo1qlQ\/acidentecongo.png\" \/><br \/>     Acidente entre carros na PB-214 deixa dois motoristas mortos, na PB\nReprodu\u00e7\u00e3o \/ TV Para\u00edba\nDois motoristas morreram ap\u00f3s um acidente entre carros na PB-214, na cidade do Congo, no Cariri da Para\u00edba,  por volta das 20h da sexta-feira (5). As v\u00edtimas foram identificadas como Allandeves Feitosa, de 22 anos,  e Jos\u00e9 Albino de Sobral, de 39 anos. \n\u2705 Clique aqui para seguir o canal do g1 PB no WhatsApp\nDe acordo com a Pol\u00edcia Civil, cada ve\u00edculo tinha apenas o motorista e n\u00e3o houve outros feridos. As duas v\u00edtimas morreram ainda no local. Os corpos foram retirados com ajuda do Corpo de Bombeiros e encaminhados para os procedimentos necess\u00e1rios.\nAgora no g1\nSegundo a Pol\u00edcia Civil, os carros bateram de frente em um trecho da rodovia que passava por recapeamento. A suspeita inicial \u00e9 de que a obra tenha provocado um levantamento de poeira, o que pode ter feito um dos condutores perder o controle do ve\u00edculo.\nA Pol\u00edcia Civil informou, no entanto, que a din\u00e2mica do acidente entre carros na PB-214 s\u00f3 poder\u00e1 ser confirmada ap\u00f3s a conclus\u00e3o dos laudos periciais.\nAp\u00f3s a retirada dos ve\u00edculos e dos corpos, o tr\u00e2nsito voltou a fluir no trecho. Os laudos cadav\u00e9ricos e do local do acidente ser\u00e3o usados na investiga\u00e7\u00e3o para esclarecer as circunst\u00e2ncias da batida.\nV\u00eddeos mais assistidos do g1 Para\u00edba  ","protected":false},"excerpt":{"rendered":"<p>        Acidente entre carros na PB-214 deixa dois motoristas mortos, na PB<br \/>\nReprodu\u00e7\u00e3o \/ TV Para\u00edba<br \/>\nDois motoristas morreram ap\u00f3s um acidente entre carros na PB-214, na cidade do Congo, no Cariri da Para\u00edba,  por volta das 20h da sexta-feira (5). As v\u00ed&#8230;<\/p>\n","protected":false},"author":2,"featured_media":0,"comment_status":"closed","ping_status":"closed","sticky":false,"template":"","format":"standard","meta":{"advgb_blocks_editor_width":"","advgb_blocks_columns_visual_guide":"","footnotes":""},"categories":[34],"tags":[35],"class_list":["post-73225","post","type-post","status-publish","format-standard","hentry","category-g1","tag-g1"],"author_meta":{"display_name":"g1 &gt; Para\u00edba","author_link":"https:\/\/sindaopcpb.org.br\/author\/g1-paraiba\/"},"featured_img":null,"coauthors":[],"tax_additional":{"categories":{"linked":["<a href=\"https:\/\/sindaopcpb.org.br\/g1\/\" class=\"advgb-post-tax-term\">G1<\/a>"],"unlinked":["<span class=\"advgb-post-tax-term\">G1<\/span>"]},"tags":{"linked":["<a href=\"https:\/\/sindaopcpb.org.br\/g1\/\" class=\"advgb-post-tax-term\">g1<\/a>"],"unlinked":["<span class=\"advgb-post-tax-term\">g1<\/span>"]}},"comment_count":"0","relative_dates":{"created":"Publicado 5 horas atr\u00e1s","modified":"Atualizado 5 horas atr\u00e1s"},"absolute_dates":{"created":"Publicado em 5 de setembro de 2026","modified":"Atualizado em 5 de setembro de 2026"},"absolute_dates_time":{"created":"Publicado em 5 de setembro de 2026 09:15","modified":"Atualizado em 5 de setembro de 2026 09:15"},"featured_img_caption":"","series_order":"","_links":{"self":[{"href":"https:\/\/sindaopcpb.org.br\/index.php\/wp-json\/wp\/v2\/posts\/73225","targetHints":{"allow":["GET"]}}],"collection":[{"href":"https:\/\/sindaopcpb.org.br\/index.php\/wp-json\/wp\/v2\/posts"}],"about":[{"href":"https:\/\/sindaopcpb.org.br\/index.php\/wp-json\/wp\/v2\/types\/post"}],"author":[{"embeddable":true,"href":"https:\/\/sindaopcpb.org.br\/index.php\/wp-json\/wp\/v2\/users\/2"}],"replies":[{"embeddable":true,"href":"https:\/\/sindaopcpb.org.br\/index.php\/wp-json\/wp\/v2\/comments?post=73225"}],"version-history":[{"count":2,"href":"https:\/\/sindaopcpb.org.br\/index.php\/wp-json\/wp\/v2\/posts\/73225\/revisions"}],"predecessor-version":[{"id":73228,"href":"https:\/\/sindaopcpb.org.br\/index.php\/wp-json\/wp\/v2\/posts\/73225\/revisions\/73228"}],"wp:attachment":[{"href":"https:\/\/sindaopcpb.org.br\/index.php\/wp-json\/wp\/v2\/media?parent=73225"}],"wp:term":[{"taxonomy":"category","embeddable":true,"href":"https:\/\/sindaopcpb.org.br\/index.php\/wp-json\/wp\/v2\/categories?post=73225"},{"taxonomy":"post_tag","embeddable":true,"href":"https:\/\/sindaopcpb.org.br\/index.php\/wp-json\/wp\/v2\/tags?post=73225"}],"curies":[{"name":"wp","href":"https:\/\/api.w.org\/{rel}","templated":true}]}}