{"id":73221,"date":"2026-09-05T08:17:01","date_gmt":"2026-09-05T11:17:01","guid":{"rendered":"https:\/\/g1.globo.com\/pb\/paraiba\/noticia\/2026\/09\/05\/feriadao-de-7-de-setembro-vai-ter-chuva-e-tempo-nublado-na-pb-veja-previsao.ghtml"},"modified":"2026-09-05T08:17:01","modified_gmt":"2026-09-05T11:17:01","slug":"feriadao-de-7-de-setembro-vai-ter-chuva-e-tempo-nublado-na-pb-veja-previsao","status":"publish","type":"post","link":"https:\/\/sindaopcpb.org.br\/index.php\/2026\/09\/05\/feriadao-de-7-de-setembro-vai-ter-chuva-e-tempo-nublado-na-pb-veja-previsao\/","title":{"rendered":"&#8216;Feriad\u00e3o&#8217; de 7 de Setembro vai ter chuva e tempo nublado, na PB; veja previs\u00e3o"},"content":{"rendered":"   <img src=\"https:\/\/s2-g1.glbimg.com\/DM-SXxqhLMK_7Ojyp9VWo3qG8DI=\/i.s3.glbimg.com\/v1\/AUTH_59edd422c0c84a879bd37670ae4f538a\/internal_photos\/bs\/2024\/A\/m\/6s9a98QR6UqgMh3QCBGQ\/copia-de-fachada-3-1-.jpg\" \/><br \/>     Orla de Jo\u00e3o Pessoa \u00e9 destaque de turismo no Nordeste.\nDivulga\u00e7\u00e3o\nA previs\u00e3o do tempo para o feriad\u00e3o de 7 de Setembro na Para\u00edba, entre este s\u00e1bado (5) e a segunda-feira (7), indica per\u00edodos de nebulosidade e possibilidade de chuva em algumas regi\u00f5es do estado. J\u00e1 no Sert\u00e3o e no Alto Sert\u00e3o as temperaturas podem chegar a 35 \u00b0C.\n\u2705 Clique aqui para seguir o canal do g1 PB no WhatsApp\nDe acordo com a previs\u00e3o da Ag\u00eancia Executiva de Gest\u00e3o das \u00c1guas da Para\u00edba (Aesa), o tempo deve variar entre parcialmente nublado e c\u00e9u claro ao longo do feriad\u00e3o. A possibilidade de chuva aparece principalmente no Litoral e no Brejo no domingo (6).\nAgora no g1\nNo Litoral, onde fica Jo\u00e3o Pessoa, a temperatura deve variar entre 21 \u00b0C e 27 \u00b0C neste s\u00e1bado (5). A previs\u00e3o \u00e9 de tempo parcialmente nublado a claro.\nNo Agreste, onde fica Campina Grande, a previs\u00e3o tamb\u00e9m \u00e9 de tempo parcialmente nublado a claro, com temperaturas entre 18 \u00b0C e 28 \u00b0C.\nNas demais regi\u00f5es da Para\u00edba a previs\u00e3o segue abaixo:\nBrejo: m\u00ednima de 19 \u00b0C e m\u00e1xima de 27 \u00b0C, com tempo parcialmente nublado a claro\nCariri: m\u00ednima de 19 \u00b0C e m\u00e1xima de 31 \u00b0C, com tempo parcialmente nublado a claro\nSert\u00e3o: m\u00ednima de 19 \u00b0C e m\u00e1xima de 35 \u00b0C, com c\u00e9u claro\nAlto Sert\u00e3o: m\u00ednima de 19 \u00b0C e m\u00e1xima de 35 \u00b0C, com c\u00e9u claro\nJo\u00e3o Pessoa e Campina Grande\nS\u00e1bado (5)\nEm Jo\u00e3o Pessoa, a previs\u00e3o \u00e9 de tempo parcialmente nublado a claro. A temperatura deve variar entre 21 \u00b0C e 27 \u00b0C.\nEm Campina Grande, o s\u00e1bado deve ter tempo parcialmente nublado a claro. A temperatura varia entre 18 \u00b0C e 28 \u00b0C.\nDomingo (6)\nEm Jo\u00e3o Pessoa, a previs\u00e3o \u00e9 de tempo parcialmente nublado com chuva. A temperatura deve variar entre 22 \u00b0C e 27 \u00b0C.\nEm Campina Grande, a previs\u00e3o \u00e9 de tempo parcialmente nublado a claro, com temperaturas entre 19 \u00b0C e 28 \u00b0C.\nSegunda-feira (7)\nEm Jo\u00e3o Pessoa, a previs\u00e3o \u00e9 de tempo parcialmente nublado a claro. A temperatura deve variar entre 22 \u00b0C e 27 \u00b0C.\nEm Campina Grande, a previs\u00e3o tamb\u00e9m \u00e9 de tempo parcialmente nublado a claro, com m\u00ednima de 19 \u00b0C e m\u00e1xima de 28 \u00b0C.\nV\u00eddeos mais assistidos do g1 Para\u00edba  ","protected":false},"excerpt":{"rendered":"<p>        Orla de Jo\u00e3o Pessoa \u00e9 destaque de turismo no Nordeste.<br \/>\nDivulga\u00e7\u00e3o<br \/>\nA previs\u00e3o do tempo para o feriad\u00e3o de 7 de Setembro na Para\u00edba, entre este s\u00e1bado (5) e a segunda-feira (7), indica per\u00edodos de nebulosidade e possibilidade de chuva em algumas &#8230;<\/p>\n","protected":false},"author":2,"featured_media":0,"comment_status":"closed","ping_status":"closed","sticky":false,"template":"","format":"standard","meta":{"advgb_blocks_editor_width":"","advgb_blocks_columns_visual_guide":"","footnotes":""},"categories":[34],"tags":[35],"class_list":["post-73221","post","type-post","status-publish","format-standard","hentry","category-g1","tag-g1"],"author_meta":{"display_name":"g1 &gt; Para\u00edba","author_link":"https:\/\/sindaopcpb.org.br\/author\/g1-paraiba\/"},"featured_img":null,"coauthors":[],"tax_additional":{"categories":{"linked":["<a href=\"https:\/\/sindaopcpb.org.br\/g1\/\" class=\"advgb-post-tax-term\">G1<\/a>"],"unlinked":["<span class=\"advgb-post-tax-term\">G1<\/span>"]},"tags":{"linked":["<a href=\"https:\/\/sindaopcpb.org.br\/g1\/\" class=\"advgb-post-tax-term\">g1<\/a>"],"unlinked":["<span class=\"advgb-post-tax-term\">g1<\/span>"]}},"comment_count":"0","relative_dates":{"created":"Publicado 6 horas atr\u00e1s","modified":"Atualizado 6 horas atr\u00e1s"},"absolute_dates":{"created":"Publicado em 5 de setembro de 2026","modified":"Atualizado em 5 de setembro de 2026"},"absolute_dates_time":{"created":"Publicado em 5 de setembro de 2026 08:17","modified":"Atualizado em 5 de setembro de 2026 08:17"},"featured_img_caption":"","series_order":"","_links":{"self":[{"href":"https:\/\/sindaopcpb.org.br\/index.php\/wp-json\/wp\/v2\/posts\/73221","targetHints":{"allow":["GET"]}}],"collection":[{"href":"https:\/\/sindaopcpb.org.br\/index.php\/wp-json\/wp\/v2\/posts"}],"about":[{"href":"https:\/\/sindaopcpb.org.br\/index.php\/wp-json\/wp\/v2\/types\/post"}],"author":[{"embeddable":true,"href":"https:\/\/sindaopcpb.org.br\/index.php\/wp-json\/wp\/v2\/users\/2"}],"replies":[{"embeddable":true,"href":"https:\/\/sindaopcpb.org.br\/index.php\/wp-json\/wp\/v2\/comments?post=73221"}],"version-history":[{"count":1,"href":"https:\/\/sindaopcpb.org.br\/index.php\/wp-json\/wp\/v2\/posts\/73221\/revisions"}],"predecessor-version":[{"id":73222,"href":"https:\/\/sindaopcpb.org.br\/index.php\/wp-json\/wp\/v2\/posts\/73221\/revisions\/73222"}],"wp:attachment":[{"href":"https:\/\/sindaopcpb.org.br\/index.php\/wp-json\/wp\/v2\/media?parent=73221"}],"wp:term":[{"taxonomy":"category","embeddable":true,"href":"https:\/\/sindaopcpb.org.br\/index.php\/wp-json\/wp\/v2\/categories?post=73221"},{"taxonomy":"post_tag","embeddable":true,"href":"https:\/\/sindaopcpb.org.br\/index.php\/wp-json\/wp\/v2\/tags?post=73221"}],"curies":[{"name":"wp","href":"https:\/\/api.w.org\/{rel}","templated":true}]}}