{"id":73214,"date":"2026-09-05T07:02:55","date_gmt":"2026-09-05T10:02:55","guid":{"rendered":"https:\/\/g1.globo.com\/pb\/paraiba\/noticia\/2026\/09\/05\/chacina-de-pioz-tio-de-assassino-de-familia-da-pb-morta-na-espanha-diz-que-perdoa-sobrinho-e-cobra-justica-por-suposto-auxilio.ghtml"},"modified":"2026-09-05T07:02:55","modified_gmt":"2026-09-05T10:02:55","slug":"chacina-de-pioz-tio-de-assassino-de-familia-da-pb-morta-na-espanha-diz-que-perdoa-sobrinho-e-cobra-justica-por-suposto-auxilio","status":"publish","type":"post","link":"https:\/\/sindaopcpb.org.br\/index.php\/2026\/09\/05\/chacina-de-pioz-tio-de-assassino-de-familia-da-pb-morta-na-espanha-diz-que-perdoa-sobrinho-e-cobra-justica-por-suposto-auxilio\/","title":{"rendered":"Chacina de Pioz: tio de assassino de fam\u00edlia da PB morta na Espanha diz que perdoa sobrinho e cobra justi\u00e7a por suposto aux\u00edlio"},"content":{"rendered":"   <img src=\"https:\/\/s2-g1.glbimg.com\/NmvkbEzpxmzXWRFVN1KF_CKcYQw=\/i.s3.glbimg.com\/v1\/AUTH_59edd422c0c84a879bd37670ae4f538a\/internal_photos\/bs\/2017\/r\/K\/iZ1iBNQaqnrAsI7ISpSg\/walfran-campos-celular-joao-pessoa.jpg\" \/><br \/>     Chacina de Pioz completa 10 anos com condenado a perp\u00e9tua e processo em aberto na PB\nDez anos depois da chacina de Pioz, a fam\u00edlia de Marcos Campos Nogueira ainda convive com a aus\u00eancia deixada pela morte dele, da esposa, Jana\u00edna Santos Am\u00e9rico, e dos dois filhos pequenos do casal, Maria Carolina, de 4 anos, e David de 1 ano. O crime aconteceu em agosto de 2016, em um chal\u00e9 na prov\u00edncia de Guadalajara, na Espanha, e teve como autor o pr\u00f3prio sobrinho de Marcos, Patrick Gouveia.\nEm entrevista exclusiva ao g1, Walfran Campos, irm\u00e3o de Marcos Campos, cunhado de Jana\u00edna e tio das crian\u00e7as, falou sobre a dor que atravessou a fam\u00edlia durante a \u00faltima d\u00e9cada, o choque de descobrir que o respons\u00e1vel pelo crime era algu\u00e9m pr\u00f3ximo e a cobran\u00e7a por justi\u00e7a.\n\u201cSe n\u00e3o ter \u00f3dio \u00e9 perdoar, eu perdoei, mas n\u00e3o abro m\u00e3o da justi\u00e7a\u201d, afirmou.\nWalfran Campos mant\u00e9m contato direto pelo celular com seu representante na Espanha \nAndr\u00e9 Resende\/G1\nPara Walfran, perdoar n\u00e3o significa deixar de responsabilizar quem cometeu um crime. Ele diz que n\u00e3o alimenta sentimentos de vingan\u00e7a contra Patrick ou contra Marvin Henriques Correia, acusado de acompanhar a execu\u00e7\u00e3o do crime por troca de mensagens e de n\u00e3o comunicar \u00e0s autoridades.\n\u201cEu sinceramente n\u00e3o guardo \u00f3dio ou sentimento de vingan\u00e7a de ningu\u00e9m. Se eu guardasse, j\u00e1 teria feito algo. Eu s\u00f3 quero justi\u00e7a\u201d, disse.\n\u201cEu estava conversando com o assassino do meu irm\u00e3o e n\u00e3o sabia\u201d\nWalfran e Patrick tinham uma rela\u00e7\u00e3o de amizade, al\u00e9m da condi\u00e7\u00e3o de tio e sobrinho\nWalfran Campos\/Arquivo Pessoal\nO que torna a lembran\u00e7a ainda mais dolorosa para Walfran \u00e9 a proximidade que Patrick tinha com a fam\u00edlia. Antes de saber que o sobrinho era o respons\u00e1vel pelo crime, os familiares acreditavam que Marcos e os demais haviam sido v\u00edtimas de assassinos de aluguel.\nLEIA TAMB\u00c8M: \nChacina de Pioz: assassinato de fam\u00edlia da Para\u00edba na Espanha completa 10 anos com autor do crime em pris\u00e3o perp\u00e9tua\nAssassino de fam\u00edlia da PB na Espanha recebe cartas de amor e pode dar telefonemas na pris\u00e3o\nChacina de Pioz: paraibano acusado de ajudar em morte de fam\u00edlia na Espanha ainda aguarda julgamento 10 anos ap\u00f3s o crime\nA pr\u00f3pria fam\u00edlia chegou a orientar Patrick a procurar a pol\u00edcia espanhola, acreditando que ele poderia estar em perigo.\n\u201cEu estava conversando com o assassino do meu irm\u00e3o e n\u00e3o sabia\u201d, relembrou Walfran.\nSegundo ele, antes do crime, alguns conflitos dom\u00e9sticos come\u00e7aram a desgastar a conviv\u00eancia entre Patrick e os tios. Situa\u00e7\u00f5es consideradas pequenas, como tarefas da casa e lou\u00e7a suja, teriam contribu\u00eddo para um ambiente de ressentimento.\nNa \u00e9poca, por\u00e9m, a fam\u00edlia n\u00e3o imaginava que aqueles conflitos pudessem terminar em uma trag\u00e9dia.\nHist\u00f3rico de viol\u00eancia\nPatrick Gouveia, suspeito confesso no caso da chacina fam\u00edlia brasileira na Espanha, sonhava em ser jogador\nReprodu\u00e7\u00e3o\/Facebook\nAnos antes da chacina, Patrick j\u00e1 havia protagonizado um epis\u00f3dio violento no Brasil. Em junho de 2013, ele esfaqueou um professor dentro de uma sala de aula na cidade de Altamira, no Par\u00e1. O professor foi atingido no pesco\u00e7o e no abd\u00f4men.\nSegundo Walfran, Patrick contou \u00e0 fam\u00edlia que havia reagido depois de sofrer bullying relacionado ao sotaque nordestino. Os pais de Patrick, que tinha 16 anos \u00e0 \u00e9poca, encaminharam o ent\u00e3o adolescente para acompanhamento psiqui\u00e1trico. \nLaudos psicol\u00f3gicos e psiqui\u00e1tricos considerados favor\u00e1veis \u00e0 reinser\u00e7\u00e3o social contribu\u00edram para que os familiares acreditassem que o epis\u00f3dio n\u00e3o voltaria a acontecer.\n\u201cN\u00f3s vivemos na maior inoc\u00eancia, imaturidade ou falta de experi\u00eancia. Se soub\u00e9ssemos, ter\u00edamos protegido o Marcos\u201d, afirmou.\nPara Walfran, esse \u00e9 um dos maiores questionamentos que permanecem uma d\u00e9cada depois: se a fam\u00edlia tivesse interpretado aqueles sinais de outra maneira, talvez pudesse ter evitado a aproxima\u00e7\u00e3o entre Patrick e Marcos.\nMarvin e a cobran\u00e7a por julgamento no Brasil\nMarvin Correia (esquerda) se tornou r\u00e9u ap\u00f3s ter ajudado o amigo Patrick Nogueira (direita) a matar o tio Marcos Campos\nReprodu\u00e7\u00e3o\/Twitter\nEnquanto Patrick cumpre pris\u00e3o perp\u00e9tua revis\u00e1vel na Espanha, Walfran mant\u00e9m uma cobran\u00e7a espec\u00edfica em rela\u00e7\u00e3o a Marvin Henriques Correia.\nNa vis\u00e3o de Walfran, Marvin teria participado ativamente, na troca de mensagens,  dando instru\u00e7\u00f5es sobre como esconder os corpos, sugerindo rotas de fuga e alertando Patrick para se alimentar e ter cuidado para n\u00e3o ser surpreendido por Marcos. \n\"Eles riam das duas crian\u00e7as e da mulher morta no ch\u00e3o, esquartejada\".\nA defesa de Marvin sustenta que ele n\u00e3o participou dos assassinatos e apenas teria recebido os relatos de Patrick. Walfran, entretanto, questiona por que o processo ainda n\u00e3o chegou a julgamento.\n\u201cO Marvin \u00e9 a cara da impunidade no Brasil. Como \u00e9 que um cara desse ainda n\u00e3o foi a j\u00fari popular?\u201d, afirmou.\nNa \u00e9poca, o g1 teve acesso aos registros entre a morte da terceira v\u00edtima, o menino de 1 ano, at\u00e9 a morte do quarto integrante da fam\u00edlia, Marcos Campos, o tio de Patrick.\nNo conte\u00fado, Patrick relata com detalhes como matou a tia e dois primos. Marvin pergunta qual das tr\u00eas v\u00edtimas ele matou primeiro e Patrick responde que \u201cna mulher, depois a mais velha [a prima de tr\u00eas anos] e depois no moleque de um ano\u201d.\nCom frieza, Patrick Gouveia conta que cortou a garganta de Jana\u00edna e que seus primos ficaram gritando nesse momento. \u201cAs crian\u00e7as ficaram gritando. Massa que os pirralhos nem correm, s\u00f3 ficam \u2018travad\u00e3o\u2019. O pirralho de um ano falava algumas coisas, mas na hora falava nada, n\u00e3o\u201d, detalhou Patrick.\nEm outro momento, Patrick revela que tinha medo de perder a amizade do amigo quando contasse dos crimes que cometeu \n\"Eu estou feliz que tu est\u00e1 de boa (sic). Eu fiquei com medo de tu dizer \u2018boy, acabou\u2019. Eu tenho medo de te perder, mas eu n\u00e3o podia n\u00e3o compartilhar contigo\u201d, desabafou Patrick.\nMarvin ent\u00e3o envia uma mensagem rindo e chama o amigo de assassino. Patrick responde com uma reflex\u00e3o. \u201cEu pensei que ia mudar algo na minha vida [matar algu\u00e9m]. Eu pensei que ia me sentir mais vivo\u201d. \nCaso Pioz: Fant\u00e1stico mostra, com exclusividade, conversa entre Patrick e Marvin\nEm 2021, Marvin Henriques Correia foi absolvido sumariamente pela Justi\u00e7a da Para\u00edba no processo relacionado aos homic\u00eddios. Na \u00e9poca, a decis\u00e3o considerou que n\u00e3o havia elementos que comprovassem a participa\u00e7\u00e3o dele nos assassinatos ou a pr\u00e1tica de alguma conduta criminosa prevista no C\u00f3digo Penal. O Minist\u00e9rio P\u00fablico da Para\u00edba (MPPB), no entanto, apresentou recurso contra a absolvi\u00e7\u00e3o.\nA quest\u00e3o voltou a ser analisada pelo Tribunal de Justi\u00e7a da Para\u00edba (TJPB) em fevereiro de 2023. O desembargador Jo\u00e3o Benedito da Silva, relator do caso, considerou que existiam ind\u00edcios de que Marvin teria incentivado Patrick Nogueira a cometer os crimes. Diante disso, o tribunal anulou a decis\u00e3o anterior e determinou a continuidade da a\u00e7\u00e3o penal.\nMais recentemente, em 3 de mar\u00e7o de 2026, o Superior Tribunal de Justi\u00e7a (STJ) rejeitou um recurso apresentado pela defesa. A inten\u00e7\u00e3o era levar a discuss\u00e3o para o Supremo Tribunal Federal (STF), mas os ministros entenderam que o pedido dependeria de uma nova avalia\u00e7\u00e3o das circunst\u00e2ncias e das provas do processo, o que n\u00e3o pode ser feito por meio daquele tipo de recurso. Dessa forma, a a\u00e7\u00e3o permanece em andamento na Justi\u00e7a paraibana.\nMarvin Henriques Correia\nReprodu\u00e7\u00e3o \/ Instagram\nAtualmente, Marvin mant\u00e9m uma rotina reservada, de acordo com seu advogado.\n\u201cFoi um trauma muito grande para ele naquela oportunidade. Ele ficou recluso. Ele segue a vida de maneira discreta, acompanhando o pai em trabalho e tamb\u00e9m se dedicando aos estudos\u201d, afirmou o advogado Sheyner Asfora ao g1.\nSete anos depois da chacina, em 2023, Marvin decidiu falar publicamente pela primeira vez sobre a repercuss\u00e3o do caso. Ele participou de uma produ\u00e7\u00e3o documental espanhola, na qual afirmou que gostaria de ser reconhecido tamb\u00e9m por aspectos de sua trajet\u00f3ria que n\u00e3o estivessem relacionados aos crimes.\n\u201cFiz um canal no YouTube. Eu quero realmente que as pessoas pesquisem meu nome e descubram que eu tenho muito mais coisa a oferecer do que apenas essa mancha no meu passado, que mostra uma imagem de algu\u00e9m que eu n\u00e3o sou\u201d, declarou no document\u00e1rio.\nM\u00e3e e irm\u00e3 de Patrick evitam falar sobre o caso\nJulgamento de Patrick Nogueira come\u00e7ou nesta quarta-feira, na Espanha; ele \u00e9 r\u00e9u confesso do caso da Chacina de Pioz\nTV Cabo Branco\/Reprodu\u00e7\u00e3o\nA trag\u00e9dia tamb\u00e9m mudou a rela\u00e7\u00e3o entre os integrantes da fam\u00edlia. Walfran conta que sua irm\u00e3, Soraia, m\u00e3e de Patrick, e Hanna, irm\u00e3 de Patrick, preferem n\u00e3o falar publicamente sobre o caso.\nSegundo ele, as duas recusaram propostas para participar de produ\u00e7\u00f5es audiovisuais sobre a chacina, inclusive ofertas financeiras.\n\u201cElas n\u00e3o querem dinheiro, querem paz\u201d, contou.\nMesmo ap\u00f3s tudo o que aconteceu, Soraia viaja do Brasil para a Espanha para visitar o filho no pres\u00eddio.\nO tio afirma que Patrick \u00e9 atualmente um preso reservado, que passa boa parte do tempo lendo e recebendo cartas. Walfran tamb\u00e9m relata que o sobrinho teria sobrevivido a um epis\u00f3dio de viol\u00eancia dentro da pris\u00e3o, quando foi colocado temporariamente em uma ala com detentos considerados perigosos.\n\u201c10 anos de saudade e 10 anos de vergonha\u201d\nFam\u00edlia morta em chacina na Espanha \u00e9 velada em Jo\u00e3o Pessoa\nDiogo Almeida\/G1\nAo olhar para a \u00faltima d\u00e9cada, Walfran resume o sentimento da fam\u00edlia em duas palavras: saudade e vergonha.\n\u201c10 anos de saudade e 10 anos de vergonha\u201d, afirmou.\nA saudade \u00e9 provocada pela aus\u00eancia de Marcos, Jana\u00edna e das duas crian\u00e7as. J\u00e1 a vergonha, segundo ele, est\u00e1 relacionada \u00e0 demora para que o caso envolvendo Marvin avance para julgamento.\nApesar da dor, Walfran afirma que a fam\u00edlia tomou uma decis\u00e3o: seguir vivendo. Ele diz que n\u00e3o quer que a trag\u00e9dia determine o restante da vida dos familiares e que o caminho escolhido foi tentar encontrar felicidade mesmo diante da perda.\n\u201cDecidimos ser felizes\u201d, afirmou.\nPara Walfran, seguir em frente n\u00e3o significa esquecer as v\u00edtimas ou abandonar a busca por justi\u00e7a. Significa, segundo ele, n\u00e3o permitir que o \u00f3dio seja maior do que a mem\u00f3ria daqueles que morreram.\n\u201cPerdoar n\u00e3o significa que a justi\u00e7a n\u00e3o seja feita. Todo crime tem consequ\u00eancia e o autor tem que responder perante a lei. Se isso \u00e9 perdoar, eu perdoei.\u201d\nAo falar sobre Marcos, Jana\u00edna e as crian\u00e7as, ele mant\u00e9m a esperan\u00e7a de que, apesar da trag\u00e9dia, os quatro estejam em um lugar melhor.\n\u201cMinha esperan\u00e7a e f\u00e9 \u00e9 que eles estejam num lugar melhor do que n\u00f3s\u201d, concluiu.\nMarcos Campos com a filha de 3 anos, Maria Carolina e Jana\u00edna Santos com o filho David, de 1 ano\nReprodu\u00e7\u00e3o\/Arquivo Pessoal\n*Sob supervis\u00e3o de Jhonathan Oliveira \nV\u00eddeos mais assistidos do g1 Para\u00edba  ","protected":false},"excerpt":{"rendered":"<p>        Chacina de Pioz completa 10 anos com condenado a perp\u00e9tua e processo em aberto na PB<br \/>\nDez anos depois da chacina de Pioz, a fam\u00edlia de Marcos Campos Nogueira ainda convive com a aus\u00eancia deixada pela morte dele, da esposa, Jana\u00edna Santos Am\u00e9rico&#8230;<\/p>\n","protected":false},"author":2,"featured_media":0,"comment_status":"closed","ping_status":"closed","sticky":false,"template":"","format":"standard","meta":{"advgb_blocks_editor_width":"","advgb_blocks_columns_visual_guide":"","footnotes":""},"categories":[34],"tags":[35],"class_list":["post-73214","post","type-post","status-publish","format-standard","hentry","category-g1","tag-g1"],"author_meta":{"display_name":"g1 &gt; Para\u00edba","author_link":"https:\/\/sindaopcpb.org.br\/author\/g1-paraiba\/"},"featured_img":null,"coauthors":[],"tax_additional":{"categories":{"linked":["<a href=\"https:\/\/sindaopcpb.org.br\/g1\/\" class=\"advgb-post-tax-term\">G1<\/a>"],"unlinked":["<span class=\"advgb-post-tax-term\">G1<\/span>"]},"tags":{"linked":["<a href=\"https:\/\/sindaopcpb.org.br\/g1\/\" class=\"advgb-post-tax-term\">g1<\/a>"],"unlinked":["<span class=\"advgb-post-tax-term\">g1<\/span>"]}},"comment_count":"0","relative_dates":{"created":"Publicado 5 horas atr\u00e1s","modified":"Atualizado 5 horas atr\u00e1s"},"absolute_dates":{"created":"Publicado em 5 de setembro de 2026","modified":"Atualizado em 5 de setembro de 2026"},"absolute_dates_time":{"created":"Publicado em 5 de setembro de 2026 07:02","modified":"Atualizado em 5 de setembro de 2026 07:02"},"featured_img_caption":"","series_order":"","_links":{"self":[{"href":"https:\/\/sindaopcpb.org.br\/index.php\/wp-json\/wp\/v2\/posts\/73214","targetHints":{"allow":["GET"]}}],"collection":[{"href":"https:\/\/sindaopcpb.org.br\/index.php\/wp-json\/wp\/v2\/posts"}],"about":[{"href":"https:\/\/sindaopcpb.org.br\/index.php\/wp-json\/wp\/v2\/types\/post"}],"author":[{"embeddable":true,"href":"https:\/\/sindaopcpb.org.br\/index.php\/wp-json\/wp\/v2\/users\/2"}],"replies":[{"embeddable":true,"href":"https:\/\/sindaopcpb.org.br\/index.php\/wp-json\/wp\/v2\/comments?post=73214"}],"version-history":[{"count":1,"href":"https:\/\/sindaopcpb.org.br\/index.php\/wp-json\/wp\/v2\/posts\/73214\/revisions"}],"predecessor-version":[{"id":73215,"href":"https:\/\/sindaopcpb.org.br\/index.php\/wp-json\/wp\/v2\/posts\/73214\/revisions\/73215"}],"wp:attachment":[{"href":"https:\/\/sindaopcpb.org.br\/index.php\/wp-json\/wp\/v2\/media?parent=73214"}],"wp:term":[{"taxonomy":"category","embeddable":true,"href":"https:\/\/sindaopcpb.org.br\/index.php\/wp-json\/wp\/v2\/categories?post=73214"},{"taxonomy":"post_tag","embeddable":true,"href":"https:\/\/sindaopcpb.org.br\/index.php\/wp-json\/wp\/v2\/tags?post=73214"}],"curies":[{"name":"wp","href":"https:\/\/api.w.org\/{rel}","templated":true}]}}