{"id":73213,"date":"2026-09-05T06:00:01","date_gmt":"2026-09-05T09:00:01","guid":{"rendered":"https:\/\/g1.globo.com\/pb\/paraiba\/noticia\/2026\/09\/05\/paraiba-tem-cinco-trechos-de-praia-improprios-para-banho-no-feriadao-de-7-de-setembro-saiba-quais.ghtml"},"modified":"2026-09-05T06:00:01","modified_gmt":"2026-09-05T09:00:01","slug":"paraiba-tem-cinco-trechos-de-praia-improprios-para-banho-no-feriadao-de-7-de-setembro-saiba-quais","status":"publish","type":"post","link":"https:\/\/sindaopcpb.org.br\/index.php\/2026\/09\/05\/paraiba-tem-cinco-trechos-de-praia-improprios-para-banho-no-feriadao-de-7-de-setembro-saiba-quais\/","title":{"rendered":"Para\u00edba tem cinco trechos de praia impr\u00f3prios para banho no feriad\u00e3o de  7 de Setembro; saiba quais"},"content":{"rendered":"    \u00e9 A Para\u00edba tem cinco trechos impr\u00f3prios para banho duarante o feriad\u00e3o de 7 de Setembro. O dado \u00e9 do  relat\u00f3rio de balneabilidade divulgado pela Superintend\u00eancia de Administra\u00e7\u00e3o do Meio Ambiente (Sudema) nesta sexta-feira (4). Tr\u00eas dos trechos est\u00e3o localizados em Jo\u00e3o Pessoa e dois em Pitimb\u00fa.\n\u2705 Clique aqui para seguir o canal do g1 PB no WhatsApp\nO relat\u00f3rio coletou amostras nos per\u00edodos de 31 de agosto a 3 de setembro, e \u00e9 v\u00e1lido at\u00e9 11 de setembro, data de divulga\u00e7\u00e3o do pr\u00f3ximo relat\u00f3rio.\n\u26a0\ufe0f Segundo o \u00f3rg\u00e3o ambiental, a classifica\u00e7\u00e3o de impr\u00f3prio para banho se aplica exclusivamente a uma faixa de 100 metros \u00e0 direita e \u00e0 esquerda do ponto de coleta. Fora deste per\u00edmetro, as praias permanecem liberadas para o banho, at\u00e9 que novos dados indiquem mudan\u00e7a na qualidade da \u00e1gua..\nAo todo, a Sudema monitora 62 pontos distribu\u00eddos nos munic\u00edpios de Jo\u00e3o Pessoa, Pitimbu, Mataraca, Ba\u00eda da Trai\u00e7\u00e3o, Conde, Lucena, Cabedelo e Rio Tinto.\n \nAgora no g1\nLista de trechos de praias impr\u00f3prios para banho no Litoral da Para\u00edba:\nEm Jo\u00e3o Pessoa\nMana\u00edra: Rua Geraldo Costa \nPenha: Rua Ver. Mario Torres de Andrade\nPenha: Avenida Praia dos Pescadores \nEm Pitimb\u00fa \nMacei\u00f3: Avenida Beira Mar \nGuarita: Avenida Beira Mar \nV\u00eddeos mais assistidos do g1 Para\u00edba  ","protected":false},"excerpt":{"rendered":"<p>    \u00e9 A Para\u00edba tem cinco trechos impr\u00f3prios para banho duarante o feriad\u00e3o de 7 de Setembro. O dado \u00e9 do  relat\u00f3rio de balneabilidade divulgado pela Superintend\u00eancia de Administra\u00e7\u00e3o do Meio Ambiente (Sudema) nesta sexta-feira (4). Tr\u00eas dos trechos es&#8230;<\/p>\n","protected":false},"author":2,"featured_media":0,"comment_status":"closed","ping_status":"closed","sticky":false,"template":"","format":"standard","meta":{"advgb_blocks_editor_width":"","advgb_blocks_columns_visual_guide":"","footnotes":""},"categories":[34],"tags":[35],"class_list":["post-73213","post","type-post","status-publish","format-standard","hentry","category-g1","tag-g1"],"author_meta":{"display_name":"g1 &gt; Para\u00edba","author_link":"https:\/\/sindaopcpb.org.br\/author\/g1-paraiba\/"},"featured_img":null,"coauthors":[],"tax_additional":{"categories":{"linked":["<a href=\"https:\/\/sindaopcpb.org.br\/g1\/\" class=\"advgb-post-tax-term\">G1<\/a>"],"unlinked":["<span class=\"advgb-post-tax-term\">G1<\/span>"]},"tags":{"linked":["<a href=\"https:\/\/sindaopcpb.org.br\/g1\/\" class=\"advgb-post-tax-term\">g1<\/a>"],"unlinked":["<span class=\"advgb-post-tax-term\">g1<\/span>"]}},"comment_count":"0","relative_dates":{"created":"Publicado 5 horas atr\u00e1s","modified":"Atualizado 5 horas atr\u00e1s"},"absolute_dates":{"created":"Publicado em 5 de setembro de 2026","modified":"Atualizado em 5 de setembro de 2026"},"absolute_dates_time":{"created":"Publicado em 5 de setembro de 2026 06:00","modified":"Atualizado em 5 de setembro de 2026 06:00"},"featured_img_caption":"","series_order":"","_links":{"self":[{"href":"https:\/\/sindaopcpb.org.br\/index.php\/wp-json\/wp\/v2\/posts\/73213","targetHints":{"allow":["GET"]}}],"collection":[{"href":"https:\/\/sindaopcpb.org.br\/index.php\/wp-json\/wp\/v2\/posts"}],"about":[{"href":"https:\/\/sindaopcpb.org.br\/index.php\/wp-json\/wp\/v2\/types\/post"}],"author":[{"embeddable":true,"href":"https:\/\/sindaopcpb.org.br\/index.php\/wp-json\/wp\/v2\/users\/2"}],"replies":[{"embeddable":true,"href":"https:\/\/sindaopcpb.org.br\/index.php\/wp-json\/wp\/v2\/comments?post=73213"}],"version-history":[{"count":1,"href":"https:\/\/sindaopcpb.org.br\/index.php\/wp-json\/wp\/v2\/posts\/73213\/revisions"}],"predecessor-version":[{"id":73216,"href":"https:\/\/sindaopcpb.org.br\/index.php\/wp-json\/wp\/v2\/posts\/73213\/revisions\/73216"}],"wp:attachment":[{"href":"https:\/\/sindaopcpb.org.br\/index.php\/wp-json\/wp\/v2\/media?parent=73213"}],"wp:term":[{"taxonomy":"category","embeddable":true,"href":"https:\/\/sindaopcpb.org.br\/index.php\/wp-json\/wp\/v2\/categories?post=73213"},{"taxonomy":"post_tag","embeddable":true,"href":"https:\/\/sindaopcpb.org.br\/index.php\/wp-json\/wp\/v2\/tags?post=73213"}],"curies":[{"name":"wp","href":"https:\/\/api.w.org\/{rel}","templated":true}]}}