{"id":73211,"date":"2026-09-04T20:40:15","date_gmt":"2026-09-04T23:40:15","guid":{"rendered":"https:\/\/g1.globo.com\/pb\/paraiba\/noticia\/2026\/09\/04\/policia-investiga-suspeita-de-agressao-contra-crianca-de-2-anos-apos-denuncia-de-hospital-em-joao-pessoa.ghtml"},"modified":"2026-09-04T20:40:15","modified_gmt":"2026-09-04T23:40:15","slug":"policia-investiga-suspeita-de-agressao-contra-crianca-de-2-anos-apos-denuncia-de-hospital-em-joao-pessoa","status":"publish","type":"post","link":"https:\/\/sindaopcpb.org.br\/index.php\/2026\/09\/04\/policia-investiga-suspeita-de-agressao-contra-crianca-de-2-anos-apos-denuncia-de-hospital-em-joao-pessoa\/","title":{"rendered":"Pol\u00edcia investiga suspeita de agress\u00e3o contra crian\u00e7a de 2 anos ap\u00f3s den\u00fancia de hospital, em Jo\u00e3o Pessoa"},"content":{"rendered":"   <img src=\"https:\/\/s2-g1.glbimg.com\/E_EHv2qVQzUOzGmMl6RAsZbYDjo=\/i.s3.glbimg.com\/v1\/AUTH_59edd422c0c84a879bd37670ae4f538a\/internal_photos\/bs\/2023\/o\/7\/25wy7yTSSByssqd5EVIQ\/whatsapp-image-2023-03-13-at-07.45.08.jpeg\" \/><br \/>     Central de Pol\u00edcia de Jo\u00e3o Pessoa\nDivulga\u00e7\u00e3o\/Pol\u00edcia Civil da Para\u00edba\nA Pol\u00edcia Civil passou a investigas uma suposta agress\u00e3o contra uma crian\u00e7a, ap\u00f3s um hospital particular acionar o Conselho Tutelar, em Jo\u00e3o Pessoa. O menino, que tem 2 anos e 11 meses, mora no bairro Novo Mil\u00eanio e foi levado para atendimento pela av\u00f3, que relatou ter percebido hematomas e febre.\n\u2705 Clique aqui para seguir o canal do g1 PB no WhatsApp\nSegundo o Conselho Tutelar, o \u00f3rg\u00e3o foi acionado pelo hospital no \u00faltimo domingo (30), durante o atendimento da crian\u00e7a. A av\u00f3, que costuma cuidar do menino durante a semana, relatou que percebeu que a crian\u00e7a estava com hematomas e febre. Ela tamb\u00e9m relatou que a m\u00e3e havia informado que ele tinha sofrido uma queda.\nDurante o atendimento, a equipe m\u00e9dica identificou machucados semelhantes a poss\u00edveis agress\u00f5es e acionou o Conselho Tutelar. Apenas a av\u00f3 foi ouvida pelo \u00f3rg\u00e3o. \nDe acordo com o Conselho, a crian\u00e7a foi encaminhada para a Ambulat\u00f3rio de Atendimento \u00e0s V\u00edtimas de Viol\u00eancia e Acidentes (Amviva) e o caso chegou \u00e0 Pol\u00edcia Civil, que iniciou a investiga\u00e7\u00e3o para esclarecer como as les\u00f5es foram provocadas. A av\u00f3 foi levada \u00e0 delegacia, onde prestou depoimento.\nAgora no g1\nAo g1, a delegada Adriana Guedes, da Delegacia de Repress\u00e3o aos Crimes Contra a Inf\u00e2ncia e Juventude, informou que, durante o depoimento, a av\u00f3 contou que a m\u00e3e havia informado que o menino sofreu uma queda pr\u00f3xima \u00e0 uma geladeira, quando o ambiente estava molhado. Depois, a m\u00e3e teria relatado uma segunda queda, pr\u00f3xima \u00e0 cama, quando a crian\u00e7a bateu a cabe\u00e7a na parede.\nA delegada tamb\u00e9m afirmou que, quando a m\u00e3e deixou o menino na casa da av\u00f3, ele apresentava edema na cabe\u00e7a, escoria\u00e7\u00f5es no pesco\u00e7o e uma queda capilar significativa no centro do cabelo.\n\u201cEle reside com a av\u00f3. A av\u00f3 n\u00e3o tem a guarda, mas ele reside com a av\u00f3 e \u00e0s vezes fica na casa da m\u00e3e. A m\u00e3e informou \u00e0 av\u00f3 que o menino havia sofrido uma queda pr\u00f3xima \u00e0 geladeira, que o ambiente estava molhado, e posteriormente, que ele havia ca\u00eddo pr\u00f3ximo \u00e0 cama, vindo a bater a cabe\u00e7a na parede. No domingo, a m\u00e3e compareceu \u00e0 resid\u00eancia da av\u00f3 para deixar o menor, que estava com edema na cabe\u00e7a, escoria\u00e7\u00f5es no pesco\u00e7o, e uma queda capilar significativa no centro do cabelo. Prontamente, a av\u00f3 levou o menor para atendimento m\u00e9dico, tendo sido atendido e a m\u00e9dica suspeitou de poss\u00edveis maus tratos e acionou o conselho tutelar\u201d, disse.\nA Pol\u00edcia Civil vai ouvir a m\u00e3e para esclarecer as circunst\u00e2ncias em que as les\u00f5es aconteceram. A av\u00f3 tamb\u00e9m deve ser ouvida novamente durante a investiga\u00e7\u00e3o.\n\u201cVamos come\u00e7ar as investiga\u00e7\u00f5es. Vamos chamar primeiramente a m\u00e3e para esclarecer as circunst\u00e2ncias em que isso aconteceu, vamos ouvir a av\u00f3, vamos fazer todas as dilig\u00eancias necess\u00e1rias para dar andamento e esclarecer esse fato\u201d, afirmou a delegada.\nO caso est\u00e1 sendo investigado por meio de um inqu\u00e9rito instaurado pela Pol\u00edcia Civil. Neste momento, o menino est\u00e1 residindo com a av\u00f3, de acordo com a delegada.\nV\u00eddeos mais assistidos do g1 Para\u00edba  ","protected":false},"excerpt":{"rendered":"<p>        Central de Pol\u00edcia de Jo\u00e3o Pessoa<br \/>\nDivulga\u00e7\u00e3o\/Pol\u00edcia Civil da Para\u00edba<br \/>\nA Pol\u00edcia Civil passou a investigas uma suposta agress\u00e3o contra uma crian\u00e7a, ap\u00f3s um hospital particular acionar o Conselho Tutelar, em Jo\u00e3o Pessoa. O menino, que tem 2 anos &#8230;<\/p>\n","protected":false},"author":2,"featured_media":0,"comment_status":"closed","ping_status":"closed","sticky":false,"template":"","format":"standard","meta":{"advgb_blocks_editor_width":"","advgb_blocks_columns_visual_guide":"","footnotes":""},"categories":[34],"tags":[35],"class_list":["post-73211","post","type-post","status-publish","format-standard","hentry","category-g1","tag-g1"],"author_meta":{"display_name":"g1 &gt; Para\u00edba","author_link":"https:\/\/sindaopcpb.org.br\/author\/g1-paraiba\/"},"featured_img":null,"coauthors":[],"tax_additional":{"categories":{"linked":["<a href=\"https:\/\/sindaopcpb.org.br\/g1\/\" class=\"advgb-post-tax-term\">G1<\/a>"],"unlinked":["<span class=\"advgb-post-tax-term\">G1<\/span>"]},"tags":{"linked":["<a href=\"https:\/\/sindaopcpb.org.br\/g1\/\" class=\"advgb-post-tax-term\">g1<\/a>"],"unlinked":["<span class=\"advgb-post-tax-term\">g1<\/span>"]}},"comment_count":"0","relative_dates":{"created":"Publicado 6 horas atr\u00e1s","modified":"Atualizado 6 horas atr\u00e1s"},"absolute_dates":{"created":"Publicado em 4 de setembro de 2026","modified":"Atualizado em 4 de setembro de 2026"},"absolute_dates_time":{"created":"Publicado em 4 de setembro de 2026 20:40","modified":"Atualizado em 4 de setembro de 2026 20:40"},"featured_img_caption":"","series_order":"","_links":{"self":[{"href":"https:\/\/sindaopcpb.org.br\/index.php\/wp-json\/wp\/v2\/posts\/73211","targetHints":{"allow":["GET"]}}],"collection":[{"href":"https:\/\/sindaopcpb.org.br\/index.php\/wp-json\/wp\/v2\/posts"}],"about":[{"href":"https:\/\/sindaopcpb.org.br\/index.php\/wp-json\/wp\/v2\/types\/post"}],"author":[{"embeddable":true,"href":"https:\/\/sindaopcpb.org.br\/index.php\/wp-json\/wp\/v2\/users\/2"}],"replies":[{"embeddable":true,"href":"https:\/\/sindaopcpb.org.br\/index.php\/wp-json\/wp\/v2\/comments?post=73211"}],"version-history":[{"count":1,"href":"https:\/\/sindaopcpb.org.br\/index.php\/wp-json\/wp\/v2\/posts\/73211\/revisions"}],"predecessor-version":[{"id":73212,"href":"https:\/\/sindaopcpb.org.br\/index.php\/wp-json\/wp\/v2\/posts\/73211\/revisions\/73212"}],"wp:attachment":[{"href":"https:\/\/sindaopcpb.org.br\/index.php\/wp-json\/wp\/v2\/media?parent=73211"}],"wp:term":[{"taxonomy":"category","embeddable":true,"href":"https:\/\/sindaopcpb.org.br\/index.php\/wp-json\/wp\/v2\/categories?post=73211"},{"taxonomy":"post_tag","embeddable":true,"href":"https:\/\/sindaopcpb.org.br\/index.php\/wp-json\/wp\/v2\/tags?post=73211"}],"curies":[{"name":"wp","href":"https:\/\/api.w.org\/{rel}","templated":true}]}}