{"id":73206,"date":"2026-09-04T19:20:43","date_gmt":"2026-09-04T22:20:43","guid":{"rendered":"https:\/\/g1.globo.com\/pb\/paraiba\/eleicoes\/2026\/noticia\/2026\/09\/04\/debate-gravacoes-e-reuniao-com-forcas-de-seguranca-veja-como-foi-o-dia-dos-candidatos-ao-governo-da-paraiba.ghtml"},"modified":"2026-09-04T19:20:43","modified_gmt":"2026-09-04T22:20:43","slug":"debate-gravacoes-e-reuniao-com-forcas-de-seguranca-veja-como-foi-o-dia-dos-candidatos-ao-governo-da-paraiba","status":"publish","type":"post","link":"https:\/\/sindaopcpb.org.br\/index.php\/2026\/09\/04\/debate-gravacoes-e-reuniao-com-forcas-de-seguranca-veja-como-foi-o-dia-dos-candidatos-ao-governo-da-paraiba\/","title":{"rendered":"Debate, grava\u00e7\u00f5es e reuni\u00e3o com for\u00e7as de seguran\u00e7a: veja como foi o dia dos candidatos ao governo da Para\u00edba"},"content":{"rendered":"   <img src=\"https:\/\/s2-g1.glbimg.com\/-ox06up9hoRH73WFF2p7sgD_uVw=\/i.s3.glbimg.com\/v1\/AUTH_59edd422c0c84a879bd37670ae4f538a\/internal_photos\/bs\/2026\/Z\/i\/NOXACUSpyad45KTSgsbw\/candidatos-ao-governo-da-paraiba.png\" \/><br \/>     Candidatos ao governo da Para\u00edba: Camilo Duarte (PCO), C\u00edcero Lucena (MDB), Efraim Filho (PL), Lucas Ribeiro (PP), Pedro Coutinho (DC) e Yuri Ezequiel (UP)\nReprodu\u00e7\u00e3o\nOs candidatos ao governo da Para\u00edba cumprem mais um dia de campanha nesta sexta-feira (4) em diferentes cidades do estado. Entre os compromissos est\u00e3o debate eleitoral, grava\u00e7\u00e3o de guia, reuni\u00f5es com apoiadores e grupos de diferentes setores e caminhada.\n\u2705 Clique aqui para seguir o canal do g1 PB no WhatsApp\nO primeiro turno de vota\u00e7\u00e3o ser\u00e1 em 4 de outubro. O segundo est\u00e1 marcado para o dia 25 do mesmo m\u00eas.\nAgora no g1\nVeja, abaixo, como foi a agenda dos candidatos ao governo da Para\u00edba:\nC\u00edcero Lucena (MDB)\nO candidato C\u00edcero Lucena cumpriu agenda de campanha em S\u00e3o Jos\u00e9 de Piranhas, no Sert\u00e3o da Para\u00edba. Durante a manh\u00e3, ele gravou o guia eleitoral no munic\u00edpio, onde nasceu, e defendeu a necessidade de assist\u00eancia rural para fam\u00edlias da agricultura familiar. C\u00edcero citou a\u00e7\u00f5es implementadas pela Prefeitura de Jo\u00e3o Pessoa, como assist\u00eancia t\u00e9cnica e aquisi\u00e7\u00e3o de produtos de agricultores para programas de seguran\u00e7a familiar.\nAinda nesta sexta-feira (4), o candidato visitou uma unidade de tratamento de S\u00e3o Jos\u00e9 de Piranhas e participa de um debate em Cajazeiras, no Sert\u00e3o. \u00c0 noite, participa de um debate em Cajazeiras, junto com Efraim Filho e Lucas Ribeiro.\nEfraim Filho (PL)\nEfraim Filho cumpriu agenda de campanha em Jo\u00e3o Pessoa. Pela manh\u00e3, ele gravou o guia eleitoral. Durante a tarde, visitou o Hospital Napole\u00e3o Laureano, onde conheceu setores da unidade e apresentou propostas para a \u00e1rea da sa\u00fade, com foco na assist\u00eancia oncol\u00f3gica.\nDurante a visita, Efraim defendeu uma parceria entre hospitais p\u00fablicos, privados e filantr\u00f3picos para melhorar o atendimento a pacientes com c\u00e2ncer e reduzir o tempo de espera na rede p\u00fablica. Ele tamb\u00e9m citou o PIC-Sa\u00fade e disse que a proposta \u00e9 encaminhar pacientes para a rede privada quando o sistema p\u00fablico n\u00e3o tiver condi\u00e7\u00f5es de realizar o atendimento dentro do tempo necess\u00e1rio. Em Cajazeiras, participa de um debate em Cajazeiras.\nLucas Ribeiro (PP)\nO governador e candidato \u00e0 reelei\u00e7\u00e3o, Lucas Ribeiro cumpriu agenda administrativa em Cajazeiras, no Sert\u00e3o da Para\u00edba, nesta sexta-feira (4). Ele prometeu ampliar o atendimento de sa\u00fade na regi\u00e3o para reduzir a necessidade de deslocamento de pacientes em busca de tratamento, cirurgias e outros servi\u00e7os. Lucas Ribeiro afirmou que o Hospital de Cajazeiras, que est\u00e1 em obras, deve passar de 150 para 200 leitos, al\u00e9m de receber UTIs e outros espa\u00e7os de atendimento.\nAinda nesta sexta-feira (4), o candidato citou a amplia\u00e7\u00e3o do hospital de Itaporanga e a instala\u00e7\u00e3o de um acelerador linear para radioterapia no Hospital do Bem, em Patos. Segundo Lucas Ribeiro, o equipamento j\u00e1 chegou e est\u00e1 sendo instalado. O candidato tamb\u00e9m cumpriu agenda administrativa em Joa\u00f5 Pessoa. \u00c0 noite, participa de um debate em Cajazeiras.\nCamilo Duarte (PCO)\nO g1 entrou em contato com Camilo Duarte para saber da agenda do candidato nesta sexta-feira (4), mas ele n\u00e3o informou at\u00e9 a \u00faltima atualiza\u00e7\u00e3o desta reportagem.\nPedro Coutinho (DC)\nPedro Coutinho iniciou a agenda \u00e0s 8h, com um encontro com um grupo de empres\u00e1rios defensores do agroneg\u00f3cio paraibano, na zona rural de Santa Rita. Ainda pela manh\u00e3, realizou uma reuni\u00e3o de alinhamento para anunciar novas ades\u00f5es de lideran\u00e7as e participou de um almo\u00e7o com pastores evang\u00e9licos no Centro de Jo\u00e3o Pessoa.\nAo longo do dia, o candidato se reuniu com militares e outras for\u00e7as de seguran\u00e7a no bairro da Torre, em Jo\u00e3o Pessoa e visitou apoiadores no bairro dos Expedicion\u00e1rios. Participou de um culto evang\u00e9lico em Pedras de Fogo e de jantar promovido por apoiadores na cidade.\nYuri Ezequiel (UP)\nYuri Ezequiel participou de uma caminhada com apoiadores no bairro do Pedregal, em Campina Grande. O candidato tamb\u00e9m participou de uma plen\u00e1ria sobre o Dia do Hero\u00edsmo Revolucion\u00e1rio.\nV\u00eddeos mais assistidos do g1 Para\u00edba  ","protected":false},"excerpt":{"rendered":"<p>        Candidatos ao governo da Para\u00edba: Camilo Duarte (PCO), C\u00edcero Lucena (MDB), Efraim Filho (PL), Lucas Ribeiro (PP), Pedro Coutinho (DC) e Yuri Ezequiel (UP)<br \/>\nReprodu\u00e7\u00e3o<br \/>\nOs candidatos ao governo da Para\u00edba cumprem mais um dia de campanha nesta sex&#8230;<\/p>\n","protected":false},"author":2,"featured_media":0,"comment_status":"closed","ping_status":"closed","sticky":false,"template":"","format":"standard","meta":{"advgb_blocks_editor_width":"","advgb_blocks_columns_visual_guide":"","footnotes":""},"categories":[34],"tags":[35],"class_list":["post-73206","post","type-post","status-publish","format-standard","hentry","category-g1","tag-g1"],"author_meta":{"display_name":"g1 &gt; Para\u00edba","author_link":"https:\/\/sindaopcpb.org.br\/author\/g1-paraiba\/"},"featured_img":null,"coauthors":[],"tax_additional":{"categories":{"linked":["<a href=\"https:\/\/sindaopcpb.org.br\/g1\/\" class=\"advgb-post-tax-term\">G1<\/a>"],"unlinked":["<span class=\"advgb-post-tax-term\">G1<\/span>"]},"tags":{"linked":["<a href=\"https:\/\/sindaopcpb.org.br\/g1\/\" class=\"advgb-post-tax-term\">g1<\/a>"],"unlinked":["<span class=\"advgb-post-tax-term\">g1<\/span>"]}},"comment_count":"0","relative_dates":{"created":"Publicado 5 horas atr\u00e1s","modified":"Atualizado 5 horas atr\u00e1s"},"absolute_dates":{"created":"Publicado em 4 de setembro de 2026","modified":"Atualizado em 4 de setembro de 2026"},"absolute_dates_time":{"created":"Publicado em 4 de setembro de 2026 19:20","modified":"Atualizado em 4 de setembro de 2026 19:20"},"featured_img_caption":"","series_order":"","_links":{"self":[{"href":"https:\/\/sindaopcpb.org.br\/index.php\/wp-json\/wp\/v2\/posts\/73206","targetHints":{"allow":["GET"]}}],"collection":[{"href":"https:\/\/sindaopcpb.org.br\/index.php\/wp-json\/wp\/v2\/posts"}],"about":[{"href":"https:\/\/sindaopcpb.org.br\/index.php\/wp-json\/wp\/v2\/types\/post"}],"author":[{"embeddable":true,"href":"https:\/\/sindaopcpb.org.br\/index.php\/wp-json\/wp\/v2\/users\/2"}],"replies":[{"embeddable":true,"href":"https:\/\/sindaopcpb.org.br\/index.php\/wp-json\/wp\/v2\/comments?post=73206"}],"version-history":[{"count":1,"href":"https:\/\/sindaopcpb.org.br\/index.php\/wp-json\/wp\/v2\/posts\/73206\/revisions"}],"predecessor-version":[{"id":73208,"href":"https:\/\/sindaopcpb.org.br\/index.php\/wp-json\/wp\/v2\/posts\/73206\/revisions\/73208"}],"wp:attachment":[{"href":"https:\/\/sindaopcpb.org.br\/index.php\/wp-json\/wp\/v2\/media?parent=73206"}],"wp:term":[{"taxonomy":"category","embeddable":true,"href":"https:\/\/sindaopcpb.org.br\/index.php\/wp-json\/wp\/v2\/categories?post=73206"},{"taxonomy":"post_tag","embeddable":true,"href":"https:\/\/sindaopcpb.org.br\/index.php\/wp-json\/wp\/v2\/tags?post=73206"}],"curies":[{"name":"wp","href":"https:\/\/api.w.org\/{rel}","templated":true}]}}