{"id":73202,"date":"2026-09-04T18:19:04","date_gmt":"2026-09-04T21:19:04","guid":{"rendered":"https:\/\/g1.globo.com\/pb\/paraiba\/eleicoes\/2026\/noticia\/2026\/09\/04\/efraim-filho-propoe-parceria-com-rede-privada-para-reduzir-filas-na-saude-da-paraiba.ghtml"},"modified":"2026-09-04T18:19:04","modified_gmt":"2026-09-04T21:19:04","slug":"efraim-filho-propoe-parceria-com-rede-privada-para-reduzir-filas-na-saude-da-paraiba","status":"publish","type":"post","link":"https:\/\/sindaopcpb.org.br\/index.php\/2026\/09\/04\/efraim-filho-propoe-parceria-com-rede-privada-para-reduzir-filas-na-saude-da-paraiba\/","title":{"rendered":"Efraim Filho prop\u00f5e parceria com rede privada para reduzir filas na sa\u00fade da Para\u00edba"},"content":{"rendered":"   <img src=\"https:\/\/s2-g1.glbimg.com\/MqzsTgv3Lxpq1sBOI_Uob1bHl4s=\/i.s3.glbimg.com\/v1\/AUTH_59edd422c0c84a879bd37670ae4f538a\/internal_photos\/bs\/2026\/z\/L\/0oLXifTw62Kq2ldWl0RQ\/efraim-filho-agenda-4-de-setembro-.png\" \/><br \/>     Efraim Filho prop\u00f5e parceria com rede privada para reduzir filas na sa\u00fade da Para\u00edba\nReprodu\u00e7\u00e3o\/TV Cabo Branco\nO candidato ao governo da Para\u00edba pelo Partido Liberal (PL), Efraim Filho, cumpriu agenda de campanha nesta quarta-feira (2). Pela manh\u00e3 gravou guia eleitoral. Durante a tarde, ele visitou o Hospital Napole\u00e3o Laureano, em Jo\u00e3o Pessoa, onde conheceu setores da unidade, quando apresentou \u00e0 TV Cabo Branco, propostas para a \u00e1rea da sa\u00fade, com foco na assist\u00eancia oncol\u00f3gica.\nEfraim Filho chegou ao hospital no in\u00edcio da tarde e foi recebido pelos diretores da institui\u00e7\u00e3o. Durante a visita, passou pelo Memorial da Funda\u00e7\u00e3o Napole\u00e3o Laureano, onde conheceu o acervo, visitou a capela e seguiu para o setor de mamografia. No local, recebeu explica\u00e7\u00f5es sobre o funcionamento do mam\u00f3grafo, um dos equipamentos mais modernos do hospital\nDurante a agenda, o candidato defendeu uma parceria entre hospitais p\u00fablicos, privados e filantr\u00f3picos como forma de melhorar o atendimento a pacientes com c\u00e2ncer e reduzir o tempo de espera na rede p\u00fablica.\nAgora no g1\n\"\u00c9 melhorar a assist\u00eancia oncol\u00f3gica com uma parceria entre hospitais p\u00fablicos e privados, para assim diminuir as filas de espera e dar mais aten\u00e7\u00e3o \u00e0 popula\u00e7\u00e3o em rela\u00e7\u00e3o \u00e0 assist\u00eancia oncol\u00f3gica. Eu quero tamb\u00e9m fazer essa combina\u00e7\u00e3o no governo. Onde tiver tempo de espera na sa\u00fade p\u00fablica, n\u00f3s queremos ter complemento na sa\u00fade privada, na sa\u00fade filantr\u00f3pica\", disse.\nEfraim tamb\u00e9m citou o PIC-Sa\u00fade como parte da proposta. Segundo ele, a ideia \u00e9 que pacientes sejam encaminhados para a rede privada quando o sistema p\u00fablico n\u00e3o tiver condi\u00e7\u00f5es de realizar o atendimento dentro do tempo necess\u00e1rio.\nO candidato n\u00e3o teve compromissos p\u00fablicos previstos para a tarde.\nV\u00eddeos mais assistidos do g1  ","protected":false},"excerpt":{"rendered":"<p>        Efraim Filho prop\u00f5e parceria com rede privada para reduzir filas na sa\u00fade da Para\u00edba<br \/>\nReprodu\u00e7\u00e3o\/TV Cabo Branco<br \/>\nO candidato ao governo da Para\u00edba pelo Partido Liberal (PL), Efraim Filho, cumpriu agenda de campanha nesta quarta-feira (2). Pela ma&#8230;<\/p>\n","protected":false},"author":2,"featured_media":0,"comment_status":"closed","ping_status":"closed","sticky":false,"template":"","format":"standard","meta":{"advgb_blocks_editor_width":"","advgb_blocks_columns_visual_guide":"","footnotes":""},"categories":[34],"tags":[35],"class_list":["post-73202","post","type-post","status-publish","format-standard","hentry","category-g1","tag-g1"],"author_meta":{"display_name":"g1 &gt; Para\u00edba","author_link":"https:\/\/sindaopcpb.org.br\/author\/g1-paraiba\/"},"featured_img":null,"coauthors":[],"tax_additional":{"categories":{"linked":["<a href=\"https:\/\/sindaopcpb.org.br\/g1\/\" class=\"advgb-post-tax-term\">G1<\/a>"],"unlinked":["<span class=\"advgb-post-tax-term\">G1<\/span>"]},"tags":{"linked":["<a href=\"https:\/\/sindaopcpb.org.br\/g1\/\" class=\"advgb-post-tax-term\">g1<\/a>"],"unlinked":["<span class=\"advgb-post-tax-term\">g1<\/span>"]}},"comment_count":"0","relative_dates":{"created":"Publicado 5 horas atr\u00e1s","modified":"Atualizado 5 horas atr\u00e1s"},"absolute_dates":{"created":"Publicado em 4 de setembro de 2026","modified":"Atualizado em 4 de setembro de 2026"},"absolute_dates_time":{"created":"Publicado em 4 de setembro de 2026 18:19","modified":"Atualizado em 4 de setembro de 2026 18:19"},"featured_img_caption":"","series_order":"","_links":{"self":[{"href":"https:\/\/sindaopcpb.org.br\/index.php\/wp-json\/wp\/v2\/posts\/73202","targetHints":{"allow":["GET"]}}],"collection":[{"href":"https:\/\/sindaopcpb.org.br\/index.php\/wp-json\/wp\/v2\/posts"}],"about":[{"href":"https:\/\/sindaopcpb.org.br\/index.php\/wp-json\/wp\/v2\/types\/post"}],"author":[{"embeddable":true,"href":"https:\/\/sindaopcpb.org.br\/index.php\/wp-json\/wp\/v2\/users\/2"}],"replies":[{"embeddable":true,"href":"https:\/\/sindaopcpb.org.br\/index.php\/wp-json\/wp\/v2\/comments?post=73202"}],"version-history":[{"count":1,"href":"https:\/\/sindaopcpb.org.br\/index.php\/wp-json\/wp\/v2\/posts\/73202\/revisions"}],"predecessor-version":[{"id":73203,"href":"https:\/\/sindaopcpb.org.br\/index.php\/wp-json\/wp\/v2\/posts\/73202\/revisions\/73203"}],"wp:attachment":[{"href":"https:\/\/sindaopcpb.org.br\/index.php\/wp-json\/wp\/v2\/media?parent=73202"}],"wp:term":[{"taxonomy":"category","embeddable":true,"href":"https:\/\/sindaopcpb.org.br\/index.php\/wp-json\/wp\/v2\/categories?post=73202"},{"taxonomy":"post_tag","embeddable":true,"href":"https:\/\/sindaopcpb.org.br\/index.php\/wp-json\/wp\/v2\/tags?post=73202"}],"curies":[{"name":"wp","href":"https:\/\/api.w.org\/{rel}","templated":true}]}}