{"id":73194,"date":"2026-09-04T17:17:05","date_gmt":"2026-09-04T20:17:05","guid":{"rendered":"https:\/\/g1.globo.com\/pb\/paraiba\/noticia\/2026\/09\/04\/tre-pb-cassa-mandatos-da-prefeita-e-do-vice-de-areia-por-distribuicao-de-cestas-basicas-nas-eleicoes-de-2024.ghtml"},"modified":"2026-09-04T17:17:05","modified_gmt":"2026-09-04T20:17:05","slug":"tre-pb-cassa-mandatos-da-prefeita-e-do-vice-de-areia-por-distribuicao-de-cestas-basicas-nas-eleicoes-de-2024","status":"publish","type":"post","link":"https:\/\/sindaopcpb.org.br\/index.php\/2026\/09\/04\/tre-pb-cassa-mandatos-da-prefeita-e-do-vice-de-areia-por-distribuicao-de-cestas-basicas-nas-eleicoes-de-2024\/","title":{"rendered":"TRE-PB cassa mandatos da prefeita e do vice de Areia por distribui\u00e7\u00e3o de cestas b\u00e1sicas nas elei\u00e7\u00f5es de 2024"},"content":{"rendered":"   <img src=\"https:\/\/s2-g1.glbimg.com\/vtTmPQL6Ehf4OfrlO-0fMdfYo74=\/i.s3.glbimg.com\/v1\/AUTH_59edd422c0c84a879bd37670ae4f538a\/internal_photos\/bs\/2026\/4\/l\/FxJ9VxT96PGHrAHDhg6w\/mpe-da-parecer-favoravel-a-cassacao-da-prefeita-de0019020600202505071436-8.webp\" \/><br \/>     TRE-PB cassa mandatos da prefeita e do vice de Areia por distribui\u00e7\u00e3o de cestas b\u00e1sicas nas elei\u00e7\u00f5es de 2024\nReprodu\u00e7\u00e3o\/Instagram\nA prefeita de Areia, S\u00edlvia Cunha Lima, e o vice-prefeito, Luiz Francisco Neto, tiveram os mandatos cassados pelo Tribunal Regional Eleitoral da Para\u00edba (TRE-PB) nesta sexta-feira (4). A decis\u00e3o est\u00e1 relacionada \u00e0 distribui\u00e7\u00e3o de cestas b\u00e1sicas durante a campanha eleitoral de 2024.\nA cassa\u00e7\u00e3o foi definida depois de um julgamento acirrado no tribunal. O placar entre os integrantes da Corte terminou empatado, e o resultado foi decidido pelo presidente do TRE-PB, desembargador M\u00e1rcio Murilo da Cunha Ramos.\nApesar da decis\u00e3o, a prefeita e o vice n\u00e3o deixam os cargos imediatamente. Antes da execu\u00e7\u00e3o da senten\u00e7a, ainda ser\u00e3o analisados os embargos de declara\u00e7\u00e3o, recurso utilizado pelas partes para pedir esclarecimentos ou apontar poss\u00edveis contradi\u00e7\u00f5es, omiss\u00f5es ou erros na decis\u00e3o.\nO g1 n\u00e3o localizou as defesas das prefeita e do vice-prefeito at\u00e9 a \u00faltima atualiza\u00e7\u00e3o desta mat\u00e9ria.  \nEntenda o caso\nA investiga\u00e7\u00e3o teve como origem a entrega de cestas b\u00e1sicas \u00e0s v\u00e9speras da elei\u00e7\u00e3o municipal. O Minist\u00e9rio P\u00fablico Eleitoral (MPE) apontou que a distribui\u00e7\u00e3o poderia ter beneficiado eleitoralmente a chapa formada por S\u00edlvia Cunha Lima e Luiz Francisco Neto.\nDurante a entrega dos produtos, dois funcion\u00e1rios da Prefeitura de Areia foram presos. O epis\u00f3dio passou a integrar o processo que chegou ao TRE-PB.\nA an\u00e1lise do caso dividiu os integrantes da Corte. Em uma das etapas do julgamento, a desembargadora Giovana Mayer apresentou voto contr\u00e1rio \u00e0 cassa\u00e7\u00e3o, fazendo com que a vota\u00e7\u00e3o chegasse a 4 a 4.\nCom o empate, coube ao presidente do tribunal apresentar o voto de desempate.\nO desembargador M\u00e1rcio Murilo da Cunha Ramos considerou relevante o fato de os benef\u00edcios terem sido distribu\u00eddos na antev\u00e9spera da vota\u00e7\u00e3o. Para ele, a proximidade com o dia da elei\u00e7\u00e3o deveria ser considerada na avalia\u00e7\u00e3o do impacto da medida sobre os eleitores.\nO desembargador tamb\u00e9m afirmou que os produtos apreendidos apresentavam caracter\u00edsticas diferentes da composi\u00e7\u00e3o habitual das cestas b\u00e1sicas e apontou que parte dos itens n\u00e3o havia sido objeto de licita\u00e7\u00e3o.\nDurante o voto, ele destacou que a an\u00e1lise n\u00e3o deveria se limitar \u00e0 quantidade de cestas entregues, mas considerar a possibilidade de a a\u00e7\u00e3o interferir na decis\u00e3o dos eleitores.\n\u201cA regra do jogo \u00e9 posta no sentido de que n\u00e3o haja abuso de poder pol\u00edtico. A distribui\u00e7\u00e3o de cesta b\u00e1sica na antev\u00e9spera influencia e muito a vontade do eleitor, sobretudo um eleitor fam\u00e9lico\u201d, afirmou.\nCom o resultado desta sexta-feira, a decis\u00e3o do TRE-PB ainda passa por uma etapa antes de produzir efeitos. A defesa dos pol\u00edticos poder\u00e1 apresentar embargos de declara\u00e7\u00e3o, que ser\u00e3o julgados pela pr\u00f3pria Corte.\nAt\u00e9 que essa fase seja conclu\u00edda, S\u00edlvia Cunha Lima e Luiz Francisco Neto continuam nos cargos. \nV\u00eddeos mais assistidos do g1 Para\u00edba  ","protected":false},"excerpt":{"rendered":"<p>        TRE-PB cassa mandatos da prefeita e do vice de Areia por distribui\u00e7\u00e3o de cestas b\u00e1sicas nas elei\u00e7\u00f5es de 2024<br \/>\nReprodu\u00e7\u00e3o\/Instagram<br \/>\nA prefeita de Areia, S\u00edlvia Cunha Lima, e o vice-prefeito, Luiz Francisco Neto, tiveram os mandatos cassados pelo &#8230;<\/p>\n","protected":false},"author":2,"featured_media":0,"comment_status":"closed","ping_status":"closed","sticky":false,"template":"","format":"standard","meta":{"advgb_blocks_editor_width":"","advgb_blocks_columns_visual_guide":"","footnotes":""},"categories":[34],"tags":[35],"class_list":["post-73194","post","type-post","status-publish","format-standard","hentry","category-g1","tag-g1"],"author_meta":{"display_name":"g1 &gt; Para\u00edba","author_link":"https:\/\/sindaopcpb.org.br\/author\/g1-paraiba\/"},"featured_img":null,"coauthors":[],"tax_additional":{"categories":{"linked":["<a href=\"https:\/\/sindaopcpb.org.br\/g1\/\" class=\"advgb-post-tax-term\">G1<\/a>"],"unlinked":["<span class=\"advgb-post-tax-term\">G1<\/span>"]},"tags":{"linked":["<a href=\"https:\/\/sindaopcpb.org.br\/g1\/\" class=\"advgb-post-tax-term\">g1<\/a>"],"unlinked":["<span class=\"advgb-post-tax-term\">g1<\/span>"]}},"comment_count":"0","relative_dates":{"created":"Publicado 5 horas atr\u00e1s","modified":"Atualizado 5 horas atr\u00e1s"},"absolute_dates":{"created":"Publicado em 4 de setembro de 2026","modified":"Atualizado em 4 de setembro de 2026"},"absolute_dates_time":{"created":"Publicado em 4 de setembro de 2026 17:17","modified":"Atualizado em 4 de setembro de 2026 17:17"},"featured_img_caption":"","series_order":"","_links":{"self":[{"href":"https:\/\/sindaopcpb.org.br\/index.php\/wp-json\/wp\/v2\/posts\/73194","targetHints":{"allow":["GET"]}}],"collection":[{"href":"https:\/\/sindaopcpb.org.br\/index.php\/wp-json\/wp\/v2\/posts"}],"about":[{"href":"https:\/\/sindaopcpb.org.br\/index.php\/wp-json\/wp\/v2\/types\/post"}],"author":[{"embeddable":true,"href":"https:\/\/sindaopcpb.org.br\/index.php\/wp-json\/wp\/v2\/users\/2"}],"replies":[{"embeddable":true,"href":"https:\/\/sindaopcpb.org.br\/index.php\/wp-json\/wp\/v2\/comments?post=73194"}],"version-history":[{"count":2,"href":"https:\/\/sindaopcpb.org.br\/index.php\/wp-json\/wp\/v2\/posts\/73194\/revisions"}],"predecessor-version":[{"id":73198,"href":"https:\/\/sindaopcpb.org.br\/index.php\/wp-json\/wp\/v2\/posts\/73194\/revisions\/73198"}],"wp:attachment":[{"href":"https:\/\/sindaopcpb.org.br\/index.php\/wp-json\/wp\/v2\/media?parent=73194"}],"wp:term":[{"taxonomy":"category","embeddable":true,"href":"https:\/\/sindaopcpb.org.br\/index.php\/wp-json\/wp\/v2\/categories?post=73194"},{"taxonomy":"post_tag","embeddable":true,"href":"https:\/\/sindaopcpb.org.br\/index.php\/wp-json\/wp\/v2\/tags?post=73194"}],"curies":[{"name":"wp","href":"https:\/\/api.w.org\/{rel}","templated":true}]}}