{"id":73192,"date":"2026-09-04T16:00:09","date_gmt":"2026-09-04T19:00:09","guid":{"rendered":"https:\/\/g1.globo.com\/pb\/paraiba\/noticia\/2026\/09\/04\/7-de-setembro-confira-o-esquema-de-transito-para-o-desfile-civico-em-joao-pessoa.ghtml"},"modified":"2026-09-04T16:00:09","modified_gmt":"2026-09-04T19:00:09","slug":"7-de-setembro-confira-o-esquema-de-transito-para-o-desfile-civico-em-joao-pessoa","status":"publish","type":"post","link":"https:\/\/sindaopcpb.org.br\/index.php\/2026\/09\/04\/7-de-setembro-confira-o-esquema-de-transito-para-o-desfile-civico-em-joao-pessoa\/","title":{"rendered":"7 de setembro: confira o esquema de tr\u00e2nsito para o desfile c\u00edvico em Jo\u00e3o Pessoa"},"content":{"rendered":"   <img src=\"https:\/\/s2-g1.glbimg.com\/UeGPGPuZ6zelRbyCOxfOnc8-zHU=\/i.s3.glbimg.com\/v1\/AUTH_59edd422c0c84a879bd37670ae4f538a\/internal_photos\/bs\/2023\/x\/k\/ARl9bmRIejmwDotD2tWg\/desfile-jp6.jpeg\" \/><br \/>     Desfile de 7 de setembro de 2023, em Jo\u00e3o Pessoa\nAnt\u00f4nio Vieira\/TV Cabo Branco\ns\nO Dia da Independ\u00eancia do Brasil \u00e9 comemorado nesta segunda-feira, 7 de setembro. Em Jo\u00e3o Pessoa, acontece o tradicional desfile c\u00edvico-militar na Avenida Duarte da Silveira. O evento come\u00e7a \u00e0s 7h, mas mudan\u00e7as no tr\u00e2nsito t\u00eam in\u00edcio a partir das 5h.\n\u2705 Clique aqui para seguir o canal do g1 PB no WhatsApp\nO gerente de opera\u00e7\u00f5es da Superintend\u00eancia Executiva de Mobilidade Urbana (Semob-JP), Sanderson Ces\u00e1rio, disse \u00e0 TV Cabo Branco que o bloqueio das vias t\u00eam in\u00edcio a partir da Lagoa, passando pelas avenidas Get\u00falio Vargas, Duarte da Silveira e Clemente Rosas. \nAs rotas alternativas sugeridas s\u00e3o a Avenida Epit\u00e1cio Pessoa e Avenida Carneiro da Cunha para os ve\u00edculos que trafegam sentido Praia-Centro. J\u00e1 para os ve\u00edculos da Zona Sul, o trafego deve ocorrer pelas avenidas Jo\u00e3o Machado e Dom Pedro II.\nJ\u00e1 em rela\u00e7\u00e3o ao transporte publico, haver\u00e1 redu\u00e7\u00e3o de 60% da frota, com 52 linhas de \u00f4nibus ir\u00e3o circulando em quadro de domingo. A frota poder\u00e1 ser refor\u00e7ada a depender da demanda.\nAo todo, foram escalados 120 agentes de mobilidade, que ser\u00e3o distribu\u00eddos por toda a extens\u00e3o do evento. \nAgora no g1\nV\u00eddeos mais assistidos do g1 da Para\u00edba  ","protected":false},"excerpt":{"rendered":"<p>        Desfile de 7 de setembro de 2023, em Jo\u00e3o Pessoa<br \/>\nAnt\u00f4nio Vieira\/TV Cabo Branco<br \/>\ns<br \/>\nO Dia da Independ\u00eancia do Brasil \u00e9 comemorado nesta segunda-feira, 7 de setembro. Em Jo\u00e3o Pessoa, acontece o tradicional desfile c\u00edvico-militar na Avenida Duarte d&#8230;<\/p>\n","protected":false},"author":2,"featured_media":0,"comment_status":"closed","ping_status":"closed","sticky":false,"template":"","format":"standard","meta":{"advgb_blocks_editor_width":"","advgb_blocks_columns_visual_guide":"","footnotes":""},"categories":[34],"tags":[35],"class_list":["post-73192","post","type-post","status-publish","format-standard","hentry","category-g1","tag-g1"],"author_meta":{"display_name":"g1 &gt; Para\u00edba","author_link":"https:\/\/sindaopcpb.org.br\/author\/g1-paraiba\/"},"featured_img":null,"coauthors":[],"tax_additional":{"categories":{"linked":["<a href=\"https:\/\/sindaopcpb.org.br\/g1\/\" class=\"advgb-post-tax-term\">G1<\/a>"],"unlinked":["<span class=\"advgb-post-tax-term\">G1<\/span>"]},"tags":{"linked":["<a href=\"https:\/\/sindaopcpb.org.br\/g1\/\" class=\"advgb-post-tax-term\">g1<\/a>"],"unlinked":["<span class=\"advgb-post-tax-term\">g1<\/span>"]}},"comment_count":"0","relative_dates":{"created":"Publicado 6 horas atr\u00e1s","modified":"Atualizado 6 horas atr\u00e1s"},"absolute_dates":{"created":"Publicado em 4 de setembro de 2026","modified":"Atualizado em 4 de setembro de 2026"},"absolute_dates_time":{"created":"Publicado em 4 de setembro de 2026 16:00","modified":"Atualizado em 4 de setembro de 2026 16:00"},"featured_img_caption":"","series_order":"","_links":{"self":[{"href":"https:\/\/sindaopcpb.org.br\/index.php\/wp-json\/wp\/v2\/posts\/73192","targetHints":{"allow":["GET"]}}],"collection":[{"href":"https:\/\/sindaopcpb.org.br\/index.php\/wp-json\/wp\/v2\/posts"}],"about":[{"href":"https:\/\/sindaopcpb.org.br\/index.php\/wp-json\/wp\/v2\/types\/post"}],"author":[{"embeddable":true,"href":"https:\/\/sindaopcpb.org.br\/index.php\/wp-json\/wp\/v2\/users\/2"}],"replies":[{"embeddable":true,"href":"https:\/\/sindaopcpb.org.br\/index.php\/wp-json\/wp\/v2\/comments?post=73192"}],"version-history":[{"count":1,"href":"https:\/\/sindaopcpb.org.br\/index.php\/wp-json\/wp\/v2\/posts\/73192\/revisions"}],"predecessor-version":[{"id":73193,"href":"https:\/\/sindaopcpb.org.br\/index.php\/wp-json\/wp\/v2\/posts\/73192\/revisions\/73193"}],"wp:attachment":[{"href":"https:\/\/sindaopcpb.org.br\/index.php\/wp-json\/wp\/v2\/media?parent=73192"}],"wp:term":[{"taxonomy":"category","embeddable":true,"href":"https:\/\/sindaopcpb.org.br\/index.php\/wp-json\/wp\/v2\/categories?post=73192"},{"taxonomy":"post_tag","embeddable":true,"href":"https:\/\/sindaopcpb.org.br\/index.php\/wp-json\/wp\/v2\/tags?post=73192"}],"curies":[{"name":"wp","href":"https:\/\/api.w.org\/{rel}","templated":true}]}}