{"id":73183,"date":"2026-09-04T14:30:46","date_gmt":"2026-09-04T17:30:46","guid":{"rendered":"https:\/\/g1.globo.com\/pb\/paraiba\/noticia\/2026\/09\/04\/feira-literaria-internacional-de-campina-grande-2026-anuncia-datas.ghtml"},"modified":"2026-09-04T14:30:46","modified_gmt":"2026-09-04T17:30:46","slug":"feira-literaria-internacional-de-campina-grande-2026-anuncia-datas","status":"publish","type":"post","link":"https:\/\/sindaopcpb.org.br\/index.php\/2026\/09\/04\/feira-literaria-internacional-de-campina-grande-2026-anuncia-datas\/","title":{"rendered":"Feira Liter\u00e1ria Internacional de Campina Grande 2026 anuncia datas"},"content":{"rendered":"   <img src=\"https:\/\/s2-g1.glbimg.com\/po4re5tM3rYroOhFmY50L2MAwpQ=\/i.s3.glbimg.com\/v1\/AUTH_59edd422c0c84a879bd37670ae4f538a\/internal_photos\/bs\/2025\/V\/Y\/pccgxoTsSBVVStX0mzxg\/flic-2025.jpg\" \/><br \/>     Feira Liter\u00e1ria de Campina Grande (FLIC) 2026 vai acontecer em novembro\nDivulga\u00e7\u00e3o\nA Feira Liter\u00e1ria Internacional de Campina Grande (FLIC) 2026 acontece de 9 a 15 de novembro, em 46 escolas de Campina Grande, al\u00e9m do Museu de Arte e Ci\u00eancia (MAC) e do Parque da Crian\u00e7a. Esta ser\u00e1 a nona edi\u00e7\u00e3o do evento.\n\u2705 Clique aqui para seguir o canal do g1 PB no WhatsApp\nA programa\u00e7\u00e3o da Feira Liter\u00e1ria Internacional de Campina Grande re\u00fane atividades relacionadas \u00e0 literatura e \u00e0 arte, como lan\u00e7amentos de livros, rodas de di\u00e1logo, apresenta\u00e7\u00f5es art\u00edsticas e programa\u00e7\u00e3o infantil.\nAgora no g1\nEntre as atividades tamb\u00e9m est\u00e3o o FLICordel e o ColaBora FLIC, feira colaborativa de livros, artesanato e gastronomia. \nSegundo a organiza\u00e7\u00e3o, as chamadas para os lan\u00e7amentos de livros e para participa\u00e7\u00e3o no ColaBora FLIC ser\u00e3o divulgadas ainda neste fim de semana.\nV\u00eddeos mais assistidos do g1 Para\u00edba  ","protected":false},"excerpt":{"rendered":"<p>        Feira Liter\u00e1ria de Campina Grande (FLIC) 2026 vai acontecer em novembro<br \/>\nDivulga\u00e7\u00e3o<br \/>\nA Feira Liter\u00e1ria Internacional de Campina Grande (FLIC) 2026 acontece de 9 a 15 de novembro, em 46 escolas de Campina Grande, al\u00e9m do Museu de Arte e Ci\u00eancia (M&#8230;<\/p>\n","protected":false},"author":2,"featured_media":0,"comment_status":"closed","ping_status":"closed","sticky":false,"template":"","format":"standard","meta":{"advgb_blocks_editor_width":"","advgb_blocks_columns_visual_guide":"","footnotes":""},"categories":[34],"tags":[35],"class_list":["post-73183","post","type-post","status-publish","format-standard","hentry","category-g1","tag-g1"],"author_meta":{"display_name":"g1 &gt; Para\u00edba","author_link":"https:\/\/sindaopcpb.org.br\/author\/g1-paraiba\/"},"featured_img":null,"coauthors":[],"tax_additional":{"categories":{"linked":["<a href=\"https:\/\/sindaopcpb.org.br\/g1\/\" class=\"advgb-post-tax-term\">G1<\/a>"],"unlinked":["<span class=\"advgb-post-tax-term\">G1<\/span>"]},"tags":{"linked":["<a href=\"https:\/\/sindaopcpb.org.br\/g1\/\" class=\"advgb-post-tax-term\">g1<\/a>"],"unlinked":["<span class=\"advgb-post-tax-term\">g1<\/span>"]}},"comment_count":"0","relative_dates":{"created":"Publicado 5 horas atr\u00e1s","modified":"Atualizado 5 horas atr\u00e1s"},"absolute_dates":{"created":"Publicado em 4 de setembro de 2026","modified":"Atualizado em 4 de setembro de 2026"},"absolute_dates_time":{"created":"Publicado em 4 de setembro de 2026 14:30","modified":"Atualizado em 4 de setembro de 2026 14:30"},"featured_img_caption":"","series_order":"","_links":{"self":[{"href":"https:\/\/sindaopcpb.org.br\/index.php\/wp-json\/wp\/v2\/posts\/73183","targetHints":{"allow":["GET"]}}],"collection":[{"href":"https:\/\/sindaopcpb.org.br\/index.php\/wp-json\/wp\/v2\/posts"}],"about":[{"href":"https:\/\/sindaopcpb.org.br\/index.php\/wp-json\/wp\/v2\/types\/post"}],"author":[{"embeddable":true,"href":"https:\/\/sindaopcpb.org.br\/index.php\/wp-json\/wp\/v2\/users\/2"}],"replies":[{"embeddable":true,"href":"https:\/\/sindaopcpb.org.br\/index.php\/wp-json\/wp\/v2\/comments?post=73183"}],"version-history":[{"count":1,"href":"https:\/\/sindaopcpb.org.br\/index.php\/wp-json\/wp\/v2\/posts\/73183\/revisions"}],"predecessor-version":[{"id":73184,"href":"https:\/\/sindaopcpb.org.br\/index.php\/wp-json\/wp\/v2\/posts\/73183\/revisions\/73184"}],"wp:attachment":[{"href":"https:\/\/sindaopcpb.org.br\/index.php\/wp-json\/wp\/v2\/media?parent=73183"}],"wp:term":[{"taxonomy":"category","embeddable":true,"href":"https:\/\/sindaopcpb.org.br\/index.php\/wp-json\/wp\/v2\/categories?post=73183"},{"taxonomy":"post_tag","embeddable":true,"href":"https:\/\/sindaopcpb.org.br\/index.php\/wp-json\/wp\/v2\/tags?post=73183"}],"curies":[{"name":"wp","href":"https:\/\/api.w.org\/{rel}","templated":true}]}}