{"id":73178,"date":"2026-09-04T13:25:00","date_gmt":"2026-09-04T16:25:00","guid":{"rendered":"https:\/\/g1.globo.com\/pb\/paraiba\/noticia\/2026\/09\/04\/dois-acusados-de-envolvimento-em-morte-de-menina-de-5-anos-em-patos-sao-presos-novamente.ghtml"},"modified":"2026-09-04T13:25:00","modified_gmt":"2026-09-04T16:25:00","slug":"dois-acusados-de-envolvimento-em-morte-de-menina-de-5-anos-em-patos-sao-presos-novamente","status":"publish","type":"post","link":"https:\/\/sindaopcpb.org.br\/index.php\/2026\/09\/04\/dois-acusados-de-envolvimento-em-morte-de-menina-de-5-anos-em-patos-sao-presos-novamente\/","title":{"rendered":"Dois acusados de envolvimento em morte de menina de 5 anos em Patos s\u00e3o presos novamente"},"content":{"rendered":"   <img src=\"https:\/\/s2-g1.glbimg.com\/5K-LeFbEtrTFraYE1eQ8OryZ5ho=\/i.s3.glbimg.com\/v1\/AUTH_59edd422c0c84a879bd37670ae4f538a\/internal_photos\/bs\/2026\/C\/5\/JP6xxuQEA813Yg9Sg0bA\/apreensao-prisao-acusados-ayla.jpeg\" \/><br \/>     Ayla tinha seis anos e foi assassinada em Patos\nTV Para\u00edba\/Reprodu\u00e7\u00e3o\nDois homens acusados de envolvimento na morte de Ayla Evelly Felix dos Santos, de cinco anos, foram presos novamente na manh\u00e3 desta sexta-feira (4). O crime ocorreu em outubro de 2024, na cidade de Patos, no Sert\u00e3o da Para\u00edba.\n\u2705 Clique aqui para seguir o canal do g1 PB no WhatsApp\nOs mandados de pris\u00e3o contra os r\u00e9us foram decretados pelo Poder Judici\u00e1rio ap\u00f3s o Minist\u00e9rio P\u00fablico recorrer da decis\u00e3o de soltura. Eles foram postos em liberdade no dia 5 de agosto, ap\u00f3s a Justi\u00e7a remarcar o j\u00fari popular para 16 de fevereiro de 2027. Para o juiz, manter a pris\u00e3o at\u00e9 a data configuraria excesso de prazo.\nOs acusados identificados como Ian da Silva Emiliano, Janailson Carvalho Leite e Ryan N\u00f3brega Dias confessaram o crime, ap\u00f3s pris\u00e3o, em novembro de 2024. Eles admitiram que confundiram o adolescente que a crian\u00e7a andava de m\u00e3os dadas com um integrante de uma organiza\u00e7\u00e3o criminosa rival.\nDe acordo com a Pol\u00edcia Civil, al\u00e9m do cumprimento dos mandados de pris\u00e3o, foram presos em flagrante por posse ilegal de armas e envolvimento com drogas. Na a\u00e7\u00e3o, foram apreendidas tamb\u00e9m muni\u00e7\u00f5es e aparelhos celulares. \nDurante cumprimento dos mandados de pris\u00e3o, foram apreendidos celulares, arma de fogo e drogas.\nDivulga\u00e7\u00e3o\/Pol\u00edcia Civil\nO delegado Emerson Barbosa, da Delegacia de Homic\u00eddios e Entorpecentes (DHE) de Patos, informou que o terceiro envolvido na morte da crian\u00e7a j\u00e1 est\u00e1 em uma unidade prisional em Campina Grande por outro delito. O mandado de pris\u00e3o foi enviado \u00e0 unidade. \nRelembre o caso\nO crime aconteceu na noite do dia 29 de outubro, no bairro do Monte Castelo, em Patos, e as pris\u00f5es dos suspeitos foram efetuadas no dia seguinte.\nSegundo os investigadores da Pol\u00edcia Civil \u00e0 \u00e9poca, o trio confessou o crime e disse que o alvo era o adolescente. Os mesmos suspeitos, contudo, admitiram depois que confundiram o adolescente com um integrante de um grupo criminoso rival, de forma que as v\u00edtimas foram atingidas por engano.\nImagens de uma c\u00e2mera de seguran\u00e7a mostram o adolescente caminhando de m\u00e3os dadas com a crian\u00e7a, identificada por Aylla F\u00e9lix dos Santos.\nAdolescente e menina caminham por rua de Patos pouco antes de serem atacados\nTV Para\u00edba\/Reprodu\u00e7\u00e3o\nDepois, um carro branco passou pelo local com tr\u00eas homens dentro. Um dirigindo e outros dois como passageiros. S\u00e3o esses dois os suspeitos pelos disparos.\nAylla morreu ainda no local. J\u00e1 o adolescente foi levado pelo Servi\u00e7o de Atendimento M\u00f3vel de Urg\u00eancia (Samu) de Patos para o Hospital Regional do munic\u00edpio e ficou um per\u00edodo internado em estado grave.\nAgora no g1\nV\u00eddeos mais assistidos da Para\u00edba  ","protected":false},"excerpt":{"rendered":"<p>        Ayla tinha seis anos e foi assassinada em Patos<br \/>\nTV Para\u00edba\/Reprodu\u00e7\u00e3o<br \/>\nDois homens acusados de envolvimento na morte de Ayla Evelly Felix dos Santos, de cinco anos, foram presos novamente na manh\u00e3 desta sexta-feira (4). O crime ocorreu em outubr&#8230;<\/p>\n","protected":false},"author":2,"featured_media":0,"comment_status":"closed","ping_status":"closed","sticky":false,"template":"","format":"standard","meta":{"advgb_blocks_editor_width":"","advgb_blocks_columns_visual_guide":"","footnotes":""},"categories":[34],"tags":[35],"class_list":["post-73178","post","type-post","status-publish","format-standard","hentry","category-g1","tag-g1"],"author_meta":{"display_name":"g1 &gt; Para\u00edba","author_link":"https:\/\/sindaopcpb.org.br\/author\/g1-paraiba\/"},"featured_img":null,"coauthors":[],"tax_additional":{"categories":{"linked":["<a href=\"https:\/\/sindaopcpb.org.br\/g1\/\" class=\"advgb-post-tax-term\">G1<\/a>"],"unlinked":["<span class=\"advgb-post-tax-term\">G1<\/span>"]},"tags":{"linked":["<a href=\"https:\/\/sindaopcpb.org.br\/g1\/\" class=\"advgb-post-tax-term\">g1<\/a>"],"unlinked":["<span class=\"advgb-post-tax-term\">g1<\/span>"]}},"comment_count":"0","relative_dates":{"created":"Publicado 6 horas atr\u00e1s","modified":"Atualizado 6 horas atr\u00e1s"},"absolute_dates":{"created":"Publicado em 4 de setembro de 2026","modified":"Atualizado em 4 de setembro de 2026"},"absolute_dates_time":{"created":"Publicado em 4 de setembro de 2026 13:25","modified":"Atualizado em 4 de setembro de 2026 13:25"},"featured_img_caption":"","series_order":"","_links":{"self":[{"href":"https:\/\/sindaopcpb.org.br\/index.php\/wp-json\/wp\/v2\/posts\/73178","targetHints":{"allow":["GET"]}}],"collection":[{"href":"https:\/\/sindaopcpb.org.br\/index.php\/wp-json\/wp\/v2\/posts"}],"about":[{"href":"https:\/\/sindaopcpb.org.br\/index.php\/wp-json\/wp\/v2\/types\/post"}],"author":[{"embeddable":true,"href":"https:\/\/sindaopcpb.org.br\/index.php\/wp-json\/wp\/v2\/users\/2"}],"replies":[{"embeddable":true,"href":"https:\/\/sindaopcpb.org.br\/index.php\/wp-json\/wp\/v2\/comments?post=73178"}],"version-history":[{"count":2,"href":"https:\/\/sindaopcpb.org.br\/index.php\/wp-json\/wp\/v2\/posts\/73178\/revisions"}],"predecessor-version":[{"id":73182,"href":"https:\/\/sindaopcpb.org.br\/index.php\/wp-json\/wp\/v2\/posts\/73178\/revisions\/73182"}],"wp:attachment":[{"href":"https:\/\/sindaopcpb.org.br\/index.php\/wp-json\/wp\/v2\/media?parent=73178"}],"wp:term":[{"taxonomy":"category","embeddable":true,"href":"https:\/\/sindaopcpb.org.br\/index.php\/wp-json\/wp\/v2\/categories?post=73178"},{"taxonomy":"post_tag","embeddable":true,"href":"https:\/\/sindaopcpb.org.br\/index.php\/wp-json\/wp\/v2\/tags?post=73178"}],"curies":[{"name":"wp","href":"https:\/\/api.w.org\/{rel}","templated":true}]}}