{"id":73172,"date":"2026-09-04T13:04:16","date_gmt":"2026-09-04T16:04:16","guid":{"rendered":"https:\/\/www.pbagora.com.br\/?p=969193"},"modified":"2026-09-04T13:04:16","modified_gmt":"2026-09-04T16:04:16","slug":"caso-ayla-policia-civil-prende-investigados-em-patos","status":"publish","type":"post","link":"https:\/\/sindaopcpb.org.br\/index.php\/2026\/09\/04\/caso-ayla-policia-civil-prende-investigados-em-patos\/","title":{"rendered":"Caso Ayla: Pol\u00edcia Civil prende investigados em Patos"},"content":{"rendered":"<p><img width=\"256\" height=\"260\" src=\"https:\/\/www.pbagora.com.br\/storage\/2026\/09\/Captura-de-tela-2026-09-04-120633.png\" class=\"attachment-large size-large wp-post-image\" alt=\"\" style=\"margin-bottom: 20px;\" decoding=\"async\" loading=\"lazy\" srcset=\"https:\/\/www.pbagora.com.br\/storage\/2026\/09\/Captura-de-tela-2026-09-04-120633.png 256w, https:\/\/www.pbagora.com.br\/storage\/2026\/09\/Captura-de-tela-2026-09-04-120633-148x150.png 148w, https:\/\/www.pbagora.com.br\/storage\/2026\/09\/Captura-de-tela-2026-09-04-120633-80x80.png 80w\" sizes=\"auto, (max-width: 256px) 100vw, 256px\" \/><\/p>\n<p class=\"wp-block-paragraph\">A Pol\u00edcia Civil da Para\u00edba, por meio da Delegacia de Homic\u00eddios e Entorpecentes (DHE) de Patos, cumpriu, nesta sexta-feira (04), dois mandados de pris\u00e3o preventiva expedidos contra investigados pelo crime de homic\u00eddio que vitimou a crian\u00e7a Ayla, ocorrido em 2024, um caso de grande repercuss\u00e3o na cidade.<\/p>\n\n\n\n<p class=\"wp-block-paragraph\">De acordo com as informa\u00e7\u00f5es, os investigados haviam sido beneficiados recentemente com liberdade, mas voltaram a ser flagrados em novas pr\u00e1ticas criminosas na regi\u00e3o. Diante disso, o Minist\u00e9rio P\u00fablico recorreu da decis\u00e3o anterior e o Poder Judici\u00e1rio decretou novamente a pris\u00e3o preventiva.<\/p>\n\n\n\n<figure class=\"wp-block-video\"><video height=\"1024\" style=\"aspect-ratio: 576 \/ 1024;\" width=\"576\" controls src=\"https:\/\/www.pbagora.com.br\/storage\/2026\/09\/WhatsApp-Video-2026-09-04-at-12.04.10.mp4\"><\/video><\/figure>\n\n\n\n<p class=\"wp-block-paragraph\">Durante a a\u00e7\u00e3o policial, al\u00e9m do cumprimento dos mandados de pris\u00e3o pelo homic\u00eddio, a equipe da DHE realizou uma pris\u00e3o em flagrante pelos crimes de posse irregular de arma de fogo e envolvimento com drogas. Foram apreendidos um rev\u00f3lver Taurus calibre .38, 12 muni\u00e7\u00f5es intactas de calibre .38, por\u00e7\u00f5es de crack e aparelhos celulares.<\/p>\n\n\n\n<p class=\"wp-block-paragraph\">A Pol\u00edcia Civil da Para\u00edba demonstra a atua\u00e7\u00e3o firme e estrat\u00e9gica da institui\u00e7\u00e3o na elucida\u00e7\u00e3o de crimes violentos, na retirada de armas e drogas de circula\u00e7\u00e3o e na resposta rigorosa a condutas reincidentes que atentam contra a seguran\u00e7a da sociedade paraibana.<\/p>\n\n\n\n<p class=\"wp-block-paragraph\"><strong><em>Reda\u00e7\u00e3o<\/em><\/strong><\/p>\n","protected":false},"excerpt":{"rendered":"<p><img loading=\"lazy\" decoding=\"async\" width=\"256\" height=\"260\" src=\"https:\/\/www.pbagora.com.br\/storage\/2026\/09\/Captura-de-tela-2026-09-04-120633.png\" class=\"attachment-large size-large wp-post-image\" alt=\"\" srcset=\"https:\/\/www.pbagora.com.br\/storage\/2026\/09\/Captura-de-tela-2026-09-04-120633.png 256w, https:\/\/www.pbagora.com.br\/storage\/2026\/09\/Captura-de-tela-2026-09-04-120633-148x150.png 148w, https:\/\/www.pbagora.com.br\/storage\/2026\/09\/Captura-de-tela-2026-09-04-120633-80x80.png 80w\" sizes=\"auto, (max-width: 256px) 100vw, 256px\"><\/p>\n<p>A Pol\u00edcia Civil da Para\u00edba, por meio da Delegacia de Homic\u00eddios e Entorpecentes (DHE) de Patos, cumpriu, nesta\u2026<\/p>\n","protected":false},"author":123457,"featured_media":0,"comment_status":"closed","ping_status":"closed","sticky":false,"template":"","format":"standard","meta":{"advgb_blocks_editor_width":"","advgb_blocks_columns_visual_guide":"","footnotes":""},"categories":[34],"tags":[10841,35,10839],"class_list":["post-73172","post","type-post","status-publish","format-standard","hentry","category-g1","tag-destaque-centro-02","tag-g1","tag-policial"],"author_meta":{"display_name":"Reda\u00e7\u00e3o","author_link":"https:\/\/sindaopcpb.org.br\/author\/redacao\/"},"featured_img":null,"coauthors":[],"tax_additional":{"categories":{"linked":["<a href=\"https:\/\/sindaopcpb.org.br\/g1\/\" class=\"advgb-post-tax-term\">G1<\/a>"],"unlinked":["<span class=\"advgb-post-tax-term\">G1<\/span>"]},"tags":{"linked":["<a href=\"https:\/\/sindaopcpb.org.br\/g1\/\" class=\"advgb-post-tax-term\">Destaque Centro 02<\/a>","<a href=\"https:\/\/sindaopcpb.org.br\/g1\/\" class=\"advgb-post-tax-term\">g1<\/a>","<a href=\"https:\/\/sindaopcpb.org.br\/g1\/\" class=\"advgb-post-tax-term\">Policial<\/a>"],"unlinked":["<span class=\"advgb-post-tax-term\">Destaque Centro 02<\/span>","<span class=\"advgb-post-tax-term\">g1<\/span>","<span class=\"advgb-post-tax-term\">Policial<\/span>"]}},"comment_count":"0","relative_dates":{"created":"Publicado 6 horas atr\u00e1s","modified":"Atualizado 6 horas atr\u00e1s"},"absolute_dates":{"created":"Publicado em 4 de setembro de 2026","modified":"Atualizado em 4 de setembro de 2026"},"absolute_dates_time":{"created":"Publicado em 4 de setembro de 2026 13:04","modified":"Atualizado em 4 de setembro de 2026 13:04"},"featured_img_caption":"","series_order":"","_links":{"self":[{"href":"https:\/\/sindaopcpb.org.br\/index.php\/wp-json\/wp\/v2\/posts\/73172","targetHints":{"allow":["GET"]}}],"collection":[{"href":"https:\/\/sindaopcpb.org.br\/index.php\/wp-json\/wp\/v2\/posts"}],"about":[{"href":"https:\/\/sindaopcpb.org.br\/index.php\/wp-json\/wp\/v2\/types\/post"}],"author":[{"embeddable":true,"href":"https:\/\/sindaopcpb.org.br\/index.php\/wp-json\/wp\/v2\/users\/123457"}],"replies":[{"embeddable":true,"href":"https:\/\/sindaopcpb.org.br\/index.php\/wp-json\/wp\/v2\/comments?post=73172"}],"version-history":[{"count":1,"href":"https:\/\/sindaopcpb.org.br\/index.php\/wp-json\/wp\/v2\/posts\/73172\/revisions"}],"predecessor-version":[{"id":73173,"href":"https:\/\/sindaopcpb.org.br\/index.php\/wp-json\/wp\/v2\/posts\/73172\/revisions\/73173"}],"wp:attachment":[{"href":"https:\/\/sindaopcpb.org.br\/index.php\/wp-json\/wp\/v2\/media?parent=73172"}],"wp:term":[{"taxonomy":"category","embeddable":true,"href":"https:\/\/sindaopcpb.org.br\/index.php\/wp-json\/wp\/v2\/categories?post=73172"},{"taxonomy":"post_tag","embeddable":true,"href":"https:\/\/sindaopcpb.org.br\/index.php\/wp-json\/wp\/v2\/tags?post=73172"}],"curies":[{"name":"wp","href":"https:\/\/api.w.org\/{rel}","templated":true}]}}