{"id":73170,"date":"2026-09-04T13:04:39","date_gmt":"2026-09-04T16:04:39","guid":{"rendered":"https:\/\/www.pbagora.com.br\/?p=969190"},"modified":"2026-09-04T13:04:39","modified_gmt":"2026-09-04T16:04:39","slug":"policia-civil-prende-suspeitos-de-crimes-em-sape-e-cg","status":"publish","type":"post","link":"https:\/\/sindaopcpb.org.br\/index.php\/2026\/09\/04\/policia-civil-prende-suspeitos-de-crimes-em-sape-e-cg\/","title":{"rendered":"Pol\u00edcia Civil prende suspeitos de crimes em Sap\u00e9 e CG"},"content":{"rendered":"<p><img width=\"246\" height=\"246\" src=\"https:\/\/www.pbagora.com.br\/storage\/2026\/09\/Captura-de-tela-2026-09-04-114858.png\" class=\"attachment-large size-large wp-post-image\" alt=\"\" style=\"margin-bottom: 20px;\" decoding=\"async\" srcset=\"https:\/\/www.pbagora.com.br\/storage\/2026\/09\/Captura-de-tela-2026-09-04-114858.png 246w, https:\/\/www.pbagora.com.br\/storage\/2026\/09\/Captura-de-tela-2026-09-04-114858-150x150.png 150w, https:\/\/www.pbagora.com.br\/storage\/2026\/09\/Captura-de-tela-2026-09-04-114858-80x80.png 80w, https:\/\/www.pbagora.com.br\/storage\/2026\/09\/Captura-de-tela-2026-09-04-114858-110x110.png 110w\" sizes=\"(max-width: 246px) 100vw, 246px\" \/><\/p>\n<p class=\"wp-block-paragraph\">A Pol\u00edcia Civil da Para\u00edba prendeu, nesta quinta-feira (3), dois homens investigados por crimes distintos em Sap\u00e9 e Campina Grande.<\/p>\n\n\n\n<p class=\"wp-block-paragraph\">Em Sap\u00e9, um homem de 22 anos foi preso durante mais uma a\u00e7\u00e3o da Opera\u00e7\u00e3o Dinastia. Ele \u00e9 apontado pelas investiga\u00e7\u00f5es como integrante de uma organiza\u00e7\u00e3o criminosa armada com atua\u00e7\u00e3o no bairro Santa Marina, suspeita de envolvimento com tr\u00e1fico de drogas, posse ilegal de armas e homic\u00eddios.<\/p>\n\n\n\n<p class=\"wp-block-paragraph\">Esta foi a sexta pris\u00e3o realizada no \u00e2mbito da opera\u00e7\u00e3o, iniciada em 27 de agosto. Na primeira fase, cinco suspeitos foram presos e mandados de busca e apreens\u00e3o foram cumpridos, inclusive dentro das celas da unidade prisional de Sap\u00e9.<\/p>\n\n\n\n<p class=\"wp-block-paragraph\">J\u00e1 em Campina Grande, a Delegacia de Homic\u00eddios e Prote\u00e7\u00e3o \u00e0 Pessoa (DHPP) prendeu um homem de 36 anos investigado por tentativa de homic\u00eddio. Segundo a Pol\u00edcia Civil, ele teria agredido a v\u00edtima, Ezequiel Soares, de 58 anos, com diversas pauladas durante uma discuss\u00e3o ocorrida em dezembro de 2025.<\/p>\n\n\n\n<p class=\"wp-block-paragraph\">A v\u00edtima ficou internada por cerca de 20 dias no Hospital de Emerg\u00eancia e Trauma de Campina Grande e precisou passar por cirurgia craniana.<\/p>\n\n\n\n<p class=\"wp-block-paragraph\">Os dois investigados foram encaminhados \u00e0s unidades policiais e permanecem \u00e0 disposi\u00e7\u00e3o da Justi\u00e7a. As investiga\u00e7\u00f5es sobre os casos continuam.<\/p>\n\n\n\n<p class=\"wp-block-paragraph\"><strong><em>Reda\u00e7\u00e3o<\/em><\/strong><\/p>\n","protected":false},"excerpt":{"rendered":"<p><img loading=\"lazy\" decoding=\"async\" width=\"246\" height=\"246\" src=\"https:\/\/www.pbagora.com.br\/storage\/2026\/09\/Captura-de-tela-2026-09-04-114858.png\" class=\"attachment-large size-large wp-post-image\" alt=\"\" srcset=\"https:\/\/www.pbagora.com.br\/storage\/2026\/09\/Captura-de-tela-2026-09-04-114858.png 246w, https:\/\/www.pbagora.com.br\/storage\/2026\/09\/Captura-de-tela-2026-09-04-114858-150x150.png 150w, https:\/\/www.pbagora.com.br\/storage\/2026\/09\/Captura-de-tela-2026-09-04-114858-80x80.png 80w, https:\/\/www.pbagora.com.br\/storage\/2026\/09\/Captura-de-tela-2026-09-04-114858-110x110.png 110w\" sizes=\"auto, (max-width: 246px) 100vw, 246px\"><\/p>\n<p>A Pol\u00edcia Civil da Para\u00edba prendeu, nesta quinta-feira (3), dois homens investigados por crimes distintos em Sap\u00e9 e\u2026<\/p>\n","protected":false},"author":123457,"featured_media":0,"comment_status":"closed","ping_status":"closed","sticky":false,"template":"","format":"standard","meta":{"advgb_blocks_editor_width":"","advgb_blocks_columns_visual_guide":"","footnotes":""},"categories":[34],"tags":[10840,35,10839],"class_list":["post-73170","post","type-post","status-publish","format-standard","hentry","category-g1","tag-destaque-centro-03","tag-g1","tag-policial"],"author_meta":{"display_name":"Reda\u00e7\u00e3o","author_link":"https:\/\/sindaopcpb.org.br\/author\/redacao\/"},"featured_img":null,"coauthors":[],"tax_additional":{"categories":{"linked":["<a href=\"https:\/\/sindaopcpb.org.br\/g1\/\" class=\"advgb-post-tax-term\">G1<\/a>"],"unlinked":["<span class=\"advgb-post-tax-term\">G1<\/span>"]},"tags":{"linked":["<a href=\"https:\/\/sindaopcpb.org.br\/g1\/\" class=\"advgb-post-tax-term\">Destaque Centro 03<\/a>","<a href=\"https:\/\/sindaopcpb.org.br\/g1\/\" class=\"advgb-post-tax-term\">g1<\/a>","<a href=\"https:\/\/sindaopcpb.org.br\/g1\/\" class=\"advgb-post-tax-term\">Policial<\/a>"],"unlinked":["<span class=\"advgb-post-tax-term\">Destaque Centro 03<\/span>","<span class=\"advgb-post-tax-term\">g1<\/span>","<span class=\"advgb-post-tax-term\">Policial<\/span>"]}},"comment_count":"0","relative_dates":{"created":"Publicado 6 horas atr\u00e1s","modified":"Atualizado 6 horas atr\u00e1s"},"absolute_dates":{"created":"Publicado em 4 de setembro de 2026","modified":"Atualizado em 4 de setembro de 2026"},"absolute_dates_time":{"created":"Publicado em 4 de setembro de 2026 13:04","modified":"Atualizado em 4 de setembro de 2026 13:04"},"featured_img_caption":"","series_order":"","_links":{"self":[{"href":"https:\/\/sindaopcpb.org.br\/index.php\/wp-json\/wp\/v2\/posts\/73170","targetHints":{"allow":["GET"]}}],"collection":[{"href":"https:\/\/sindaopcpb.org.br\/index.php\/wp-json\/wp\/v2\/posts"}],"about":[{"href":"https:\/\/sindaopcpb.org.br\/index.php\/wp-json\/wp\/v2\/types\/post"}],"author":[{"embeddable":true,"href":"https:\/\/sindaopcpb.org.br\/index.php\/wp-json\/wp\/v2\/users\/123457"}],"replies":[{"embeddable":true,"href":"https:\/\/sindaopcpb.org.br\/index.php\/wp-json\/wp\/v2\/comments?post=73170"}],"version-history":[{"count":1,"href":"https:\/\/sindaopcpb.org.br\/index.php\/wp-json\/wp\/v2\/posts\/73170\/revisions"}],"predecessor-version":[{"id":73171,"href":"https:\/\/sindaopcpb.org.br\/index.php\/wp-json\/wp\/v2\/posts\/73170\/revisions\/73171"}],"wp:attachment":[{"href":"https:\/\/sindaopcpb.org.br\/index.php\/wp-json\/wp\/v2\/media?parent=73170"}],"wp:term":[{"taxonomy":"category","embeddable":true,"href":"https:\/\/sindaopcpb.org.br\/index.php\/wp-json\/wp\/v2\/categories?post=73170"},{"taxonomy":"post_tag","embeddable":true,"href":"https:\/\/sindaopcpb.org.br\/index.php\/wp-json\/wp\/v2\/tags?post=73170"}],"curies":[{"name":"wp","href":"https:\/\/api.w.org\/{rel}","templated":true}]}}