{"id":73167,"date":"2026-09-04T12:24:32","date_gmt":"2026-09-04T15:24:32","guid":{"rendered":"https:\/\/g1.globo.com\/pb\/paraiba\/noticia\/2026\/09\/04\/esquema-de-transito-e-transporte-publico-para-o-desfile-de-7-de-setembro-em-campina-grande-e-definido-saiba-como-fica.ghtml"},"modified":"2026-09-04T12:24:32","modified_gmt":"2026-09-04T15:24:32","slug":"esquema-de-transito-e-transporte-publico-para-o-desfile-de-7-de-setembro-em-campina-grande-e-definido-saiba-como-fica","status":"publish","type":"post","link":"https:\/\/sindaopcpb.org.br\/index.php\/2026\/09\/04\/esquema-de-transito-e-transporte-publico-para-o-desfile-de-7-de-setembro-em-campina-grande-e-definido-saiba-como-fica\/","title":{"rendered":"Esquema de tr\u00e2nsito e transporte p\u00fablico para o desfile de 7 de Setembro em Campina Grande \u00e9 definido; saiba como fica"},"content":{"rendered":"   <img src=\"https:\/\/s2-g1.glbimg.com\/hhuOXV1nR-8SLFAGyyAcrcOgpfo=\/s.glbimg.com\/jo\/g1\/f\/original\/2016\/09\/07\/desfile_cg4.jpg\" \/><br \/>     Desfile da Independ\u00eancia foi realizado na segunda-feira (7) em Campina Grande\nReprodu\u00e7\u00e3o\/TV Para\u00edba\nO Dia da Independ\u00eancia do Brasil \u00e9 comemorado na segunda-feira, 7 de setembro. Em Campina Grande, no Agreste da Para\u00edba, o desfile c\u00edvico acontece pela manh\u00e3 e deve provocar mudan\u00e7as tempor\u00e1rias no tr\u00e2nsito e no transporte p\u00fablico da cidade.\nA Superintend\u00eancia de Tr\u00e2nsito e Transportes P\u00fablicos (STTP) da cidade preparou uma opera\u00e7\u00e3o especial durante o desfile, com interdi\u00e7\u00e3o de um trecho da Avenida Floriano Peixoto, no Centro da cidade, altera\u00e7\u00e3o tempor\u00e1ria no itiner\u00e1rio dos \u00f4nibus e refor\u00e7o na frota.\n\u2705 Clique aqui para seguir o canal do g1 PB no WhatsApp\nA principal mudan\u00e7a deve acontecer na Avenida Floriano Peixoto, que ficar\u00e1 interditada no trecho entre o viaduto Elp\u00eddio de Almeida e o Teatro Municipal Severino Cabral durante a realiza\u00e7\u00e3o do desfile.\nA opera\u00e7\u00e3o tamb\u00e9m prev\u00ea uma \u00e1rea espec\u00edfica para embarque e desembarque de t\u00e1xis, ve\u00edculos de transporte por aplicativo e outros servi\u00e7os de transporte. O g1 reuniu abaixo as principais mudan\u00e7as previstas pela STTP.\nV\u00eddeos em alta no g1\nMudan\u00e7as no tr\u00e2nsito no entorno do desfile c\u00edvico\nA Avenida Floriano Peixoto ser\u00e1 interditada temporariamente no trecho entre o viaduto Elp\u00eddio de Almeida e o Teatro Municipal Severino Cabral. A medida ser\u00e1 adotada durante o desfile para garantir a seguran\u00e7a dos participantes e do p\u00fablico.\nAgentes da STTP estar\u00e3o mobilizados para orientar os motoristas, organizar a circula\u00e7\u00e3o e garantir a seguran\u00e7a vi\u00e1ria durante a opera\u00e7\u00e3o.\nItiner\u00e1rio dos \u00f4nibus\nCom a interdi\u00e7\u00e3o da Avenida Floriano Peixoto, os \u00f4nibus que sa\u00edrem do Terminal de Integra\u00e7\u00e3o seguir\u00e3o por um itiner\u00e1rio alternativo.\nOs ve\u00edculos passar\u00e3o pela Avenida Floriano Peixoto, entrar\u00e3o \u00e0 direita na Rua Rui Barbosa e, em seguida, acessar\u00e3o a Rua 13 de Maio, a Rua Coronel Jo\u00e3o Louren\u00e7o Porto e a Vila Nova da Rainha.\nNo retorno ao Terminal de Integra\u00e7\u00e3o, os \u00f4nibus seguir\u00e3o pela Rua Severino Cruz, depois pela Rua Sebasti\u00e3o Donato, at\u00e9 entrar na \u00e1rea do terminal.\nA frota de \u00f4nibus tamb\u00e9m ser\u00e1 refor\u00e7ada em 30% das 6h \u00e0s 14h do dia 7 de setembro. Segundo a STTP, o aumento da oferta foi definido para atender \u00e0 maior movimenta\u00e7\u00e3o de passageiros durante o per\u00edodo do desfile. Fora desse hor\u00e1rio, o transporte coletivo funcionar\u00e1 normalmente, de acordo com a opera\u00e7\u00e3o regular da frota.\nDurante a realiza\u00e7\u00e3o do desfile, t\u00e1xis, ve\u00edculos de transporte por aplicativo e outros servi\u00e7os de transporte dever\u00e3o utilizar a Rua 13 de Maio para embarque e desembarque. Segundo a STTP, a medida j\u00e1 foi adotada em anos anteriores durante a realiza\u00e7\u00e3o do desfile.\nV\u00eddeos mais assistidos do g1 Para\u00edba  ","protected":false},"excerpt":{"rendered":"<p>        Desfile da Independ\u00eancia foi realizado na segunda-feira (7) em Campina Grande<br \/>\nReprodu\u00e7\u00e3o\/TV Para\u00edba<br \/>\nO Dia da Independ\u00eancia do Brasil \u00e9 comemorado na segunda-feira, 7 de setembro. Em Campina Grande, no Agreste da Para\u00edba, o desfile c\u00edvico aconte&#8230;<\/p>\n","protected":false},"author":2,"featured_media":0,"comment_status":"closed","ping_status":"closed","sticky":false,"template":"","format":"standard","meta":{"advgb_blocks_editor_width":"","advgb_blocks_columns_visual_guide":"","footnotes":""},"categories":[34],"tags":[35],"class_list":["post-73167","post","type-post","status-publish","format-standard","hentry","category-g1","tag-g1"],"author_meta":{"display_name":"g1 &gt; Para\u00edba","author_link":"https:\/\/sindaopcpb.org.br\/author\/g1-paraiba\/"},"featured_img":null,"coauthors":[],"tax_additional":{"categories":{"linked":["<a href=\"https:\/\/sindaopcpb.org.br\/g1\/\" class=\"advgb-post-tax-term\">G1<\/a>"],"unlinked":["<span class=\"advgb-post-tax-term\">G1<\/span>"]},"tags":{"linked":["<a href=\"https:\/\/sindaopcpb.org.br\/g1\/\" class=\"advgb-post-tax-term\">g1<\/a>"],"unlinked":["<span class=\"advgb-post-tax-term\">g1<\/span>"]}},"comment_count":"0","relative_dates":{"created":"Publicado 6 horas atr\u00e1s","modified":"Atualizado 6 horas atr\u00e1s"},"absolute_dates":{"created":"Publicado em 4 de setembro de 2026","modified":"Atualizado em 4 de setembro de 2026"},"absolute_dates_time":{"created":"Publicado em 4 de setembro de 2026 12:24","modified":"Atualizado em 4 de setembro de 2026 12:24"},"featured_img_caption":"","series_order":"","_links":{"self":[{"href":"https:\/\/sindaopcpb.org.br\/index.php\/wp-json\/wp\/v2\/posts\/73167","targetHints":{"allow":["GET"]}}],"collection":[{"href":"https:\/\/sindaopcpb.org.br\/index.php\/wp-json\/wp\/v2\/posts"}],"about":[{"href":"https:\/\/sindaopcpb.org.br\/index.php\/wp-json\/wp\/v2\/types\/post"}],"author":[{"embeddable":true,"href":"https:\/\/sindaopcpb.org.br\/index.php\/wp-json\/wp\/v2\/users\/2"}],"replies":[{"embeddable":true,"href":"https:\/\/sindaopcpb.org.br\/index.php\/wp-json\/wp\/v2\/comments?post=73167"}],"version-history":[{"count":1,"href":"https:\/\/sindaopcpb.org.br\/index.php\/wp-json\/wp\/v2\/posts\/73167\/revisions"}],"predecessor-version":[{"id":73168,"href":"https:\/\/sindaopcpb.org.br\/index.php\/wp-json\/wp\/v2\/posts\/73167\/revisions\/73168"}],"wp:attachment":[{"href":"https:\/\/sindaopcpb.org.br\/index.php\/wp-json\/wp\/v2\/media?parent=73167"}],"wp:term":[{"taxonomy":"category","embeddable":true,"href":"https:\/\/sindaopcpb.org.br\/index.php\/wp-json\/wp\/v2\/categories?post=73167"},{"taxonomy":"post_tag","embeddable":true,"href":"https:\/\/sindaopcpb.org.br\/index.php\/wp-json\/wp\/v2\/tags?post=73167"}],"curies":[{"name":"wp","href":"https:\/\/api.w.org\/{rel}","templated":true}]}}