{"id":73165,"date":"2026-09-04T10:58:56","date_gmt":"2026-09-04T13:58:56","guid":{"rendered":"https:\/\/g1.globo.com\/pb\/paraiba\/noticia\/2026\/09\/04\/publicada-convocacao-de-mais-15-aprovados-no-concurso-da-pb-saude.ghtml"},"modified":"2026-09-04T10:58:56","modified_gmt":"2026-09-04T13:58:56","slug":"publicada-convocacao-de-mais-15-aprovados-no-concurso-da-pb-saude","status":"publish","type":"post","link":"https:\/\/sindaopcpb.org.br\/index.php\/2026\/09\/04\/publicada-convocacao-de-mais-15-aprovados-no-concurso-da-pb-saude\/","title":{"rendered":"Publicada convoca\u00e7\u00e3o de mais 15 aprovados no concurso da PB Sa\u00fade"},"content":{"rendered":"   <img src=\"https:\/\/s2-g1.glbimg.com\/Env6m-v7RTGk_2E0BsdA4PeNpGc=\/i.s3.glbimg.com\/v1\/AUTH_59edd422c0c84a879bd37670ae4f538a\/internal_photos\/bs\/2022\/l\/p\/IBYgY3Rfma9mJ98ujaBg\/hospital-metropolitano-dom-jose-maria-pires.jpg\" \/><br \/>     Hospital Metropolitano Dom Jos\u00e9 Maria Pires, em Santa Rita, \u00e9 gerenciado pela PB Sa\u00fade\nDivulga\u00e7\u00e3o\/Secom-PB\nQ\nMais 15 profissionais aprovados no concurso p\u00fablico da Funda\u00e7\u00e3o Paraibana de Gest\u00e3o em Sa\u00fade (PB Sa\u00fade) de 2024 foram convocados. O 6\u00ba e 7\u00ba edital de convoca\u00e7\u00e3o do certame foram publicados no Di\u00e1rio Oficial do Estado (DOE-PB) desta sexta-feira (4).\n\u2705 Clique aqui para seguir o canal do g1 PB no WhatsApp\nOs convocados devem apresentar a documenta\u00e7\u00e3o necess\u00e1ria para admiss\u00e3o nos cargos das 8h do dia 4 de setembro at\u00e9 \u00e0s 23h59 do dia 11 de setembro, atrav\u00e9s de um formul\u00e1rio eletr\u00f4nico.\nConfira a lista completa de convocados a partir da p\u00e1gina 15 do DOE-PB\nNesta publica\u00e7\u00e3o, foram convocados um farmac\u00eautico e m\u00e9dicos cirurgi\u00f5es para a 1\u00aa Macrorregi\u00e3o de Sa\u00fade (Macro 1), que inclui Jo\u00e3o Pessoa e outros 65 munic\u00edpios. \nNo site da Funda\u00e7\u00e3o PB Sa\u00fade h\u00e1 listas com os documentos necess\u00e1rios para admiss\u00e3o. J\u00e1 os links dos formul\u00e1rios eletr\u00f4nicos para envio dos documentos est\u00e3o dispon\u00edveis no DOE-PB, ao fim de cada convoca\u00e7\u00e3o para diferentes cargos.\nO concurso da Funda\u00e7\u00e3o PB Sa\u00fade ofertou 1.455 vagas para contrata\u00e7\u00e3o imediata, distribu\u00eddas em 86 cargos, com remunera\u00e7\u00f5es de at\u00e9 R$ 12 mil.\nAgora no g1\nV\u00eddeos mais assistidos do g1 Para\u00edba  ","protected":false},"excerpt":{"rendered":"<p>        Hospital Metropolitano Dom Jos\u00e9 Maria Pires, em Santa Rita, \u00e9 gerenciado pela PB Sa\u00fade<br \/>\nDivulga\u00e7\u00e3o\/Secom-PB<br \/>\nQ<br \/>\nMais 15 profissionais aprovados no concurso p\u00fablico da Funda\u00e7\u00e3o Paraibana de Gest\u00e3o em Sa\u00fade (PB Sa\u00fade) de 2024 foram convocados. O 6\u00ba &#8230;<\/p>\n","protected":false},"author":2,"featured_media":0,"comment_status":"closed","ping_status":"closed","sticky":false,"template":"","format":"standard","meta":{"advgb_blocks_editor_width":"","advgb_blocks_columns_visual_guide":"","footnotes":""},"categories":[34],"tags":[35],"class_list":["post-73165","post","type-post","status-publish","format-standard","hentry","category-g1","tag-g1"],"author_meta":{"display_name":"g1 &gt; Para\u00edba","author_link":"https:\/\/sindaopcpb.org.br\/author\/g1-paraiba\/"},"featured_img":null,"coauthors":[],"tax_additional":{"categories":{"linked":["<a href=\"https:\/\/sindaopcpb.org.br\/g1\/\" class=\"advgb-post-tax-term\">G1<\/a>"],"unlinked":["<span class=\"advgb-post-tax-term\">G1<\/span>"]},"tags":{"linked":["<a href=\"https:\/\/sindaopcpb.org.br\/g1\/\" class=\"advgb-post-tax-term\">g1<\/a>"],"unlinked":["<span class=\"advgb-post-tax-term\">g1<\/span>"]}},"comment_count":"0","relative_dates":{"created":"Publicado 6 horas atr\u00e1s","modified":"Atualizado 6 horas atr\u00e1s"},"absolute_dates":{"created":"Publicado em 4 de setembro de 2026","modified":"Atualizado em 4 de setembro de 2026"},"absolute_dates_time":{"created":"Publicado em 4 de setembro de 2026 10:58","modified":"Atualizado em 4 de setembro de 2026 10:58"},"featured_img_caption":"","series_order":"","_links":{"self":[{"href":"https:\/\/sindaopcpb.org.br\/index.php\/wp-json\/wp\/v2\/posts\/73165","targetHints":{"allow":["GET"]}}],"collection":[{"href":"https:\/\/sindaopcpb.org.br\/index.php\/wp-json\/wp\/v2\/posts"}],"about":[{"href":"https:\/\/sindaopcpb.org.br\/index.php\/wp-json\/wp\/v2\/types\/post"}],"author":[{"embeddable":true,"href":"https:\/\/sindaopcpb.org.br\/index.php\/wp-json\/wp\/v2\/users\/2"}],"replies":[{"embeddable":true,"href":"https:\/\/sindaopcpb.org.br\/index.php\/wp-json\/wp\/v2\/comments?post=73165"}],"version-history":[{"count":1,"href":"https:\/\/sindaopcpb.org.br\/index.php\/wp-json\/wp\/v2\/posts\/73165\/revisions"}],"predecessor-version":[{"id":73166,"href":"https:\/\/sindaopcpb.org.br\/index.php\/wp-json\/wp\/v2\/posts\/73165\/revisions\/73166"}],"wp:attachment":[{"href":"https:\/\/sindaopcpb.org.br\/index.php\/wp-json\/wp\/v2\/media?parent=73165"}],"wp:term":[{"taxonomy":"category","embeddable":true,"href":"https:\/\/sindaopcpb.org.br\/index.php\/wp-json\/wp\/v2\/categories?post=73165"},{"taxonomy":"post_tag","embeddable":true,"href":"https:\/\/sindaopcpb.org.br\/index.php\/wp-json\/wp\/v2\/tags?post=73165"}],"curies":[{"name":"wp","href":"https:\/\/api.w.org\/{rel}","templated":true}]}}