{"id":73163,"date":"2026-09-04T11:02:54","date_gmt":"2026-09-04T14:02:54","guid":{"rendered":"https:\/\/g1.globo.com\/pb\/paraiba\/noticia\/2026\/09\/04\/homem-e-indiciado-por-estupro-de-vulneravel-contra-crianca-de-11-anos-que-engravidou-na-pb.ghtml"},"modified":"2026-09-04T11:02:54","modified_gmt":"2026-09-04T14:02:54","slug":"homem-e-indiciado-por-estupro-de-vulneravel-contra-crianca-de-11-anos-que-engravidou-na-pb","status":"publish","type":"post","link":"https:\/\/sindaopcpb.org.br\/index.php\/2026\/09\/04\/homem-e-indiciado-por-estupro-de-vulneravel-contra-crianca-de-11-anos-que-engravidou-na-pb\/","title":{"rendered":"Homem \u00e9 indiciado por estupro de vulner\u00e1vel contra crian\u00e7a de 11 anos que engravidou, na PB"},"content":{"rendered":"   <img src=\"https:\/\/s2-g1.glbimg.com\/jIkZ2Lm3aMY38giIybyJYiXr89g=\/i.s3.glbimg.com\/v1\/AUTH_59edd422c0c84a879bd37670ae4f538a\/internal_photos\/bs\/2026\/B\/y\/IpOqV2QoOV6ObABTxPHw\/whatsapp-image-2026-09-02-at-16.53.23.jpeg\" \/><br \/>     Homem \u00e9 indiciado por estupro de vulner\u00e1vel contra crian\u00e7a de 11 anos que engravidou, na PB\nDivulga\u00e7\u00e3o\/Pol\u00edcia Civil da Para\u00edba\nUm homem de 24 anos, que n\u00e3o teve a identidade divulgada, foi indiciado pela Pol\u00edcia Civil por estupro de vulner\u00e1vel contra uma crian\u00e7a de 11 anos, em Santa Luzia, no Sert\u00e3o da Para\u00edba. A m\u00e3e da crian\u00e7a tamb\u00e9m foi indiciada por abandono de incapaz e vai responder em liberdade.\nDe acordo com informa\u00e7\u00f5es da Pol\u00edcia Civil, o homem mantinha um relacionamento com a crian\u00e7a havia quase dois anos. O caso chegou ao conhecimento das autoridades por meio do Conselho Tutelar, que encaminhou a situa\u00e7\u00e3o ao Minist\u00e9rio P\u00fablico e, posteriormente, \u00e0 Pol\u00edcia Civil.\n\u2705 Clique aqui para seguir o canal do g1 PB no WhatsApp\nO homem j\u00e1 passou por audi\u00eancia de cust\u00f3dia e foi encaminhado para a Cadeia P\u00fablica de Santa Luzia, onde permanece preso.\nSegundo a Pol\u00edcia Civil, a crian\u00e7a j\u00e1 deu \u00e0 luz e o beb\u00ea tem aproximadamente 20 dias de vida. A guarda da menina de 11 anos permanece com a m\u00e3e, mas o Conselho Tutelar deve acompanhar a situa\u00e7\u00e3o.\nV\u00eddeos em alta no g1\nO suspeito investigado no caso foi localizado trabalhando em uma cer\u00e2mica no munic\u00edpio de S\u00e3o Jos\u00e9 do Sabugi, tamb\u00e9m na regi\u00e3o de Santa Luzia. O homem j\u00e1 havia sido alvo de outras investiga\u00e7\u00f5es anteriormente por outros crimes.\nV\u00eddeos mais assistidos do g1 Para\u00edba  ","protected":false},"excerpt":{"rendered":"<p>        Homem \u00e9 indiciado por estupro de vulner\u00e1vel contra crian\u00e7a de 11 anos que engravidou, na PB<br \/>\nDivulga\u00e7\u00e3o\/Pol\u00edcia Civil da Para\u00edba<br \/>\nUm homem de 24 anos, que n\u00e3o teve a identidade divulgada, foi indiciado pela Pol\u00edcia Civil por estupro de vulner\u00e1vel&#8230;<\/p>\n","protected":false},"author":2,"featured_media":0,"comment_status":"closed","ping_status":"closed","sticky":false,"template":"","format":"standard","meta":{"advgb_blocks_editor_width":"","advgb_blocks_columns_visual_guide":"","footnotes":""},"categories":[34],"tags":[35],"class_list":["post-73163","post","type-post","status-publish","format-standard","hentry","category-g1","tag-g1"],"author_meta":{"display_name":"g1 &gt; Para\u00edba","author_link":"https:\/\/sindaopcpb.org.br\/author\/g1-paraiba\/"},"featured_img":null,"coauthors":[],"tax_additional":{"categories":{"linked":["<a href=\"https:\/\/sindaopcpb.org.br\/g1\/\" class=\"advgb-post-tax-term\">G1<\/a>"],"unlinked":["<span class=\"advgb-post-tax-term\">G1<\/span>"]},"tags":{"linked":["<a href=\"https:\/\/sindaopcpb.org.br\/g1\/\" class=\"advgb-post-tax-term\">g1<\/a>"],"unlinked":["<span class=\"advgb-post-tax-term\">g1<\/span>"]}},"comment_count":"0","relative_dates":{"created":"Publicado 6 horas atr\u00e1s","modified":"Atualizado 6 horas atr\u00e1s"},"absolute_dates":{"created":"Publicado em 4 de setembro de 2026","modified":"Atualizado em 4 de setembro de 2026"},"absolute_dates_time":{"created":"Publicado em 4 de setembro de 2026 11:02","modified":"Atualizado em 4 de setembro de 2026 11:02"},"featured_img_caption":"","series_order":"","_links":{"self":[{"href":"https:\/\/sindaopcpb.org.br\/index.php\/wp-json\/wp\/v2\/posts\/73163","targetHints":{"allow":["GET"]}}],"collection":[{"href":"https:\/\/sindaopcpb.org.br\/index.php\/wp-json\/wp\/v2\/posts"}],"about":[{"href":"https:\/\/sindaopcpb.org.br\/index.php\/wp-json\/wp\/v2\/types\/post"}],"author":[{"embeddable":true,"href":"https:\/\/sindaopcpb.org.br\/index.php\/wp-json\/wp\/v2\/users\/2"}],"replies":[{"embeddable":true,"href":"https:\/\/sindaopcpb.org.br\/index.php\/wp-json\/wp\/v2\/comments?post=73163"}],"version-history":[{"count":1,"href":"https:\/\/sindaopcpb.org.br\/index.php\/wp-json\/wp\/v2\/posts\/73163\/revisions"}],"predecessor-version":[{"id":73164,"href":"https:\/\/sindaopcpb.org.br\/index.php\/wp-json\/wp\/v2\/posts\/73163\/revisions\/73164"}],"wp:attachment":[{"href":"https:\/\/sindaopcpb.org.br\/index.php\/wp-json\/wp\/v2\/media?parent=73163"}],"wp:term":[{"taxonomy":"category","embeddable":true,"href":"https:\/\/sindaopcpb.org.br\/index.php\/wp-json\/wp\/v2\/categories?post=73163"},{"taxonomy":"post_tag","embeddable":true,"href":"https:\/\/sindaopcpb.org.br\/index.php\/wp-json\/wp\/v2\/tags?post=73163"}],"curies":[{"name":"wp","href":"https:\/\/api.w.org\/{rel}","templated":true}]}}