{"id":73154,"date":"2026-09-04T09:04:20","date_gmt":"2026-09-04T12:04:20","guid":{"rendered":"https:\/\/g1.globo.com\/pb\/paraiba\/noticia\/2026\/09\/04\/dois-homens-sao-mortos-a-tiros-apos-casa-ser-invadida-em-pedras-de-fogo-na-pb.ghtml"},"modified":"2026-09-04T09:04:20","modified_gmt":"2026-09-04T12:04:20","slug":"dois-homens-sao-mortos-a-tiros-apos-casa-ser-invadida-em-pedras-de-fogo-na-pb","status":"publish","type":"post","link":"https:\/\/sindaopcpb.org.br\/index.php\/2026\/09\/04\/dois-homens-sao-mortos-a-tiros-apos-casa-ser-invadida-em-pedras-de-fogo-na-pb\/","title":{"rendered":"Dois homens s\u00e3o mortos a tiros ap\u00f3s casa ser invadida em Pedras de Fogo, na PB"},"content":{"rendered":"   <img src=\"https:\/\/s2-g1.glbimg.com\/cuFgy9QqTzdUqO9SrQg269MsNhI=\/i.s3.glbimg.com\/v1\/AUTH_59edd422c0c84a879bd37670ae4f538a\/internal_photos\/bs\/2026\/1\/4\/EGZIOtR5qPRWLZFuNKJg\/fotos-g1-pb-2-.png\" \/><br \/>     Dois homens s\u00e3o mortos a tiros dentro de casa em Pedras de Fogo, na PB\nReprodu\u00e7\u00e3o\/Fl\u00e1vio Fernandes\nDois homens foram mortos a tiros na madrugada desta sexta-feira (4), ap\u00f3s a casa onde estavam ser invadida por homens armados em Pedras de Fogo, na Zona da Mata paraibana. O crime aconteceu por volta das 4h, na Travessa Lins do Rego, no bairro Planalto.\nAs v\u00edtimas foram identificadas como Michael Domingos da Silva, de 18 anos, e Bruno Santos da Silva, de 19 anos. De acordo com o delegado T\u00falio Lustosa, pelo menos tr\u00eas pessoas encapuzadas entraram na resid\u00eancia, reviraram o im\u00f3vel e levaram pertences, incluindo celulares das v\u00edtimas.\n\u2705 Clique aqui para seguir o canal do g1 PB no WhatsApp\nAinda segundo o delegado, os suspeitos retiraram Michael e Bruno da casa e efetuaram v\u00e1rios disparos contra eles. No local, foram encontrados vest\u00edgios de armas dos calibres .40, 9 mil\u00edmetros e 12.\nA Pol\u00edcia Civil tamb\u00e9m encontrou pinos de coca\u00edna e uma balan\u00e7a de precis\u00e3o nas proximidades da resid\u00eancia. Segundo o delegado, os ind\u00edcios apontam que o local funcionava como ponto de tr\u00e1fico de drogas e a investiga\u00e7\u00e3o trabalha com a hip\u00f3tese de que o crime tenha sido um ataque de fac\u00e7\u00e3o.\nV\u00eddeos em alta no g1\nUma terceira pessoa estava na casa no momento do crime. Segundo o delegado, ela foi isolada em um c\u00f4modo pelos suspeitos e n\u00e3o viu o momento dos disparos. A testemunha disse \u00e0 pol\u00edcia que apenas ouviu a movimenta\u00e7\u00e3o e os disparos.\nUma motocicleta foi abandonada a cerca de 500 metros do local. A pol\u00edcia apreendeu o ve\u00edculo e o encaminhou para per\u00edcia, que deve verificar se h\u00e1 vest\u00edgios que possam ajudar na identifica\u00e7\u00e3o dos suspeitos.\nDe acordo com familiares, Michael e Bruno eram cunhados e n\u00e3o tinham passagens pela pol\u00edcia. A fam\u00edlia tamb\u00e9m informou que os dois seriam usu\u00e1rios de drogas. O delegado confirmou que h\u00e1 informa\u00e7\u00e3o de que as v\u00edtimas j\u00e1 haviam sofrido uma tentativa de homic\u00eddio, mas disse que esse hist\u00f3rico ainda ser\u00e1 levantado durante a investiga\u00e7\u00e3o.\nA Pol\u00edcia Civil investiga a autoria e a motiva\u00e7\u00e3o dos homic\u00eddios.\nV\u00eddeos mais assistidos do g1 Para\u00edba  ","protected":false},"excerpt":{"rendered":"<p>        Dois homens s\u00e3o mortos a tiros dentro de casa em Pedras de Fogo, na PB<br \/>\nReprodu\u00e7\u00e3o\/Fl\u00e1vio Fernandes<br \/>\nDois homens foram mortos a tiros na madrugada desta sexta-feira (4), ap\u00f3s a casa onde estavam ser invadida por homens armados em Pedras de Fogo, &#8230;<\/p>\n","protected":false},"author":2,"featured_media":0,"comment_status":"closed","ping_status":"closed","sticky":false,"template":"","format":"standard","meta":{"advgb_blocks_editor_width":"","advgb_blocks_columns_visual_guide":"","footnotes":""},"categories":[34],"tags":[35],"class_list":["post-73154","post","type-post","status-publish","format-standard","hentry","category-g1","tag-g1"],"author_meta":{"display_name":"g1 &gt; Para\u00edba","author_link":"https:\/\/sindaopcpb.org.br\/author\/g1-paraiba\/"},"featured_img":null,"coauthors":[],"tax_additional":{"categories":{"linked":["<a href=\"https:\/\/sindaopcpb.org.br\/g1\/\" class=\"advgb-post-tax-term\">G1<\/a>"],"unlinked":["<span class=\"advgb-post-tax-term\">G1<\/span>"]},"tags":{"linked":["<a href=\"https:\/\/sindaopcpb.org.br\/g1\/\" class=\"advgb-post-tax-term\">g1<\/a>"],"unlinked":["<span class=\"advgb-post-tax-term\">g1<\/span>"]}},"comment_count":"0","relative_dates":{"created":"Publicado 5 horas atr\u00e1s","modified":"Atualizado 5 horas atr\u00e1s"},"absolute_dates":{"created":"Publicado em 4 de setembro de 2026","modified":"Atualizado em 4 de setembro de 2026"},"absolute_dates_time":{"created":"Publicado em 4 de setembro de 2026 09:04","modified":"Atualizado em 4 de setembro de 2026 09:04"},"featured_img_caption":"","series_order":"","_links":{"self":[{"href":"https:\/\/sindaopcpb.org.br\/index.php\/wp-json\/wp\/v2\/posts\/73154","targetHints":{"allow":["GET"]}}],"collection":[{"href":"https:\/\/sindaopcpb.org.br\/index.php\/wp-json\/wp\/v2\/posts"}],"about":[{"href":"https:\/\/sindaopcpb.org.br\/index.php\/wp-json\/wp\/v2\/types\/post"}],"author":[{"embeddable":true,"href":"https:\/\/sindaopcpb.org.br\/index.php\/wp-json\/wp\/v2\/users\/2"}],"replies":[{"embeddable":true,"href":"https:\/\/sindaopcpb.org.br\/index.php\/wp-json\/wp\/v2\/comments?post=73154"}],"version-history":[{"count":1,"href":"https:\/\/sindaopcpb.org.br\/index.php\/wp-json\/wp\/v2\/posts\/73154\/revisions"}],"predecessor-version":[{"id":73156,"href":"https:\/\/sindaopcpb.org.br\/index.php\/wp-json\/wp\/v2\/posts\/73154\/revisions\/73156"}],"wp:attachment":[{"href":"https:\/\/sindaopcpb.org.br\/index.php\/wp-json\/wp\/v2\/media?parent=73154"}],"wp:term":[{"taxonomy":"category","embeddable":true,"href":"https:\/\/sindaopcpb.org.br\/index.php\/wp-json\/wp\/v2\/categories?post=73154"},{"taxonomy":"post_tag","embeddable":true,"href":"https:\/\/sindaopcpb.org.br\/index.php\/wp-json\/wp\/v2\/tags?post=73154"}],"curies":[{"name":"wp","href":"https:\/\/api.w.org\/{rel}","templated":true}]}}