{"id":73153,"date":"2026-09-04T09:18:29","date_gmt":"2026-09-04T12:18:29","guid":{"rendered":"https:\/\/g1.globo.com\/pb\/paraiba\/eleicoes\/2026\/noticia\/2026\/09\/04\/major-fabio-candidato-ao-senado-pela-paraiba-defende-fim-da-escala-6x1-e-enxugamento-estado.ghtml"},"modified":"2026-09-04T09:18:29","modified_gmt":"2026-09-04T12:18:29","slug":"major-fabio-candidato-ao-senado-pela-paraiba-defende-fim-da-escala-6x1-e-enxugamento-do-estado-sem-torna-lo-ineficiente","status":"publish","type":"post","link":"https:\/\/sindaopcpb.org.br\/index.php\/2026\/09\/04\/major-fabio-candidato-ao-senado-pela-paraiba-defende-fim-da-escala-6x1-e-enxugamento-do-estado-sem-torna-lo-ineficiente\/","title":{"rendered":"Major F\u00e1bio, candidato ao Senado pela Para\u00edba, defende fim da escala 6&#215;1 e enxugamento do Estado sem torn\u00e1-lo ineficiente"},"content":{"rendered":"   <img src=\"https:\/\/s2-g1.glbimg.com\/A_EWEQMeUKxAZlAPSBEjpcNLc5A=\/i.s3.glbimg.com\/v1\/AUTH_59edd422c0c84a879bd37670ae4f538a\/internal_photos\/bs\/2026\/p\/p\/FmK65rTSSvUze2ihDtwQ\/major-fabio.jpg\" \/><br \/>     Major F\u00e1bio (Novo) em entrevista ao Bom Dia Para\u00edba\nReprodu\u00e7\u00e3o\/TV Cabo Branco\nO candidato ao Senado Federal pela Para\u00edba Major F\u00e1bio (Novo) afirmou, durante sabatina no programa Bom Dia Para\u00edba, da TV Cabo Branco, nesta sexta-feira (4), que \u00e9 a favor do fim da escala 6x1, diferente do posicionamento do seu partido. O candidato tamb\u00e9m defendeu um enxugamento do Estado, mas sem torn\u00e1-lo ineficiente. \n \u2705 Clique aqui para seguir o canal do g1 PB no WhatsApp\nAs sabatinas com os candidatos ao Senado v\u00e3o ser realizadas at\u00e9 o dia 8 de setembro, a partir das 8h. No dia 7 de setembro, feriado nacional, n\u00e3o haver\u00e1 entrevista. Veja abaixo o calend\u00e1rio de entrevistados. \n Ao ser questionado, o senador disse ser favor\u00e1vel \u00e0 PEC que prev\u00ea a redu\u00e7\u00e3o da jornada de trabalho, mas defendeu que o texto tamb\u00e9m indique de onde vir\u00e3o os recursos para garantir a manuten\u00e7\u00e3o dos sal\u00e1rios.\n\u201cEu sou a favor da PEC que vai diminuir a jornada de trabalho, mas tamb\u00e9m sou a favor de que o Estado possa dizer de onde vai sair o dinheiro para eles continuarem a ganhar o mesmo sal\u00e1rio. Acho que isso \u00e9 importante. Eu vou votar, mas a gente precisa realmente se debru\u00e7ar sobre essa quest\u00e3o\u201d, afirmou.\nMajor F\u00e1bio foi questionado sobre as chamadas \u201cpautas-bomba\u201d, que chegam ao Senado, que criam novas despesas ou reduzem receitas para os estados e munic\u00edpios. O candidato respondeu ser a favor do enxugamento do Estado, mas sem torn\u00e1-lo ineficiente, o que, segundo ele, \u00e9 poss\u00edvel com o fim da corrup\u00e7\u00e3\n\u201cO Partido Novo prega esse enxugamento do estado, mas nunca permitindo que esse enxugamento fa\u00e7a com que o estado n\u00e3o seja eficiente. O que faz o estado ser ineficiente \u00e9 exatamente a corrup\u00e7\u00e3o. A corrup\u00e7\u00e3o e a inefici\u00eancia, eu tenho dito, por onde eu passo, que eles andam de bra\u00e7os dados, e aqui na Para\u00edba a gente est\u00e1 vendo\u201d. \nLEIA TAMB\u00c9M: \nVeneziano, candidato ao Senado pela Para\u00edba, defende mudan\u00e7a da escala 6x1 e fala em transpar\u00eancia de emendas impositivas\nAndr\u00e9 Gadelha defende que mandatos de ministros do STF tenham prazo de validade e fala de nomea\u00e7\u00e3o do filho em gabinete de Veneziano\nJo\u00e3o Azev\u00eado, candidato ao Senado pela Para\u00edba, prop\u00f5e redistribui\u00e7\u00e3o de recursos do SUS e diz que Cagepa deve continuar p\u00fablica\nAfastamento de ministros e redu\u00e7\u00e3o da maioridade penal \nMajor F\u00e1bio foi questionado sobre ser favor\u00e1vel ao afastamento de ministros do Supremo Tribunal Federal (STF). Ele afirmou que, na avalia\u00e7\u00e3o dele, o ministro Alexandre de Moraes deveria ser afastado das fun\u00e7\u00f5es e classificou como graves as condutas atribu\u00eddas a ele.\n\u201cEu acho que Alexandre Moraes era para estar afastado. Qualquer um de n\u00f3s aqui, qualquer deslize talvez de voc\u00eas, voc\u00eas j\u00e1 estariam afastados aqui da empresa. Eu j\u00e1 estaria afastado da pol\u00edcia. Qualquer soldado, qualquer professor j\u00e1 estaria simplesmente afastado das suas fun\u00e7\u00f5es. Alexandre Moraes j\u00e1 deveria estar afastado das suas fun\u00e7\u00f5es, porque o que ele tem cometido foi grave\u201d, afirmou.\nO candidato tamb\u00e9m defendeu a redu\u00e7\u00e3o da maioridade penal. Ele disse que pretende apresentar uma proposta para que jovens de 16 anos possam responder como adultos quando cometerem crimes considerados de adultos, sob o argumento de que, nessa idade, j\u00e1 teriam capacidade para discernir entre o certo e o errado.\nCalend\u00e1rio de sabatinas\nAs entrevistas s\u00e3o  exibidas no Bom Dia Para\u00edba e ter\u00e3o dura\u00e7\u00e3o de 15 minutos. Elas ser\u00e3o conduzidas pelo colunista de pol\u00edtica da Rede Para\u00edba, Jo\u00e3o Paulo Medeiros.\nA ordem definida por sorteio ficou assim:\n31 de agosto \u2013 Veneziano Vital (MDB);\n1 de setembro \u2013 Nabor Wanderley (Republicanos);\n2 de setembro \u2013 Andr\u00e9 Gadelha (MDB);\n3 de setembro \u2013 Jo\u00e3o Azev\u00eado (PSB);\n4 de setembro \u2013 Major F\u00e1bio (Novo);\n8 de setembro \u2013 Marcelo Queiroga (PL).\nV\u00eddeos mais assistidos do g1 Para\u00edba  ","protected":false},"excerpt":{"rendered":"<p>        Major F\u00e1bio (Novo) em entrevista ao Bom Dia Para\u00edba<br \/>\nReprodu\u00e7\u00e3o\/TV Cabo Branco<br \/>\nO candidato ao Senado Federal pela Para\u00edba Major F\u00e1bio (Novo) afirmou, durante sabatina no programa Bom Dia Para\u00edba, da TV Cabo Branco, nesta sexta-feira (4), que \u00e9 a&#8230;<\/p>\n","protected":false},"author":2,"featured_media":0,"comment_status":"closed","ping_status":"closed","sticky":false,"template":"","format":"standard","meta":{"advgb_blocks_editor_width":"","advgb_blocks_columns_visual_guide":"","footnotes":""},"categories":[34],"tags":[35],"class_list":["post-73153","post","type-post","status-publish","format-standard","hentry","category-g1","tag-g1"],"author_meta":{"display_name":"g1 &gt; Para\u00edba","author_link":"https:\/\/sindaopcpb.org.br\/author\/g1-paraiba\/"},"featured_img":null,"coauthors":[],"tax_additional":{"categories":{"linked":["<a href=\"https:\/\/sindaopcpb.org.br\/g1\/\" class=\"advgb-post-tax-term\">G1<\/a>"],"unlinked":["<span class=\"advgb-post-tax-term\">G1<\/span>"]},"tags":{"linked":["<a href=\"https:\/\/sindaopcpb.org.br\/g1\/\" class=\"advgb-post-tax-term\">g1<\/a>"],"unlinked":["<span class=\"advgb-post-tax-term\">g1<\/span>"]}},"comment_count":"0","relative_dates":{"created":"Publicado 5 horas atr\u00e1s","modified":"Atualizado 5 horas atr\u00e1s"},"absolute_dates":{"created":"Publicado em 4 de setembro de 2026","modified":"Atualizado em 4 de setembro de 2026"},"absolute_dates_time":{"created":"Publicado em 4 de setembro de 2026 09:18","modified":"Atualizado em 4 de setembro de 2026 09:18"},"featured_img_caption":"","series_order":"","_links":{"self":[{"href":"https:\/\/sindaopcpb.org.br\/index.php\/wp-json\/wp\/v2\/posts\/73153","targetHints":{"allow":["GET"]}}],"collection":[{"href":"https:\/\/sindaopcpb.org.br\/index.php\/wp-json\/wp\/v2\/posts"}],"about":[{"href":"https:\/\/sindaopcpb.org.br\/index.php\/wp-json\/wp\/v2\/types\/post"}],"author":[{"embeddable":true,"href":"https:\/\/sindaopcpb.org.br\/index.php\/wp-json\/wp\/v2\/users\/2"}],"replies":[{"embeddable":true,"href":"https:\/\/sindaopcpb.org.br\/index.php\/wp-json\/wp\/v2\/comments?post=73153"}],"version-history":[{"count":2,"href":"https:\/\/sindaopcpb.org.br\/index.php\/wp-json\/wp\/v2\/posts\/73153\/revisions"}],"predecessor-version":[{"id":73158,"href":"https:\/\/sindaopcpb.org.br\/index.php\/wp-json\/wp\/v2\/posts\/73153\/revisions\/73158"}],"wp:attachment":[{"href":"https:\/\/sindaopcpb.org.br\/index.php\/wp-json\/wp\/v2\/media?parent=73153"}],"wp:term":[{"taxonomy":"category","embeddable":true,"href":"https:\/\/sindaopcpb.org.br\/index.php\/wp-json\/wp\/v2\/categories?post=73153"},{"taxonomy":"post_tag","embeddable":true,"href":"https:\/\/sindaopcpb.org.br\/index.php\/wp-json\/wp\/v2\/tags?post=73153"}],"curies":[{"name":"wp","href":"https:\/\/api.w.org\/{rel}","templated":true}]}}