{"id":73150,"date":"2026-09-04T07:31:42","date_gmt":"2026-09-04T10:31:42","guid":{"rendered":"https:\/\/g1.globo.com\/pb\/paraiba\/noticia\/2026\/09\/04\/homem-e-preso-suspeito-de-maus-tratos-contra-cachorro-em-queimadas.ghtml"},"modified":"2026-09-04T07:31:42","modified_gmt":"2026-09-04T10:31:42","slug":"homem-e-preso-suspeito-de-maus-tratos-contra-cachorro-em-queimadas","status":"publish","type":"post","link":"https:\/\/sindaopcpb.org.br\/index.php\/2026\/09\/04\/homem-e-preso-suspeito-de-maus-tratos-contra-cachorro-em-queimadas\/","title":{"rendered":"Homem \u00e9 preso, suspeito de maus-tratos contra cachorro em Queimadas"},"content":{"rendered":"   <img src=\"https:\/\/s2-g1.glbimg.com\/yGzURkB-VFFrezaB2jXcZa9sBNU=\/i.s3.glbimg.com\/v1\/AUTH_59edd422c0c84a879bd37670ae4f538a\/internal_photos\/bs\/2026\/h\/A\/PoXUiWSdWgoUVvKK7C9Q\/cachorro-maus-tratos.jpg\" \/><br \/>     Animal foi encontrado desnutrido, amarrado, sem \u00e1gua e sem comida\nReprodu\u00e7\u00e3o\/TV Para\u00edba\nUm homem foi preso em flagrante, nesta quinta-feira (3), suspeito de maus-tratos contra um cachorro na zona rural de Queimadas, no Agreste do estado.\nA a\u00e7\u00e3o ocorreu ap\u00f3s a pol\u00edcia receber uma den\u00fancia an\u00f4nima. A equipe se deslocou at\u00e9 uma localidade conhecida como S\u00edtio Capim de Planta para averiguar a situa\u00e7\u00e3o.\n\u2705 Clique aqui para seguir o canal do g1 PB no WhatsApp\nDe acordo com o delegado Arthur Andrade, os policiais encontraram o animal amarrado e em estado de magreza avan\u00e7ada. O cachorro estava debilitado, desnutrido e sem comida ou \u00e1gua pot\u00e1vel por perto.\nDiante da situa\u00e7\u00e3o, a equipe seguiu em dilig\u00eancia e conseguiu localizar o tutor do animal. O homem foi preso em flagrante e levado \u00e0 delegacia. Ele agora se encontra \u00e0 disposi\u00e7\u00e3o da Justi\u00e7a e aguarda audi\u00eancia de cust\u00f3dia.\nAgora no g1\nV\u00eddeos mais assistidos do g1 Para\u00edba  ","protected":false},"excerpt":{"rendered":"<p>        Animal foi encontrado desnutrido, amarrado, sem \u00e1gua e sem comida<br \/>\nReprodu\u00e7\u00e3o\/TV Para\u00edba<br \/>\nUm homem foi preso em flagrante, nesta quinta-feira (3), suspeito de maus-tratos contra um cachorro na zona rural de Queimadas, no Agreste do estado.<br \/>\nA a\u00e7\u00e3o&#8230;<\/p>\n","protected":false},"author":2,"featured_media":0,"comment_status":"closed","ping_status":"closed","sticky":false,"template":"","format":"standard","meta":{"advgb_blocks_editor_width":"","advgb_blocks_columns_visual_guide":"","footnotes":""},"categories":[34],"tags":[35],"class_list":["post-73150","post","type-post","status-publish","format-standard","hentry","category-g1","tag-g1"],"author_meta":{"display_name":"g1 &gt; Para\u00edba","author_link":"https:\/\/sindaopcpb.org.br\/author\/g1-paraiba\/"},"featured_img":null,"coauthors":[],"tax_additional":{"categories":{"linked":["<a href=\"https:\/\/sindaopcpb.org.br\/g1\/\" class=\"advgb-post-tax-term\">G1<\/a>"],"unlinked":["<span class=\"advgb-post-tax-term\">G1<\/span>"]},"tags":{"linked":["<a href=\"https:\/\/sindaopcpb.org.br\/g1\/\" class=\"advgb-post-tax-term\">g1<\/a>"],"unlinked":["<span class=\"advgb-post-tax-term\">g1<\/span>"]}},"comment_count":"0","relative_dates":{"created":"Publicado 5 horas atr\u00e1s","modified":"Atualizado 5 horas atr\u00e1s"},"absolute_dates":{"created":"Publicado em 4 de setembro de 2026","modified":"Atualizado em 4 de setembro de 2026"},"absolute_dates_time":{"created":"Publicado em 4 de setembro de 2026 07:31","modified":"Atualizado em 4 de setembro de 2026 07:31"},"featured_img_caption":"","series_order":"","_links":{"self":[{"href":"https:\/\/sindaopcpb.org.br\/index.php\/wp-json\/wp\/v2\/posts\/73150","targetHints":{"allow":["GET"]}}],"collection":[{"href":"https:\/\/sindaopcpb.org.br\/index.php\/wp-json\/wp\/v2\/posts"}],"about":[{"href":"https:\/\/sindaopcpb.org.br\/index.php\/wp-json\/wp\/v2\/types\/post"}],"author":[{"embeddable":true,"href":"https:\/\/sindaopcpb.org.br\/index.php\/wp-json\/wp\/v2\/users\/2"}],"replies":[{"embeddable":true,"href":"https:\/\/sindaopcpb.org.br\/index.php\/wp-json\/wp\/v2\/comments?post=73150"}],"version-history":[{"count":1,"href":"https:\/\/sindaopcpb.org.br\/index.php\/wp-json\/wp\/v2\/posts\/73150\/revisions"}],"predecessor-version":[{"id":73151,"href":"https:\/\/sindaopcpb.org.br\/index.php\/wp-json\/wp\/v2\/posts\/73150\/revisions\/73151"}],"wp:attachment":[{"href":"https:\/\/sindaopcpb.org.br\/index.php\/wp-json\/wp\/v2\/media?parent=73150"}],"wp:term":[{"taxonomy":"category","embeddable":true,"href":"https:\/\/sindaopcpb.org.br\/index.php\/wp-json\/wp\/v2\/categories?post=73150"},{"taxonomy":"post_tag","embeddable":true,"href":"https:\/\/sindaopcpb.org.br\/index.php\/wp-json\/wp\/v2\/tags?post=73150"}],"curies":[{"name":"wp","href":"https:\/\/api.w.org\/{rel}","templated":true}]}}